{"id":5574,"date":"2017-03-07T07:52:42","date_gmt":"2017-03-07T07:52:42","guid":{"rendered":"https:\/\/sitio2.utopiasl.eu\/2017\/03\/07\/els-ii-premis-revista-escuela-infantil-reconeixen-projecte-educatiu-clece\/"},"modified":"2024-10-01T08:20:20","modified_gmt":"2024-10-01T08:20:20","slug":"els-ii-premis-revista-escuela-infantil-reconeixen-projecte-educatiu-clece","status":"publish","type":"post","link":"https:\/\/clece.es\/ca\/2017\/03\/07\/els-ii-premis-revista-escuela-infantil-reconeixen-projecte-educatiu-clece\/","title":{"rendered":"ELS II PREMIS REVISTA ESCUELA INFANTIL RECONEIXEN EL PROJECTE EDUCATIU DE CLECE"},"content":{"rendered":"<ul>\n<li><strong>Clece va rebre quatre premis i una menci\u00f3 especial entre els 20 reconeixements concedits per la publicaci\u00f3 educativa<\/strong><\/li>\n<li><strong>Amb premis en quatre de les cinc categories: tres en la subcategoria de 0 a 3 anys i un en la subcategoria d\u2019Educaci\u00f3 de Necessitats Especials<\/strong><\/li>\n<\/ul>\n<p>La revista professional Escuela Infantil, del grup editorial Siena, ha reconegut el projecte educatiu de Clece en l\u2019\u00e0mbit d\u2019Escoles Infantils amb el lliurament de quatre guardons i una menci\u00f3 especial en la segona edici\u00f3 del Premi Revista Escuela Infantil.<\/p>\n<p>Les escoles infantils gestionades per Clece van aconseguir 19 projectes finalistes i cinc guanyadors, i va resultar premiada en quatre de les cinc categories tem\u00e0tiques: Lectoescriptura, Alimentaci\u00f3 Saludable, Psicomotricitat, Extraescolars i Medi ambient, subdividides en 0-3 (primer cicle d\u2019Educaci\u00f3 Infantil), 3-6 (segon cicle) i Necessitats Educatives Especials. M\u00e9s concretament, els guardons han recaigut en els equips educatius seg\u00fcents:<\/p>\n<p><strong>Escola Infantil \u00abLos Palitos\u00bb<\/strong>, de San Juan del Puerto, Huelva. Premi a Roc\u00edo Mazo, Mercedes de la Cinta Rodr\u00edguez, Joana Rodr\u00edguez i Carmen Toscano, en la categoria de Lectoescriptura, a l\u2019aula 0-3, pel projecte Menudos Poetas.<\/p>\n<p><strong>Escola Infantil \u00abLos Duendecillos\u00bb<\/strong>, de Pulp\u00ed, Almeria. Premi a Mercedes Losilla Garc\u00eda en la categoria d\u2019Alimentaci\u00f3 Saludable, a l\u2019aula 0-3, pel treball Nos divertimos desayunando sano.<\/p>\n<p><strong>Escola Infantil \u00abM\u00f3n Petit\u00bb<\/strong>, de Cavall de Cartr\u00f3, a Abrera, Barcelona. Premi a Paula Morales i Victoria S\u00e1nchez, en la categoria Extraescolars, a l\u2019aula 0-3, pel projecte Campanetes.<\/p>\n<p><strong>Escola Municipal \u00abSagrada Fam\u00edlia\u00bb<\/strong>, de Cavall de Cartr\u00f3, a Caldes d\u2019Estrac, Barcelona. Premi a Remei Monge i Montse Humanes en Necessitats Educatives Especials, per la proposta Coneixent els cucs de seda.<\/p>\n<p><strong>Escola Infantil \u00abSanipeques\u00bb<\/strong>, de Granadilla de Abona, Tenerife. Menci\u00f3 especial a l\u2019equip per aprofundir en el desenvolupament psicomotor de l\u2019infant, m\u00e9s enll\u00e0 de la motricitat, la coordinaci\u00f3 i les habilitats b\u00e0siques per enfortir altres \u00e0rees ling\u00fc\u00edstiques, emocionals, creatives i preceptives amb el seu projecte Sanipeques Pirata.<\/p>\n<p>El lliurament dels premis va tenir lloc el 23 de febrer a la seu de la Universitat per a la gent gran de la Fundaci\u00f3 Universit\u00e0ria San Pablo CEU de Madrid. Van ser un total de 20 els equips educatius premiats en representaci\u00f3 d\u2019escoles i centres vinguts de diferents punts de la geografia espanyola i cinc mencions especials.<\/p>\n<p>Totes les experi\u00e8ncies finalistes es publicaran a la revista Escuela Infantil. Els guanyadors de cada categoria, a m\u00e9s del diploma, van rebre xecs regal corresponents als patrocinadors de cada categoria i podran gaudir d\u2019un any gratis de subscripci\u00f3 a la revista.<\/p>\n<p>[URIS id=26709]<\/p>\n","protected":false},"excerpt":{"rendered":"<p>Clece va rebre quatre premis i una menci\u00f3 especial entre els 20 reconeixements concedits per la publicaci\u00f3 educativa Amb premis en quatre de les cinc categories: tres en la subcategoria de 0 a 3 anys i un en la subcategoria d\u2019Educaci\u00f3 de Necessitats Especials La revista professional Escuela Infantil, del grup editorial Siena, ha reconegut [&hellip;]<\/p>\n","protected":false},"author":2,"featured_media":0,"comment_status":"closed","ping_status":"closed","sticky":false,"template":"","format":"standard","meta":{"_acf_changed":false,"footnotes":""},"categories":[247],"tags":[],"class_list":["post-5574","post","type-post","status-publish","format-standard","hentry","category-noticies-comunicacion"],"acf":[],"yoast_head":"<!-- This site is optimized with the Yoast SEO plugin v27.4 - https:\/\/yoast.com\/product\/yoast-seo-wordpress\/ -->\n<title>ELS II PREMIS REVISTA ESCUELA INFANTIL RECONEIXEN EL PROJECTE EDUCATIU DE CLECE - Clece<\/title>\n<meta name=\"robots\" content=\"index, follow, max-snippet:-1, max-image-preview:large, max-video-preview:-1\" \/>\n<link rel=\"canonical\" href=\"https:\/\/clece.es\/ca\/2017\/03\/07\/els-ii-premis-revista-escuela-infantil-reconeixen-projecte-educatiu-clece\/\" \/>\n<meta property=\"og:locale\" content=\"ca_ES\" \/>\n<meta property=\"og:type\" content=\"article\" \/>\n<meta property=\"og:title\" content=\"ELS II PREMIS REVISTA ESCUELA INFANTIL RECONEIXEN EL PROJECTE EDUCATIU DE CLECE - Clece\" \/>\n<meta property=\"og:description\" content=\"Clece va rebre quatre premis i una menci\u00f3 especial entre els 20 reconeixements concedits per la publicaci\u00f3 educativa Amb premis en quatre de les cinc categories: tres en la subcategoria de 0 a 3 anys i un en la subcategoria d\u2019Educaci\u00f3 de Necessitats Especials La revista professional Escuela Infantil, del grup editorial Siena, ha reconegut [&hellip;]\" \/>\n<meta property=\"og:url\" content=\"https:\/\/clece.es\/ca\/2017\/03\/07\/els-ii-premis-revista-escuela-infantil-reconeixen-projecte-educatiu-clece\/\" \/>\n<meta property=\"og:site_name\" content=\"Clece\" \/>\n<meta property=\"article:publisher\" content=\"https:\/\/www.facebook.com\/CleceSociedadAnonima\/\" \/>\n<meta property=\"article:published_time\" content=\"2017-03-07T07:52:42+00:00\" \/>\n<meta property=\"article:modified_time\" content=\"2024-10-01T08:20:20+00:00\" \/>\n<meta name=\"author\" content=\"Manuel Quintana\" \/>\n<meta name=\"twitter:card\" content=\"summary_large_image\" \/>\n<meta name=\"twitter:creator\" content=\"@Clece_\" \/>\n<meta name=\"twitter:site\" content=\"@Clece_\" \/>\n<meta name=\"twitter:label1\" content=\"Escrit per\" \/>\n\t<meta name=\"twitter:data1\" content=\"Manuel Quintana\" \/>\n\t<meta name=\"twitter:label2\" content=\"Temps estimat de lectura\" \/>\n\t<meta name=\"twitter:data2\" content=\"2 minuts\" \/>\n<script type=\"application\/ld+json\" class=\"yoast-schema-graph\">{\"@context\":\"https:\\\/\\\/schema.org\",\"@graph\":[{\"@type\":\"Article\",\"@id\":\"https:\\\/\\\/clece.es\\\/ca\\\/2017\\\/03\\\/07\\\/els-ii-premis-revista-escuela-infantil-reconeixen-projecte-educatiu-clece\\\/#article\",\"isPartOf\":{\"@id\":\"https:\\\/\\\/clece.es\\\/ca\\\/2017\\\/03\\\/07\\\/els-ii-premis-revista-escuela-infantil-reconeixen-projecte-educatiu-clece\\\/\"},\"author\":{\"name\":\"Manuel Quintana\",\"@id\":\"https:\\\/\\\/clece.es\\\/es\\\/#\\\/schema\\\/person\\\/d2e0cbcc4c37c86ab7c1ee12dd9ca013\"},\"headline\":\"ELS II PREMIS REVISTA ESCUELA INFANTIL RECONEIXEN EL PROJECTE EDUCATIU DE CLECE\",\"datePublished\":\"2017-03-07T07:52:42+00:00\",\"dateModified\":\"2024-10-01T08:20:20+00:00\",\"mainEntityOfPage\":{\"@id\":\"https:\\\/\\\/clece.es\\\/ca\\\/2017\\\/03\\\/07\\\/els-ii-premis-revista-escuela-infantil-reconeixen-projecte-educatiu-clece\\\/\"},\"wordCount\":444,\"publisher\":{\"@id\":\"https:\\\/\\\/clece.es\\\/es\\\/#organization\"},\"articleSection\":[\"Not\u00edcies\"],\"inLanguage\":\"ca\"},{\"@type\":\"WebPage\",\"@id\":\"https:\\\/\\\/clece.es\\\/ca\\\/2017\\\/03\\\/07\\\/els-ii-premis-revista-escuela-infantil-reconeixen-projecte-educatiu-clece\\\/\",\"url\":\"https:\\\/\\\/clece.es\\\/ca\\\/2017\\\/03\\\/07\\\/els-ii-premis-revista-escuela-infantil-reconeixen-projecte-educatiu-clece\\\/\",\"name\":\"ELS II PREMIS REVISTA ESCUELA INFANTIL RECONEIXEN EL PROJECTE EDUCATIU DE CLECE - Clece\",\"isPartOf\":{\"@id\":\"https:\\\/\\\/clece.es\\\/es\\\/#website\"},\"datePublished\":\"2017-03-07T07:52:42+00:00\",\"dateModified\":\"2024-10-01T08:20:20+00:00\",\"breadcrumb\":{\"@id\":\"https:\\\/\\\/clece.es\\\/ca\\\/2017\\\/03\\\/07\\\/els-ii-premis-revista-escuela-infantil-reconeixen-projecte-educatiu-clece\\\/#breadcrumb\"},\"inLanguage\":\"ca\",\"potentialAction\":[{\"@type\":\"ReadAction\",\"target\":[\"https:\\\/\\\/clece.es\\\/ca\\\/2017\\\/03\\\/07\\\/els-ii-premis-revista-escuela-infantil-reconeixen-projecte-educatiu-clece\\\/\"]}]},{\"@type\":\"BreadcrumbList\",\"@id\":\"https:\\\/\\\/clece.es\\\/ca\\\/2017\\\/03\\\/07\\\/els-ii-premis-revista-escuela-infantil-reconeixen-projecte-educatiu-clece\\\/#breadcrumb\",\"itemListElement\":[{\"@type\":\"ListItem\",\"position\":1,\"name\":\"Portada\",\"item\":\"https:\\\/\\\/clece.es\\\/es\\\/\"},{\"@type\":\"ListItem\",\"position\":2,\"name\":\"ELS II PREMIS REVISTA ESCUELA INFANTIL RECONEIXEN EL PROJECTE EDUCATIU DE CLECE\"}]},{\"@type\":\"WebSite\",\"@id\":\"https:\\\/\\\/clece.es\\\/es\\\/#website\",\"url\":\"https:\\\/\\\/clece.es\\\/es\\\/\",\"name\":\"Clece\",\"description\":\"\",\"publisher\":{\"@id\":\"https:\\\/\\\/clece.es\\\/es\\\/#organization\"},\"potentialAction\":[{\"@type\":\"SearchAction\",\"target\":{\"@type\":\"EntryPoint\",\"urlTemplate\":\"https:\\\/\\\/clece.es\\\/es\\\/?s={search_term_string}\"},\"query-input\":{\"@type\":\"PropertyValueSpecification\",\"valueRequired\":true,\"valueName\":\"search_term_string\"}}],\"inLanguage\":\"ca\"},{\"@type\":\"Organization\",\"@id\":\"https:\\\/\\\/clece.es\\\/es\\\/#organization\",\"name\":\"Grupo Clece\",\"url\":\"https:\\\/\\\/clece.es\\\/es\\\/\",\"logo\":{\"@type\":\"ImageObject\",\"inLanguage\":\"ca\",\"@id\":\"https:\\\/\\\/clece.es\\\/es\\\/#\\\/schema\\\/logo\\\/image\\\/\",\"url\":\"https:\\\/\\\/sitio2.utopiasl.eu\\\/wp-content\\\/uploads\\\/2024\\\/10\\\/Logotipos_filiales_Clece_logotipo.png\",\"contentUrl\":\"https:\\\/\\\/sitio2.utopiasl.eu\\\/wp-content\\\/uploads\\\/2024\\\/10\\\/Logotipos_filiales_Clece_logotipo.png\",\"width\":5000,\"height\":5000,\"caption\":\"Grupo Clece\"},\"image\":{\"@id\":\"https:\\\/\\\/clece.es\\\/es\\\/#\\\/schema\\\/logo\\\/image\\\/\"},\"sameAs\":[\"https:\\\/\\\/www.facebook.com\\\/CleceSociedadAnonima\\\/\",\"https:\\\/\\\/x.com\\\/Clece_\",\"https:\\\/\\\/www.linkedin.com\\\/company\\\/clece-sa\\\/\"]},{\"@type\":\"Person\",\"@id\":\"https:\\\/\\\/clece.es\\\/es\\\/#\\\/schema\\\/person\\\/d2e0cbcc4c37c86ab7c1ee12dd9ca013\",\"name\":\"Manuel Quintana\",\"image\":{\"@type\":\"ImageObject\",\"inLanguage\":\"ca\",\"@id\":\"https:\\\/\\\/secure.gravatar.com\\\/avatar\\\/ef55aed519439bb51078cd519542b9e82b3317a78b489372d5725085de18c6c2?s=96&d=mm&r=g\",\"url\":\"https:\\\/\\\/secure.gravatar.com\\\/avatar\\\/ef55aed519439bb51078cd519542b9e82b3317a78b489372d5725085de18c6c2?s=96&d=mm&r=g\",\"contentUrl\":\"https:\\\/\\\/secure.gravatar.com\\\/avatar\\\/ef55aed519439bb51078cd519542b9e82b3317a78b489372d5725085de18c6c2?s=96&d=mm&r=g\",\"caption\":\"Manuel Quintana\"},\"url\":\"https:\\\/\\\/clece.es\\\/ca\\\/author\\\/manuelq\\\/\"}]}<\/script>\n<!-- \/ Yoast SEO plugin. -->","yoast_head_json":{"title":"ELS II PREMIS REVISTA ESCUELA INFANTIL RECONEIXEN EL PROJECTE EDUCATIU DE CLECE - Clece","robots":{"index":"index","follow":"follow","max-snippet":"max-snippet:-1","max-image-preview":"max-image-preview:large","max-video-preview":"max-video-preview:-1"},"canonical":"https:\/\/clece.es\/ca\/2017\/03\/07\/els-ii-premis-revista-escuela-infantil-reconeixen-projecte-educatiu-clece\/","og_locale":"ca_ES","og_type":"article","og_title":"ELS II PREMIS REVISTA ESCUELA INFANTIL RECONEIXEN EL PROJECTE EDUCATIU DE CLECE - Clece","og_description":"Clece va rebre quatre premis i una menci\u00f3 especial entre els 20 reconeixements concedits per la publicaci\u00f3 educativa Amb premis en quatre de les cinc categories: tres en la subcategoria de 0 a 3 anys i un en la subcategoria d\u2019Educaci\u00f3 de Necessitats Especials La revista professional Escuela Infantil, del grup editorial Siena, ha reconegut [&hellip;]","og_url":"https:\/\/clece.es\/ca\/2017\/03\/07\/els-ii-premis-revista-escuela-infantil-reconeixen-projecte-educatiu-clece\/","og_site_name":"Clece","article_publisher":"https:\/\/www.facebook.com\/CleceSociedadAnonima\/","article_published_time":"2017-03-07T07:52:42+00:00","article_modified_time":"2024-10-01T08:20:20+00:00","author":"Manuel Quintana","twitter_card":"summary_large_image","twitter_creator":"@Clece_","twitter_site":"@Clece_","twitter_misc":{"Escrit per":"Manuel Quintana","Temps estimat de lectura":"2 minuts"},"schema":{"@context":"https:\/\/schema.org","@graph":[{"@type":"Article","@id":"https:\/\/clece.es\/ca\/2017\/03\/07\/els-ii-premis-revista-escuela-infantil-reconeixen-projecte-educatiu-clece\/#article","isPartOf":{"@id":"https:\/\/clece.es\/ca\/2017\/03\/07\/els-ii-premis-revista-escuela-infantil-reconeixen-projecte-educatiu-clece\/"},"author":{"name":"Manuel Quintana","@id":"https:\/\/clece.es\/es\/#\/schema\/person\/d2e0cbcc4c37c86ab7c1ee12dd9ca013"},"headline":"ELS II PREMIS REVISTA ESCUELA INFANTIL RECONEIXEN EL PROJECTE EDUCATIU DE CLECE","datePublished":"2017-03-07T07:52:42+00:00","dateModified":"2024-10-01T08:20:20+00:00","mainEntityOfPage":{"@id":"https:\/\/clece.es\/ca\/2017\/03\/07\/els-ii-premis-revista-escuela-infantil-reconeixen-projecte-educatiu-clece\/"},"wordCount":444,"publisher":{"@id":"https:\/\/clece.es\/es\/#organization"},"articleSection":["Not\u00edcies"],"inLanguage":"ca"},{"@type":"WebPage","@id":"https:\/\/clece.es\/ca\/2017\/03\/07\/els-ii-premis-revista-escuela-infantil-reconeixen-projecte-educatiu-clece\/","url":"https:\/\/clece.es\/ca\/2017\/03\/07\/els-ii-premis-revista-escuela-infantil-reconeixen-projecte-educatiu-clece\/","name":"ELS II PREMIS REVISTA ESCUELA INFANTIL RECONEIXEN EL PROJECTE EDUCATIU DE CLECE - Clece","isPartOf":{"@id":"https:\/\/clece.es\/es\/#website"},"datePublished":"2017-03-07T07:52:42+00:00","dateModified":"2024-10-01T08:20:20+00:00","breadcrumb":{"@id":"https:\/\/clece.es\/ca\/2017\/03\/07\/els-ii-premis-revista-escuela-infantil-reconeixen-projecte-educatiu-clece\/#breadcrumb"},"inLanguage":"ca","potentialAction":[{"@type":"ReadAction","target":["https:\/\/clece.es\/ca\/2017\/03\/07\/els-ii-premis-revista-escuela-infantil-reconeixen-projecte-educatiu-clece\/"]}]},{"@type":"BreadcrumbList","@id":"https:\/\/clece.es\/ca\/2017\/03\/07\/els-ii-premis-revista-escuela-infantil-reconeixen-projecte-educatiu-clece\/#breadcrumb","itemListElement":[{"@type":"ListItem","position":1,"name":"Portada","item":"https:\/\/clece.es\/es\/"},{"@type":"ListItem","position":2,"name":"ELS II PREMIS REVISTA ESCUELA INFANTIL RECONEIXEN EL PROJECTE EDUCATIU DE CLECE"}]},{"@type":"WebSite","@id":"https:\/\/clece.es\/es\/#website","url":"https:\/\/clece.es\/es\/","name":"Clece","description":"","publisher":{"@id":"https:\/\/clece.es\/es\/#organization"},"potentialAction":[{"@type":"SearchAction","target":{"@type":"EntryPoint","urlTemplate":"https:\/\/clece.es\/es\/?s={search_term_string}"},"query-input":{"@type":"PropertyValueSpecification","valueRequired":true,"valueName":"search_term_string"}}],"inLanguage":"ca"},{"@type":"Organization","@id":"https:\/\/clece.es\/es\/#organization","name":"Grupo Clece","url":"https:\/\/clece.es\/es\/","logo":{"@type":"ImageObject","inLanguage":"ca","@id":"https:\/\/clece.es\/es\/#\/schema\/logo\/image\/","url":"https:\/\/sitio2.utopiasl.eu\/wp-content\/uploads\/2024\/10\/Logotipos_filiales_Clece_logotipo.png","contentUrl":"https:\/\/sitio2.utopiasl.eu\/wp-content\/uploads\/2024\/10\/Logotipos_filiales_Clece_logotipo.png","width":5000,"height":5000,"caption":"Grupo Clece"},"image":{"@id":"https:\/\/clece.es\/es\/#\/schema\/logo\/image\/"},"sameAs":["https:\/\/www.facebook.com\/CleceSociedadAnonima\/","https:\/\/x.com\/Clece_","https:\/\/www.linkedin.com\/company\/clece-sa\/"]},{"@type":"Person","@id":"https:\/\/clece.es\/es\/#\/schema\/person\/d2e0cbcc4c37c86ab7c1ee12dd9ca013","name":"Manuel Quintana","image":{"@type":"ImageObject","inLanguage":"ca","@id":"https:\/\/secure.gravatar.com\/avatar\/ef55aed519439bb51078cd519542b9e82b3317a78b489372d5725085de18c6c2?s=96&d=mm&r=g","url":"https:\/\/secure.gravatar.com\/avatar\/ef55aed519439bb51078cd519542b9e82b3317a78b489372d5725085de18c6c2?s=96&d=mm&r=g","contentUrl":"https:\/\/secure.gravatar.com\/avatar\/ef55aed519439bb51078cd519542b9e82b3317a78b489372d5725085de18c6c2?s=96&d=mm&r=g","caption":"Manuel Quintana"},"url":"https:\/\/clece.es\/ca\/author\/manuelq\/"}]}},"_links":{"self":[{"href":"https:\/\/clece.es\/ca\/wp-json\/wp\/v2\/posts\/5574","targetHints":{"allow":["GET"]}}],"collection":[{"href":"https:\/\/clece.es\/ca\/wp-json\/wp\/v2\/posts"}],"about":[{"href":"https:\/\/clece.es\/ca\/wp-json\/wp\/v2\/types\/post"}],"author":[{"embeddable":true,"href":"https:\/\/clece.es\/ca\/wp-json\/wp\/v2\/users\/2"}],"replies":[{"embeddable":true,"href":"https:\/\/clece.es\/ca\/wp-json\/wp\/v2\/comments?post=5574"}],"version-history":[{"count":1,"href":"https:\/\/clece.es\/ca\/wp-json\/wp\/v2\/posts\/5574\/revisions"}],"predecessor-version":[{"id":5575,"href":"https:\/\/clece.es\/ca\/wp-json\/wp\/v2\/posts\/5574\/revisions\/5575"}],"wp:attachment":[{"href":"https:\/\/clece.es\/ca\/wp-json\/wp\/v2\/media?parent=5574"}],"wp:term":[{"taxonomy":"category","embeddable":true,"href":"https:\/\/clece.es\/ca\/wp-json\/wp\/v2\/categories?post=5574"},{"taxonomy":"post_tag","embeddable":true,"href":"https:\/\/clece.es\/ca\/wp-json\/wp\/v2\/tags?post=5574"}],"curies":[{"name":"wp","href":"https:\/\/api.w.org\/{rel}","templated":true}]}}