{"id":5604,"date":"2017-12-28T12:20:43","date_gmt":"2017-12-28T12:20:43","guid":{"rendered":"https:\/\/sitio2.utopiasl.eu\/2017\/12\/28\/centre-alzheimer-fundacio-reina-sofia-reconegut-amb-la-prestigiosa-acreditacio-joint-commission-international\/"},"modified":"2024-10-01T08:20:22","modified_gmt":"2024-10-01T08:20:22","slug":"centre-alzheimer-fundacio-reina-sofia-reconegut-amb-la-prestigiosa-acreditacio-joint-commission-international","status":"publish","type":"post","link":"https:\/\/clece.es\/ca\/2017\/12\/28\/centre-alzheimer-fundacio-reina-sofia-reconegut-amb-la-prestigiosa-acreditacio-joint-commission-international\/","title":{"rendered":"El Centre Alzheimer Fundaci\u00f3 Reina Sofia, reconegut amb la prestigiosa acreditaci\u00f3 de Joint Commission International"},"content":{"rendered":"<ul>\n<li><strong>\u00c9s el primer Centre d\u2019Atenci\u00f3 de llarga estada a Espanya centrat en la malaltia de l\u2019Alzheimer que compta amb aquesta distinci\u00f3, considerada l\u2019est\u00e0ndard d\u2019or en l\u2019atenci\u00f3 global<\/strong><\/li>\n<li><strong>Nom\u00e9s hi ha 33 centres m\u00e9s al pa\u00eds amb aquesta acreditaci\u00f3 internacional, entre els quals hi ha hospitals, centres d\u2019atenci\u00f3 prim\u00e0ria i ambulatoris\u00a0<\/strong><\/li>\n<\/ul>\n<p>&nbsp;<\/p>\n<p>El <strong>Centre Alzheimer Fundaci\u00f3 Reina Sofia<\/strong> ha estat reconegut amb la prestigiosa acreditaci\u00f3 de <strong>Joint Commission International<\/strong>, per la qualitat i seguretat en la seva gesti\u00f3 i els seus serveis d\u2019atenci\u00f3 a l\u2019usuari, amb un <strong>compliment del 97% en els est\u00e0ndards<\/strong>.<\/p>\n<p>Aquesta resid\u00e8ncia p\u00fablica de la Comunitat de Madrid, gestionada per Clece Servicios Sociales, \u00e9s una de les tres resid\u00e8ncies assistencials a Espanya d\u2019atenci\u00f3 a llarg termini i el primer centre dedicat a la malaltia de l\u2019Alzheimer que compta amb aquesta distinci\u00f3, considerada l\u2019est\u00e0ndard d\u2019or en l\u2019atenci\u00f3 global. A Espanya nom\u00e9s hi ha 33 centres m\u00e9s amb aquesta acreditaci\u00f3, entre els quals hi ha hospitals, centres d\u2019atenci\u00f3 prim\u00e0ria i centres ambulatoris. D\u2019aquests, 5 organitzacions es troben a la Comunitat de Madrid, entre hospitals i centres d\u2019atenci\u00f3 ambulat\u00f2ria, a m\u00e9s del Centre Alzheimer Fundaci\u00f3 Reina Sofia, que \u00e9s l\u2019\u00fanic de gesti\u00f3 p\u00fablica.<\/p>\n<p>Joint Commission International \u00e9s l\u2019organitzaci\u00f3 encarregada de mesurar, identificar i compartir les millors pr\u00e0ctiques a tot el m\u00f3n relacionades amb la qualitat assistencial i la seguretat dels pacients. Els seus experts, amb pres\u00e8ncia en 90 pa\u00efsos, treballen amb hospitals i altres organitzacions sanit\u00e0ries i assistencials de tot el m\u00f3n per aconseguir el millor acompliment en l\u2019atenci\u00f3 als pacients i en l\u2019assist\u00e8ncia.<\/p>\n<p>\u00ab<em>Estem molt orgullosos d\u2019haver estat reconeguts amb aquesta acreditaci\u00f3 que posa de manifest p\u00fablicament que el centre compleix els requisits m\u00e9s exigents en mat\u00e8ria de qualitat i que posa en relleu la feina di\u00e0ria que fem per oferir un servei assistencial centrat en la persona al llarg de tot el proc\u00e9s, des de la seva arribada a l\u2019organitzaci\u00f3 fins al moment de la seva baixa<\/em>\u00bb, comenta Cristina Rodr\u00edguez Fern\u00e1ndez, directora gerent del Centre Alzheimer Fundaci\u00f3 Reina Sofia.<\/p>\n<p>Aquest certificat avalua tots els aspectes de la gesti\u00f3, orientant totes les fases cap a l\u2019efici\u00e8ncia i a les millors pr\u00e0ctiques, tot fomentant una cultura de seguretat de l\u2019usuari, per reduir riscos en els processos cl\u00ednics i assistencials. Avalua 239 est\u00e0ndards i 914 elements de mesura, distribu\u00efts en els est\u00e0ndards centrats en el resident i en l\u2019organitzaci\u00f3 sanit\u00e0ria. A m\u00e9s, representa un projecte com\u00fa de millora per a directius i professionals amb un enfocament assistencial centrat en l\u2019usuari.<\/p>\n<p><strong>Centre de refer\u00e8ncia en Alzheimer<\/strong><\/p>\n<p>El Centre Alzheimer Fundaci\u00f3 Reina Sofia, que aquest any ha complert el seu des\u00e8 aniversari, \u00e9s un complex assistencial de refer\u00e8ncia en Alzheimer pel qual han passat m\u00e9s de 650 malalts entre la resid\u00e8ncia i el centre de dia, des de la seva inauguraci\u00f3 el 8 de mar\u00e7 del 2007. En aquest centre s\u2019afronta simult\u00e0niament la malaltia des de tres angles complementaris: recerca, formaci\u00f3 i servei assistencial per a malalts.<\/p>\n<p>Un dels aspectes m\u00e9s destacats del Centre Alzheimer Fundaci\u00f3 Reina Sofia \u00e9s la conviv\u00e8ncia en un mateix espai de tres \u00e0rees fonamentals de treball en la malaltia d\u2019Alzheimer: una Unitat de Recerca que \u00e9s la Fundaci\u00f3 CENT (Centre de Recerca de Malalties Neurol\u00f2giques) gestionada a trav\u00e9s de l\u2019Institut de Salut Carlos III. Ministeri d\u2019Economia i Competitivitat; un Centre de Formaci\u00f3 especialitzat en dem\u00e8ncies, i un Centre Assistencial format per una resid\u00e8ncia d\u2019estada permanent per a 156 persones i un centre de dia per a 40 persones i 20 places d\u2019alleujament familiar, gestionats per la Conselleria de Pol\u00edtiques Socials i Fam\u00edlia, a trav\u00e9s de l\u2019empresa Clece Servicios Sociales.<\/p>\n","protected":false},"excerpt":{"rendered":"<p>\u00c9s el primer Centre d\u2019Atenci\u00f3 de llarga estada a Espanya centrat en la malaltia de l\u2019Alzheimer que compta amb aquesta distinci\u00f3, considerada l\u2019est\u00e0ndard d\u2019or en l\u2019atenci\u00f3 global Nom\u00e9s hi ha 33 centres m\u00e9s al pa\u00eds amb aquesta acreditaci\u00f3 internacional, entre els quals hi ha hospitals, centres d\u2019atenci\u00f3 prim\u00e0ria i ambulatoris\u00a0 &nbsp; El Centre Alzheimer Fundaci\u00f3 [&hellip;]<\/p>\n","protected":false},"author":2,"featured_media":0,"comment_status":"closed","ping_status":"closed","sticky":false,"template":"","format":"standard","meta":{"_acf_changed":false,"footnotes":""},"categories":[247],"tags":[],"class_list":["post-5604","post","type-post","status-publish","format-standard","hentry","category-noticies-comunicacion"],"acf":[],"yoast_head":"<!-- This site is optimized with the Yoast SEO plugin v27.4 - https:\/\/yoast.com\/product\/yoast-seo-wordpress\/ -->\n<title>El Centre Alzheimer Fundaci\u00f3 Reina Sofia, reconegut amb la prestigiosa acreditaci\u00f3 de Joint Commission International - Clece<\/title>\n<meta name=\"robots\" content=\"index, follow, max-snippet:-1, max-image-preview:large, max-video-preview:-1\" \/>\n<link rel=\"canonical\" href=\"https:\/\/clece.es\/ca\/2017\/12\/28\/centre-alzheimer-fundacio-reina-sofia-reconegut-amb-la-prestigiosa-acreditacio-joint-commission-international\/\" \/>\n<meta property=\"og:locale\" content=\"ca_ES\" \/>\n<meta property=\"og:type\" content=\"article\" \/>\n<meta property=\"og:title\" content=\"El Centre Alzheimer Fundaci\u00f3 Reina Sofia, reconegut amb la prestigiosa acreditaci\u00f3 de Joint Commission International - Clece\" \/>\n<meta property=\"og:description\" content=\"\u00c9s el primer Centre d\u2019Atenci\u00f3 de llarga estada a Espanya centrat en la malaltia de l\u2019Alzheimer que compta amb aquesta distinci\u00f3, considerada l\u2019est\u00e0ndard d\u2019or en l\u2019atenci\u00f3 global Nom\u00e9s hi ha 33 centres m\u00e9s al pa\u00eds amb aquesta acreditaci\u00f3 internacional, entre els quals hi ha hospitals, centres d\u2019atenci\u00f3 prim\u00e0ria i ambulatoris\u00a0 &nbsp; El Centre Alzheimer Fundaci\u00f3 [&hellip;]\" \/>\n<meta property=\"og:url\" content=\"https:\/\/clece.es\/ca\/2017\/12\/28\/centre-alzheimer-fundacio-reina-sofia-reconegut-amb-la-prestigiosa-acreditacio-joint-commission-international\/\" \/>\n<meta property=\"og:site_name\" content=\"Clece\" \/>\n<meta property=\"article:publisher\" content=\"https:\/\/www.facebook.com\/CleceSociedadAnonima\/\" \/>\n<meta property=\"article:published_time\" content=\"2017-12-28T12:20:43+00:00\" \/>\n<meta property=\"article:modified_time\" content=\"2024-10-01T08:20:22+00:00\" \/>\n<meta name=\"author\" content=\"Manuel Quintana\" \/>\n<meta name=\"twitter:card\" content=\"summary_large_image\" \/>\n<meta name=\"twitter:creator\" content=\"@Clece_\" \/>\n<meta name=\"twitter:site\" content=\"@Clece_\" \/>\n<meta name=\"twitter:label1\" content=\"Escrit per\" \/>\n\t<meta name=\"twitter:data1\" content=\"Manuel Quintana\" \/>\n\t<meta name=\"twitter:label2\" content=\"Temps estimat de lectura\" \/>\n\t<meta name=\"twitter:data2\" content=\"3 minuts\" \/>\n<script type=\"application\/ld+json\" class=\"yoast-schema-graph\">{\"@context\":\"https:\\\/\\\/schema.org\",\"@graph\":[{\"@type\":\"Article\",\"@id\":\"https:\\\/\\\/clece.es\\\/ca\\\/2017\\\/12\\\/28\\\/centre-alzheimer-fundacio-reina-sofia-reconegut-amb-la-prestigiosa-acreditacio-joint-commission-international\\\/#article\",\"isPartOf\":{\"@id\":\"https:\\\/\\\/clece.es\\\/ca\\\/2017\\\/12\\\/28\\\/centre-alzheimer-fundacio-reina-sofia-reconegut-amb-la-prestigiosa-acreditacio-joint-commission-international\\\/\"},\"author\":{\"name\":\"Manuel Quintana\",\"@id\":\"https:\\\/\\\/clece.es\\\/es\\\/#\\\/schema\\\/person\\\/d2e0cbcc4c37c86ab7c1ee12dd9ca013\"},\"headline\":\"El Centre Alzheimer Fundaci\u00f3 Reina Sofia, reconegut amb la prestigiosa acreditaci\u00f3 de Joint Commission International\",\"datePublished\":\"2017-12-28T12:20:43+00:00\",\"dateModified\":\"2024-10-01T08:20:22+00:00\",\"mainEntityOfPage\":{\"@id\":\"https:\\\/\\\/clece.es\\\/ca\\\/2017\\\/12\\\/28\\\/centre-alzheimer-fundacio-reina-sofia-reconegut-amb-la-prestigiosa-acreditacio-joint-commission-international\\\/\"},\"wordCount\":677,\"publisher\":{\"@id\":\"https:\\\/\\\/clece.es\\\/es\\\/#organization\"},\"articleSection\":[\"Not\u00edcies\"],\"inLanguage\":\"ca\"},{\"@type\":\"WebPage\",\"@id\":\"https:\\\/\\\/clece.es\\\/ca\\\/2017\\\/12\\\/28\\\/centre-alzheimer-fundacio-reina-sofia-reconegut-amb-la-prestigiosa-acreditacio-joint-commission-international\\\/\",\"url\":\"https:\\\/\\\/clece.es\\\/ca\\\/2017\\\/12\\\/28\\\/centre-alzheimer-fundacio-reina-sofia-reconegut-amb-la-prestigiosa-acreditacio-joint-commission-international\\\/\",\"name\":\"El Centre Alzheimer Fundaci\u00f3 Reina Sofia, reconegut amb la prestigiosa acreditaci\u00f3 de Joint Commission International - Clece\",\"isPartOf\":{\"@id\":\"https:\\\/\\\/clece.es\\\/es\\\/#website\"},\"datePublished\":\"2017-12-28T12:20:43+00:00\",\"dateModified\":\"2024-10-01T08:20:22+00:00\",\"breadcrumb\":{\"@id\":\"https:\\\/\\\/clece.es\\\/ca\\\/2017\\\/12\\\/28\\\/centre-alzheimer-fundacio-reina-sofia-reconegut-amb-la-prestigiosa-acreditacio-joint-commission-international\\\/#breadcrumb\"},\"inLanguage\":\"ca\",\"potentialAction\":[{\"@type\":\"ReadAction\",\"target\":[\"https:\\\/\\\/clece.es\\\/ca\\\/2017\\\/12\\\/28\\\/centre-alzheimer-fundacio-reina-sofia-reconegut-amb-la-prestigiosa-acreditacio-joint-commission-international\\\/\"]}]},{\"@type\":\"BreadcrumbList\",\"@id\":\"https:\\\/\\\/clece.es\\\/ca\\\/2017\\\/12\\\/28\\\/centre-alzheimer-fundacio-reina-sofia-reconegut-amb-la-prestigiosa-acreditacio-joint-commission-international\\\/#breadcrumb\",\"itemListElement\":[{\"@type\":\"ListItem\",\"position\":1,\"name\":\"Portada\",\"item\":\"https:\\\/\\\/clece.es\\\/es\\\/\"},{\"@type\":\"ListItem\",\"position\":2,\"name\":\"El Centre Alzheimer Fundaci\u00f3 Reina Sofia, reconegut amb la prestigiosa acreditaci\u00f3 de Joint Commission International\"}]},{\"@type\":\"WebSite\",\"@id\":\"https:\\\/\\\/clece.es\\\/es\\\/#website\",\"url\":\"https:\\\/\\\/clece.es\\\/es\\\/\",\"name\":\"Clece\",\"description\":\"\",\"publisher\":{\"@id\":\"https:\\\/\\\/clece.es\\\/es\\\/#organization\"},\"potentialAction\":[{\"@type\":\"SearchAction\",\"target\":{\"@type\":\"EntryPoint\",\"urlTemplate\":\"https:\\\/\\\/clece.es\\\/es\\\/?s={search_term_string}\"},\"query-input\":{\"@type\":\"PropertyValueSpecification\",\"valueRequired\":true,\"valueName\":\"search_term_string\"}}],\"inLanguage\":\"ca\"},{\"@type\":\"Organization\",\"@id\":\"https:\\\/\\\/clece.es\\\/es\\\/#organization\",\"name\":\"Grupo Clece\",\"url\":\"https:\\\/\\\/clece.es\\\/es\\\/\",\"logo\":{\"@type\":\"ImageObject\",\"inLanguage\":\"ca\",\"@id\":\"https:\\\/\\\/clece.es\\\/es\\\/#\\\/schema\\\/logo\\\/image\\\/\",\"url\":\"https:\\\/\\\/sitio2.utopiasl.eu\\\/wp-content\\\/uploads\\\/2024\\\/10\\\/Logotipos_filiales_Clece_logotipo.png\",\"contentUrl\":\"https:\\\/\\\/sitio2.utopiasl.eu\\\/wp-content\\\/uploads\\\/2024\\\/10\\\/Logotipos_filiales_Clece_logotipo.png\",\"width\":5000,\"height\":5000,\"caption\":\"Grupo Clece\"},\"image\":{\"@id\":\"https:\\\/\\\/clece.es\\\/es\\\/#\\\/schema\\\/logo\\\/image\\\/\"},\"sameAs\":[\"https:\\\/\\\/www.facebook.com\\\/CleceSociedadAnonima\\\/\",\"https:\\\/\\\/x.com\\\/Clece_\",\"https:\\\/\\\/www.linkedin.com\\\/company\\\/clece-sa\\\/\"]},{\"@type\":\"Person\",\"@id\":\"https:\\\/\\\/clece.es\\\/es\\\/#\\\/schema\\\/person\\\/d2e0cbcc4c37c86ab7c1ee12dd9ca013\",\"name\":\"Manuel Quintana\",\"image\":{\"@type\":\"ImageObject\",\"inLanguage\":\"ca\",\"@id\":\"https:\\\/\\\/secure.gravatar.com\\\/avatar\\\/ef55aed519439bb51078cd519542b9e82b3317a78b489372d5725085de18c6c2?s=96&d=mm&r=g\",\"url\":\"https:\\\/\\\/secure.gravatar.com\\\/avatar\\\/ef55aed519439bb51078cd519542b9e82b3317a78b489372d5725085de18c6c2?s=96&d=mm&r=g\",\"contentUrl\":\"https:\\\/\\\/secure.gravatar.com\\\/avatar\\\/ef55aed519439bb51078cd519542b9e82b3317a78b489372d5725085de18c6c2?s=96&d=mm&r=g\",\"caption\":\"Manuel Quintana\"},\"url\":\"https:\\\/\\\/clece.es\\\/ca\\\/author\\\/manuelq\\\/\"}]}<\/script>\n<!-- \/ Yoast SEO plugin. -->","yoast_head_json":{"title":"El Centre Alzheimer Fundaci\u00f3 Reina Sofia, reconegut amb la prestigiosa acreditaci\u00f3 de Joint Commission International - Clece","robots":{"index":"index","follow":"follow","max-snippet":"max-snippet:-1","max-image-preview":"max-image-preview:large","max-video-preview":"max-video-preview:-1"},"canonical":"https:\/\/clece.es\/ca\/2017\/12\/28\/centre-alzheimer-fundacio-reina-sofia-reconegut-amb-la-prestigiosa-acreditacio-joint-commission-international\/","og_locale":"ca_ES","og_type":"article","og_title":"El Centre Alzheimer Fundaci\u00f3 Reina Sofia, reconegut amb la prestigiosa acreditaci\u00f3 de Joint Commission International - Clece","og_description":"\u00c9s el primer Centre d\u2019Atenci\u00f3 de llarga estada a Espanya centrat en la malaltia de l\u2019Alzheimer que compta amb aquesta distinci\u00f3, considerada l\u2019est\u00e0ndard d\u2019or en l\u2019atenci\u00f3 global Nom\u00e9s hi ha 33 centres m\u00e9s al pa\u00eds amb aquesta acreditaci\u00f3 internacional, entre els quals hi ha hospitals, centres d\u2019atenci\u00f3 prim\u00e0ria i ambulatoris\u00a0 &nbsp; El Centre Alzheimer Fundaci\u00f3 [&hellip;]","og_url":"https:\/\/clece.es\/ca\/2017\/12\/28\/centre-alzheimer-fundacio-reina-sofia-reconegut-amb-la-prestigiosa-acreditacio-joint-commission-international\/","og_site_name":"Clece","article_publisher":"https:\/\/www.facebook.com\/CleceSociedadAnonima\/","article_published_time":"2017-12-28T12:20:43+00:00","article_modified_time":"2024-10-01T08:20:22+00:00","author":"Manuel Quintana","twitter_card":"summary_large_image","twitter_creator":"@Clece_","twitter_site":"@Clece_","twitter_misc":{"Escrit per":"Manuel Quintana","Temps estimat de lectura":"3 minuts"},"schema":{"@context":"https:\/\/schema.org","@graph":[{"@type":"Article","@id":"https:\/\/clece.es\/ca\/2017\/12\/28\/centre-alzheimer-fundacio-reina-sofia-reconegut-amb-la-prestigiosa-acreditacio-joint-commission-international\/#article","isPartOf":{"@id":"https:\/\/clece.es\/ca\/2017\/12\/28\/centre-alzheimer-fundacio-reina-sofia-reconegut-amb-la-prestigiosa-acreditacio-joint-commission-international\/"},"author":{"name":"Manuel Quintana","@id":"https:\/\/clece.es\/es\/#\/schema\/person\/d2e0cbcc4c37c86ab7c1ee12dd9ca013"},"headline":"El Centre Alzheimer Fundaci\u00f3 Reina Sofia, reconegut amb la prestigiosa acreditaci\u00f3 de Joint Commission International","datePublished":"2017-12-28T12:20:43+00:00","dateModified":"2024-10-01T08:20:22+00:00","mainEntityOfPage":{"@id":"https:\/\/clece.es\/ca\/2017\/12\/28\/centre-alzheimer-fundacio-reina-sofia-reconegut-amb-la-prestigiosa-acreditacio-joint-commission-international\/"},"wordCount":677,"publisher":{"@id":"https:\/\/clece.es\/es\/#organization"},"articleSection":["Not\u00edcies"],"inLanguage":"ca"},{"@type":"WebPage","@id":"https:\/\/clece.es\/ca\/2017\/12\/28\/centre-alzheimer-fundacio-reina-sofia-reconegut-amb-la-prestigiosa-acreditacio-joint-commission-international\/","url":"https:\/\/clece.es\/ca\/2017\/12\/28\/centre-alzheimer-fundacio-reina-sofia-reconegut-amb-la-prestigiosa-acreditacio-joint-commission-international\/","name":"El Centre Alzheimer Fundaci\u00f3 Reina Sofia, reconegut amb la prestigiosa acreditaci\u00f3 de Joint Commission International - Clece","isPartOf":{"@id":"https:\/\/clece.es\/es\/#website"},"datePublished":"2017-12-28T12:20:43+00:00","dateModified":"2024-10-01T08:20:22+00:00","breadcrumb":{"@id":"https:\/\/clece.es\/ca\/2017\/12\/28\/centre-alzheimer-fundacio-reina-sofia-reconegut-amb-la-prestigiosa-acreditacio-joint-commission-international\/#breadcrumb"},"inLanguage":"ca","potentialAction":[{"@type":"ReadAction","target":["https:\/\/clece.es\/ca\/2017\/12\/28\/centre-alzheimer-fundacio-reina-sofia-reconegut-amb-la-prestigiosa-acreditacio-joint-commission-international\/"]}]},{"@type":"BreadcrumbList","@id":"https:\/\/clece.es\/ca\/2017\/12\/28\/centre-alzheimer-fundacio-reina-sofia-reconegut-amb-la-prestigiosa-acreditacio-joint-commission-international\/#breadcrumb","itemListElement":[{"@type":"ListItem","position":1,"name":"Portada","item":"https:\/\/clece.es\/es\/"},{"@type":"ListItem","position":2,"name":"El Centre Alzheimer Fundaci\u00f3 Reina Sofia, reconegut amb la prestigiosa acreditaci\u00f3 de Joint Commission International"}]},{"@type":"WebSite","@id":"https:\/\/clece.es\/es\/#website","url":"https:\/\/clece.es\/es\/","name":"Clece","description":"","publisher":{"@id":"https:\/\/clece.es\/es\/#organization"},"potentialAction":[{"@type":"SearchAction","target":{"@type":"EntryPoint","urlTemplate":"https:\/\/clece.es\/es\/?s={search_term_string}"},"query-input":{"@type":"PropertyValueSpecification","valueRequired":true,"valueName":"search_term_string"}}],"inLanguage":"ca"},{"@type":"Organization","@id":"https:\/\/clece.es\/es\/#organization","name":"Grupo Clece","url":"https:\/\/clece.es\/es\/","logo":{"@type":"ImageObject","inLanguage":"ca","@id":"https:\/\/clece.es\/es\/#\/schema\/logo\/image\/","url":"https:\/\/sitio2.utopiasl.eu\/wp-content\/uploads\/2024\/10\/Logotipos_filiales_Clece_logotipo.png","contentUrl":"https:\/\/sitio2.utopiasl.eu\/wp-content\/uploads\/2024\/10\/Logotipos_filiales_Clece_logotipo.png","width":5000,"height":5000,"caption":"Grupo Clece"},"image":{"@id":"https:\/\/clece.es\/es\/#\/schema\/logo\/image\/"},"sameAs":["https:\/\/www.facebook.com\/CleceSociedadAnonima\/","https:\/\/x.com\/Clece_","https:\/\/www.linkedin.com\/company\/clece-sa\/"]},{"@type":"Person","@id":"https:\/\/clece.es\/es\/#\/schema\/person\/d2e0cbcc4c37c86ab7c1ee12dd9ca013","name":"Manuel Quintana","image":{"@type":"ImageObject","inLanguage":"ca","@id":"https:\/\/secure.gravatar.com\/avatar\/ef55aed519439bb51078cd519542b9e82b3317a78b489372d5725085de18c6c2?s=96&d=mm&r=g","url":"https:\/\/secure.gravatar.com\/avatar\/ef55aed519439bb51078cd519542b9e82b3317a78b489372d5725085de18c6c2?s=96&d=mm&r=g","contentUrl":"https:\/\/secure.gravatar.com\/avatar\/ef55aed519439bb51078cd519542b9e82b3317a78b489372d5725085de18c6c2?s=96&d=mm&r=g","caption":"Manuel Quintana"},"url":"https:\/\/clece.es\/ca\/author\/manuelq\/"}]}},"_links":{"self":[{"href":"https:\/\/clece.es\/ca\/wp-json\/wp\/v2\/posts\/5604","targetHints":{"allow":["GET"]}}],"collection":[{"href":"https:\/\/clece.es\/ca\/wp-json\/wp\/v2\/posts"}],"about":[{"href":"https:\/\/clece.es\/ca\/wp-json\/wp\/v2\/types\/post"}],"author":[{"embeddable":true,"href":"https:\/\/clece.es\/ca\/wp-json\/wp\/v2\/users\/2"}],"replies":[{"embeddable":true,"href":"https:\/\/clece.es\/ca\/wp-json\/wp\/v2\/comments?post=5604"}],"version-history":[{"count":1,"href":"https:\/\/clece.es\/ca\/wp-json\/wp\/v2\/posts\/5604\/revisions"}],"predecessor-version":[{"id":5605,"href":"https:\/\/clece.es\/ca\/wp-json\/wp\/v2\/posts\/5604\/revisions\/5605"}],"wp:attachment":[{"href":"https:\/\/clece.es\/ca\/wp-json\/wp\/v2\/media?parent=5604"}],"wp:term":[{"taxonomy":"category","embeddable":true,"href":"https:\/\/clece.es\/ca\/wp-json\/wp\/v2\/categories?post=5604"},{"taxonomy":"post_tag","embeddable":true,"href":"https:\/\/clece.es\/ca\/wp-json\/wp\/v2\/tags?post=5604"}],"curies":[{"name":"wp","href":"https:\/\/api.w.org\/{rel}","templated":true}]}}