{"id":4844,"date":"2017-03-07T08:23:34","date_gmt":"2017-03-07T08:23:34","guid":{"rendered":"https:\/\/sitio2.utopiasl.eu\/2017\/03\/07\/__trashed\/"},"modified":"2024-10-01T08:17:33","modified_gmt":"2024-10-01T08:17:33","slug":"__trashed","status":"publish","type":"post","link":"https:\/\/clece.es\/en\/2017\/03\/07\/__trashed\/","title":{"rendered":"PROFESSIONAL MAGAZINE ESCUELA INFANTIL RECOGNISES THE CLECE EDUCATIONAL PROJECT IN YEAR II OF THE AWARDS"},"content":{"rendered":"<ul>\n<li><strong>Out of a total of 20 awards presented by the educational publication, Clece received four in addition to a special mention. <\/strong><\/li>\n<li><strong>Awards were given in four out of five categories: three in the 0 to 3 year-old sub-category, and one in the Special Educational Needs sub-category.<\/strong><\/li>\n<\/ul>\n<p>The professional magazine Escuela Infantil [Nursery School] which forms part of the Siena publishing group, chose Clece educational projects in the Nursery Schools category to receive four awards and a special mention in the second year of its Nursery School Awards.<\/p>\n<p>Nursery schools managed by Clece had 19 projects in the finals and five winners, receiving awards in four out of five of the categories: Reading and Writing, Healthy Eating, Psychomotricity, After-School Activities, and the Environment. These are sub-divided into 0-3 (nursery education first cycle), 3-6 (second cycle) and Special Educational Needs. Awards were presented to the following educational teams:<\/p>\n<p><strong>The Nursery School \u201cLos Palitos\u201d in San Juan del Puerto, Huelva<\/strong>. To Roc\u00edo Mazo, Mercedes de la Cinta Rodr\u00edguez, Joana Rodr\u00edguez and Carmen Toscano, in the Reading and Writing category, the 0-3 class, for their project Menudos Poetas [Tiny Poets].<\/p>\n<p><strong>The Nursery School \u201cLos Duendecillos\u201d in Pulp\u00ed, Almer\u00eda<\/strong>. To Mercedes Losilla Garc\u00eda, in the Healthy Eating category, the 0-3 class, for their work, Nos Divertimos Desayunando Sano [Let\u2019s Enjoy a Healthy Breakfast].<\/p>\n<p><strong>The Cavall de Cartr\u00f3 Nursery School \u201cMon Petit\u201d in Abrera, Barcelona<\/strong>. To Paula Morales and Victoria S\u00e1nchez, in the After School Activities category, the 0-3 class, for their Campanitas project.<\/p>\n<p><strong>The Cavall de Cartr\u00f3 Municipal School \u201cSagrada Familia\u201d in Caldes D\u2019Estrac\u201d, Barcelona<\/strong>. To Remei Monge and Montse Humanes, in the Special Educational Needs category, for their nomination, Conociendo los Gusanos de Seda [Getting to Know Silk Worms].<\/p>\n<p><strong>The \u201cSanipeques\u201d Nursery School of Granadilla de Abona, in Tenerife<\/strong>. A special mention for developing a deeper understanding of children&#8217;s psychomotor development, going beyond motricity, coordination and basic abilities in order to strengthen other areas &#8211; linguistic, emotional, creative and perceptive &#8211; through their project, Sanipeques Pirata.<\/p>\n<p>The awards were presented on 23rd February at the headquarters of the University for Mature Students of the San Pablo CEU University Foundation of Madrid. A total of 20 educational teams were presented with awards, representing schools and centres from different parts of Spain. Five received special mentions.<\/p>\n<p>The finalists\u2019 experiences will be published in the Escuela Infantil magazine. The winners in each category will receive cheques from the sponsors of each category in addition to their award certificate and will enjoy a year&#8217;s free subscription to the magazine.<\/p>\n<p>[URIS id=26709]<\/p>\n","protected":false},"excerpt":{"rendered":"<p>Out of a total of 20 awards presented by the educational publication, Clece received four in addition to a special mention. Awards were given in four out of five categories: three in the 0 to 3 year-old sub-category, and one in the Special Educational Needs sub-category. The professional magazine Escuela Infantil [Nursery School] which forms [&hellip;]<\/p>\n","protected":false},"author":2,"featured_media":0,"comment_status":"closed","ping_status":"closed","sticky":false,"template":"","format":"standard","meta":{"_acf_changed":false,"footnotes":""},"categories":[245],"tags":[],"class_list":["post-4844","post","type-post","status-publish","format-standard","hentry","category-news-comunicacion"],"acf":[],"yoast_head":"<!-- This site is optimized with the Yoast SEO plugin v27.4 - https:\/\/yoast.com\/product\/yoast-seo-wordpress\/ -->\n<title>PROFESSIONAL MAGAZINE ESCUELA INFANTIL RECOGNISES THE CLECE EDUCATIONAL PROJECT IN YEAR II OF THE AWARDS - Clece<\/title>\n<meta name=\"robots\" content=\"index, follow, max-snippet:-1, max-image-preview:large, max-video-preview:-1\" \/>\n<link rel=\"canonical\" href=\"https:\/\/clece.es\/en\/2017\/03\/07\/__trashed\/\" \/>\n<meta property=\"og:locale\" content=\"en_US\" \/>\n<meta property=\"og:type\" content=\"article\" \/>\n<meta property=\"og:title\" content=\"PROFESSIONAL MAGAZINE ESCUELA INFANTIL RECOGNISES THE CLECE EDUCATIONAL PROJECT IN YEAR II OF THE AWARDS - Clece\" \/>\n<meta property=\"og:description\" content=\"Out of a total of 20 awards presented by the educational publication, Clece received four in addition to a special mention. Awards were given in four out of five categories: three in the 0 to 3 year-old sub-category, and one in the Special Educational Needs sub-category. The professional magazine Escuela Infantil [Nursery School] which forms [&hellip;]\" \/>\n<meta property=\"og:url\" content=\"https:\/\/clece.es\/en\/2017\/03\/07\/__trashed\/\" \/>\n<meta property=\"og:site_name\" content=\"Clece\" \/>\n<meta property=\"article:publisher\" content=\"https:\/\/www.facebook.com\/CleceSociedadAnonima\/\" \/>\n<meta property=\"article:published_time\" content=\"2017-03-07T08:23:34+00:00\" \/>\n<meta property=\"article:modified_time\" content=\"2024-10-01T08:17:33+00:00\" \/>\n<meta name=\"author\" content=\"Manuel Quintana\" \/>\n<meta name=\"twitter:card\" content=\"summary_large_image\" \/>\n<meta name=\"twitter:creator\" content=\"@Clece_\" \/>\n<meta name=\"twitter:site\" content=\"@Clece_\" \/>\n<meta name=\"twitter:label1\" content=\"Written by\" \/>\n\t<meta name=\"twitter:data1\" content=\"Manuel Quintana\" \/>\n\t<meta name=\"twitter:label2\" content=\"Est. reading time\" \/>\n\t<meta name=\"twitter:data2\" content=\"2 minutes\" \/>\n<script type=\"application\/ld+json\" class=\"yoast-schema-graph\">{\"@context\":\"https:\\\/\\\/schema.org\",\"@graph\":[{\"@type\":\"Article\",\"@id\":\"https:\\\/\\\/clece.es\\\/en\\\/2017\\\/03\\\/07\\\/__trashed\\\/#article\",\"isPartOf\":{\"@id\":\"https:\\\/\\\/clece.es\\\/en\\\/2017\\\/03\\\/07\\\/__trashed\\\/\"},\"author\":{\"name\":\"Manuel Quintana\",\"@id\":\"https:\\\/\\\/clece.es\\\/es\\\/#\\\/schema\\\/person\\\/d2e0cbcc4c37c86ab7c1ee12dd9ca013\"},\"headline\":\"PROFESSIONAL MAGAZINE ESCUELA INFANTIL RECOGNISES THE CLECE EDUCATIONAL PROJECT IN YEAR II OF THE AWARDS\",\"datePublished\":\"2017-03-07T08:23:34+00:00\",\"dateModified\":\"2024-10-01T08:17:33+00:00\",\"mainEntityOfPage\":{\"@id\":\"https:\\\/\\\/clece.es\\\/en\\\/2017\\\/03\\\/07\\\/__trashed\\\/\"},\"wordCount\":443,\"publisher\":{\"@id\":\"https:\\\/\\\/clece.es\\\/es\\\/#organization\"},\"articleSection\":[\"News\"],\"inLanguage\":\"en-US\"},{\"@type\":\"WebPage\",\"@id\":\"https:\\\/\\\/clece.es\\\/en\\\/2017\\\/03\\\/07\\\/__trashed\\\/\",\"url\":\"https:\\\/\\\/clece.es\\\/en\\\/2017\\\/03\\\/07\\\/__trashed\\\/\",\"name\":\"PROFESSIONAL MAGAZINE ESCUELA INFANTIL RECOGNISES THE CLECE EDUCATIONAL PROJECT IN YEAR II OF THE AWARDS - Clece\",\"isPartOf\":{\"@id\":\"https:\\\/\\\/clece.es\\\/es\\\/#website\"},\"datePublished\":\"2017-03-07T08:23:34+00:00\",\"dateModified\":\"2024-10-01T08:17:33+00:00\",\"breadcrumb\":{\"@id\":\"https:\\\/\\\/clece.es\\\/en\\\/2017\\\/03\\\/07\\\/__trashed\\\/#breadcrumb\"},\"inLanguage\":\"en-US\",\"potentialAction\":[{\"@type\":\"ReadAction\",\"target\":[\"https:\\\/\\\/clece.es\\\/en\\\/2017\\\/03\\\/07\\\/__trashed\\\/\"]}]},{\"@type\":\"BreadcrumbList\",\"@id\":\"https:\\\/\\\/clece.es\\\/en\\\/2017\\\/03\\\/07\\\/__trashed\\\/#breadcrumb\",\"itemListElement\":[{\"@type\":\"ListItem\",\"position\":1,\"name\":\"Portada\",\"item\":\"https:\\\/\\\/clece.es\\\/es\\\/\"},{\"@type\":\"ListItem\",\"position\":2,\"name\":\"PROFESSIONAL MAGAZINE ESCUELA INFANTIL RECOGNISES THE CLECE EDUCATIONAL PROJECT IN YEAR II OF THE AWARDS\"}]},{\"@type\":\"WebSite\",\"@id\":\"https:\\\/\\\/clece.es\\\/es\\\/#website\",\"url\":\"https:\\\/\\\/clece.es\\\/es\\\/\",\"name\":\"Clece\",\"description\":\"\",\"publisher\":{\"@id\":\"https:\\\/\\\/clece.es\\\/es\\\/#organization\"},\"potentialAction\":[{\"@type\":\"SearchAction\",\"target\":{\"@type\":\"EntryPoint\",\"urlTemplate\":\"https:\\\/\\\/clece.es\\\/es\\\/?s={search_term_string}\"},\"query-input\":{\"@type\":\"PropertyValueSpecification\",\"valueRequired\":true,\"valueName\":\"search_term_string\"}}],\"inLanguage\":\"en-US\"},{\"@type\":\"Organization\",\"@id\":\"https:\\\/\\\/clece.es\\\/es\\\/#organization\",\"name\":\"Grupo Clece\",\"url\":\"https:\\\/\\\/clece.es\\\/es\\\/\",\"logo\":{\"@type\":\"ImageObject\",\"inLanguage\":\"en-US\",\"@id\":\"https:\\\/\\\/clece.es\\\/es\\\/#\\\/schema\\\/logo\\\/image\\\/\",\"url\":\"https:\\\/\\\/sitio2.utopiasl.eu\\\/wp-content\\\/uploads\\\/2024\\\/10\\\/Logotipos_filiales_Clece_logotipo.png\",\"contentUrl\":\"https:\\\/\\\/sitio2.utopiasl.eu\\\/wp-content\\\/uploads\\\/2024\\\/10\\\/Logotipos_filiales_Clece_logotipo.png\",\"width\":5000,\"height\":5000,\"caption\":\"Grupo Clece\"},\"image\":{\"@id\":\"https:\\\/\\\/clece.es\\\/es\\\/#\\\/schema\\\/logo\\\/image\\\/\"},\"sameAs\":[\"https:\\\/\\\/www.facebook.com\\\/CleceSociedadAnonima\\\/\",\"https:\\\/\\\/x.com\\\/Clece_\",\"https:\\\/\\\/www.linkedin.com\\\/company\\\/clece-sa\\\/\"]},{\"@type\":\"Person\",\"@id\":\"https:\\\/\\\/clece.es\\\/es\\\/#\\\/schema\\\/person\\\/d2e0cbcc4c37c86ab7c1ee12dd9ca013\",\"name\":\"Manuel Quintana\",\"image\":{\"@type\":\"ImageObject\",\"inLanguage\":\"en-US\",\"@id\":\"https:\\\/\\\/secure.gravatar.com\\\/avatar\\\/ef55aed519439bb51078cd519542b9e82b3317a78b489372d5725085de18c6c2?s=96&d=mm&r=g\",\"url\":\"https:\\\/\\\/secure.gravatar.com\\\/avatar\\\/ef55aed519439bb51078cd519542b9e82b3317a78b489372d5725085de18c6c2?s=96&d=mm&r=g\",\"contentUrl\":\"https:\\\/\\\/secure.gravatar.com\\\/avatar\\\/ef55aed519439bb51078cd519542b9e82b3317a78b489372d5725085de18c6c2?s=96&d=mm&r=g\",\"caption\":\"Manuel Quintana\"},\"url\":\"https:\\\/\\\/clece.es\\\/en\\\/author\\\/manuelq\\\/\"}]}<\/script>\n<!-- \/ Yoast SEO plugin. -->","yoast_head_json":{"title":"PROFESSIONAL MAGAZINE ESCUELA INFANTIL RECOGNISES THE CLECE EDUCATIONAL PROJECT IN YEAR II OF THE AWARDS - Clece","robots":{"index":"index","follow":"follow","max-snippet":"max-snippet:-1","max-image-preview":"max-image-preview:large","max-video-preview":"max-video-preview:-1"},"canonical":"https:\/\/clece.es\/en\/2017\/03\/07\/__trashed\/","og_locale":"en_US","og_type":"article","og_title":"PROFESSIONAL MAGAZINE ESCUELA INFANTIL RECOGNISES THE CLECE EDUCATIONAL PROJECT IN YEAR II OF THE AWARDS - Clece","og_description":"Out of a total of 20 awards presented by the educational publication, Clece received four in addition to a special mention. Awards were given in four out of five categories: three in the 0 to 3 year-old sub-category, and one in the Special Educational Needs sub-category. The professional magazine Escuela Infantil [Nursery School] which forms [&hellip;]","og_url":"https:\/\/clece.es\/en\/2017\/03\/07\/__trashed\/","og_site_name":"Clece","article_publisher":"https:\/\/www.facebook.com\/CleceSociedadAnonima\/","article_published_time":"2017-03-07T08:23:34+00:00","article_modified_time":"2024-10-01T08:17:33+00:00","author":"Manuel Quintana","twitter_card":"summary_large_image","twitter_creator":"@Clece_","twitter_site":"@Clece_","twitter_misc":{"Written by":"Manuel Quintana","Est. reading time":"2 minutes"},"schema":{"@context":"https:\/\/schema.org","@graph":[{"@type":"Article","@id":"https:\/\/clece.es\/en\/2017\/03\/07\/__trashed\/#article","isPartOf":{"@id":"https:\/\/clece.es\/en\/2017\/03\/07\/__trashed\/"},"author":{"name":"Manuel Quintana","@id":"https:\/\/clece.es\/es\/#\/schema\/person\/d2e0cbcc4c37c86ab7c1ee12dd9ca013"},"headline":"PROFESSIONAL MAGAZINE ESCUELA INFANTIL RECOGNISES THE CLECE EDUCATIONAL PROJECT IN YEAR II OF THE AWARDS","datePublished":"2017-03-07T08:23:34+00:00","dateModified":"2024-10-01T08:17:33+00:00","mainEntityOfPage":{"@id":"https:\/\/clece.es\/en\/2017\/03\/07\/__trashed\/"},"wordCount":443,"publisher":{"@id":"https:\/\/clece.es\/es\/#organization"},"articleSection":["News"],"inLanguage":"en-US"},{"@type":"WebPage","@id":"https:\/\/clece.es\/en\/2017\/03\/07\/__trashed\/","url":"https:\/\/clece.es\/en\/2017\/03\/07\/__trashed\/","name":"PROFESSIONAL MAGAZINE ESCUELA INFANTIL RECOGNISES THE CLECE EDUCATIONAL PROJECT IN YEAR II OF THE AWARDS - Clece","isPartOf":{"@id":"https:\/\/clece.es\/es\/#website"},"datePublished":"2017-03-07T08:23:34+00:00","dateModified":"2024-10-01T08:17:33+00:00","breadcrumb":{"@id":"https:\/\/clece.es\/en\/2017\/03\/07\/__trashed\/#breadcrumb"},"inLanguage":"en-US","potentialAction":[{"@type":"ReadAction","target":["https:\/\/clece.es\/en\/2017\/03\/07\/__trashed\/"]}]},{"@type":"BreadcrumbList","@id":"https:\/\/clece.es\/en\/2017\/03\/07\/__trashed\/#breadcrumb","itemListElement":[{"@type":"ListItem","position":1,"name":"Portada","item":"https:\/\/clece.es\/es\/"},{"@type":"ListItem","position":2,"name":"PROFESSIONAL MAGAZINE ESCUELA INFANTIL RECOGNISES THE CLECE EDUCATIONAL PROJECT IN YEAR II OF THE AWARDS"}]},{"@type":"WebSite","@id":"https:\/\/clece.es\/es\/#website","url":"https:\/\/clece.es\/es\/","name":"Clece","description":"","publisher":{"@id":"https:\/\/clece.es\/es\/#organization"},"potentialAction":[{"@type":"SearchAction","target":{"@type":"EntryPoint","urlTemplate":"https:\/\/clece.es\/es\/?s={search_term_string}"},"query-input":{"@type":"PropertyValueSpecification","valueRequired":true,"valueName":"search_term_string"}}],"inLanguage":"en-US"},{"@type":"Organization","@id":"https:\/\/clece.es\/es\/#organization","name":"Grupo Clece","url":"https:\/\/clece.es\/es\/","logo":{"@type":"ImageObject","inLanguage":"en-US","@id":"https:\/\/clece.es\/es\/#\/schema\/logo\/image\/","url":"https:\/\/sitio2.utopiasl.eu\/wp-content\/uploads\/2024\/10\/Logotipos_filiales_Clece_logotipo.png","contentUrl":"https:\/\/sitio2.utopiasl.eu\/wp-content\/uploads\/2024\/10\/Logotipos_filiales_Clece_logotipo.png","width":5000,"height":5000,"caption":"Grupo Clece"},"image":{"@id":"https:\/\/clece.es\/es\/#\/schema\/logo\/image\/"},"sameAs":["https:\/\/www.facebook.com\/CleceSociedadAnonima\/","https:\/\/x.com\/Clece_","https:\/\/www.linkedin.com\/company\/clece-sa\/"]},{"@type":"Person","@id":"https:\/\/clece.es\/es\/#\/schema\/person\/d2e0cbcc4c37c86ab7c1ee12dd9ca013","name":"Manuel Quintana","image":{"@type":"ImageObject","inLanguage":"en-US","@id":"https:\/\/secure.gravatar.com\/avatar\/ef55aed519439bb51078cd519542b9e82b3317a78b489372d5725085de18c6c2?s=96&d=mm&r=g","url":"https:\/\/secure.gravatar.com\/avatar\/ef55aed519439bb51078cd519542b9e82b3317a78b489372d5725085de18c6c2?s=96&d=mm&r=g","contentUrl":"https:\/\/secure.gravatar.com\/avatar\/ef55aed519439bb51078cd519542b9e82b3317a78b489372d5725085de18c6c2?s=96&d=mm&r=g","caption":"Manuel Quintana"},"url":"https:\/\/clece.es\/en\/author\/manuelq\/"}]}},"_links":{"self":[{"href":"https:\/\/clece.es\/en\/wp-json\/wp\/v2\/posts\/4844","targetHints":{"allow":["GET"]}}],"collection":[{"href":"https:\/\/clece.es\/en\/wp-json\/wp\/v2\/posts"}],"about":[{"href":"https:\/\/clece.es\/en\/wp-json\/wp\/v2\/types\/post"}],"author":[{"embeddable":true,"href":"https:\/\/clece.es\/en\/wp-json\/wp\/v2\/users\/2"}],"replies":[{"embeddable":true,"href":"https:\/\/clece.es\/en\/wp-json\/wp\/v2\/comments?post=4844"}],"version-history":[{"count":1,"href":"https:\/\/clece.es\/en\/wp-json\/wp\/v2\/posts\/4844\/revisions"}],"predecessor-version":[{"id":4845,"href":"https:\/\/clece.es\/en\/wp-json\/wp\/v2\/posts\/4844\/revisions\/4845"}],"wp:attachment":[{"href":"https:\/\/clece.es\/en\/wp-json\/wp\/v2\/media?parent=4844"}],"wp:term":[{"taxonomy":"category","embeddable":true,"href":"https:\/\/clece.es\/en\/wp-json\/wp\/v2\/categories?post=4844"},{"taxonomy":"post_tag","embeddable":true,"href":"https:\/\/clece.es\/en\/wp-json\/wp\/v2\/tags?post=4844"}],"curies":[{"name":"wp","href":"https:\/\/api.w.org\/{rel}","templated":true}]}}