{"id":4852,"date":"2017-06-01T10:32:46","date_gmt":"2017-06-01T10:32:46","guid":{"rendered":"https:\/\/sitio2.utopiasl.eu\/2017\/06\/01\/clece-and-ndavant-receive-the-labora-mark-from-barcelona-town-hall\/"},"modified":"2024-10-01T08:17:34","modified_gmt":"2024-10-01T08:17:34","slug":"clece-and-ndavant-receive-the-labora-mark-from-barcelona-town-hall","status":"publish","type":"post","link":"https:\/\/clece.es\/en\/2017\/06\/01\/clece-and-ndavant-receive-the-labora-mark-from-barcelona-town-hall\/","title":{"rendered":"CLECE AND NDAVANT RECEIVE THE &#8220;L\u00c0BORA&#8221; MARK FROM BARCELONA TOWN HALL"},"content":{"rendered":"<p><strong>On 15th May NDAVANT Multiserveis and Clece were presented with the &#8220;L\u00e0bora&#8221; Mark as recognition of their socially responsible activities. The Mark aims to promote equality of opportunity amongst citizens and to develop a more inclusive city. <\/strong><\/p>\n<p>Both companies have been part of the program since its inception. The Mark is promoted by Barcelona Town Hall through the Municipal Institute for Social Services. Laia Ortiz, the third Deputy Mayor and  Director of Social Services, awarded the mark in an institutional act which gathered together 100 companies and entities.  The presentation was also supported by Third Sector associations such as the Cruz Roja [Red Cross], Entitats Catalanes d&#8217;Acci\u00f3 Social [Catalan Social Action Entities] (ECAS) and the Federaci\u00f3n de Empesas de Inserci\u00f3n de Catalunya [Federation of Catalan Workplace Integration Companies] (FEICAT).<\/p>\n<p>The program seeks to encourage the employment of people who experience special difficulties in accessing the employment market by linking companies to a social responsibility project. In turn this allows them to form part of a city project which is working to support the workplace integration of vulnerable collectives.  The Deputy Major for Social Rights, Laia Ortiz, confirmed: &#8220;In collaboration with companies, we are consolidating our own workplace integration model with these entities, focusing on people at risk of social exclusion&#8221;.<\/p>\n","protected":false},"excerpt":{"rendered":"<p>On 15th May NDAVANT Multiserveis and Clece were presented with the &#8220;L\u00e0bora&#8221; Mark as recognition of their socially responsible activities. The Mark aims to promote equality of opportunity amongst citizens and to develop a more inclusive city. Both companies have been part of the program since its inception. The Mark is promoted by Barcelona Town [&hellip;]<\/p>\n","protected":false},"author":2,"featured_media":0,"comment_status":"closed","ping_status":"closed","sticky":false,"template":"","format":"standard","meta":{"_acf_changed":false,"footnotes":""},"categories":[245],"tags":[],"class_list":["post-4852","post","type-post","status-publish","format-standard","hentry","category-news-comunicacion"],"acf":[],"yoast_head":"<!-- This site is optimized with the Yoast SEO plugin v27.4 - https:\/\/yoast.com\/product\/yoast-seo-wordpress\/ -->\n<title>CLECE AND NDAVANT RECEIVE THE &quot;L\u00c0BORA&quot; MARK FROM BARCELONA TOWN HALL - Clece<\/title>\n<meta name=\"robots\" content=\"index, follow, max-snippet:-1, max-image-preview:large, max-video-preview:-1\" \/>\n<link rel=\"canonical\" href=\"https:\/\/clece.es\/en\/2017\/06\/01\/clece-and-ndavant-receive-the-labora-mark-from-barcelona-town-hall\/\" \/>\n<meta property=\"og:locale\" content=\"en_US\" \/>\n<meta property=\"og:type\" content=\"article\" \/>\n<meta property=\"og:title\" content=\"CLECE AND NDAVANT RECEIVE THE &quot;L\u00c0BORA&quot; MARK FROM BARCELONA TOWN HALL - Clece\" \/>\n<meta property=\"og:description\" content=\"On 15th May NDAVANT Multiserveis and Clece were presented with the &#8220;L\u00e0bora&#8221; Mark as recognition of their socially responsible activities. The Mark aims to promote equality of opportunity amongst citizens and to develop a more inclusive city. Both companies have been part of the program since its inception. The Mark is promoted by Barcelona Town [&hellip;]\" \/>\n<meta property=\"og:url\" content=\"https:\/\/clece.es\/en\/2017\/06\/01\/clece-and-ndavant-receive-the-labora-mark-from-barcelona-town-hall\/\" \/>\n<meta property=\"og:site_name\" content=\"Clece\" \/>\n<meta property=\"article:publisher\" content=\"https:\/\/www.facebook.com\/CleceSociedadAnonima\/\" \/>\n<meta property=\"article:published_time\" content=\"2017-06-01T10:32:46+00:00\" \/>\n<meta property=\"article:modified_time\" content=\"2024-10-01T08:17:34+00:00\" \/>\n<meta name=\"author\" content=\"Manuel Quintana\" \/>\n<meta name=\"twitter:card\" content=\"summary_large_image\" \/>\n<meta name=\"twitter:creator\" content=\"@Clece_\" \/>\n<meta name=\"twitter:site\" content=\"@Clece_\" \/>\n<meta name=\"twitter:label1\" content=\"Written by\" \/>\n\t<meta name=\"twitter:data1\" content=\"Manuel Quintana\" \/>\n\t<meta name=\"twitter:label2\" content=\"Est. reading time\" \/>\n\t<meta name=\"twitter:data2\" content=\"1 minute\" \/>\n<script type=\"application\/ld+json\" class=\"yoast-schema-graph\">{\"@context\":\"https:\\\/\\\/schema.org\",\"@graph\":[{\"@type\":\"Article\",\"@id\":\"https:\\\/\\\/clece.es\\\/en\\\/2017\\\/06\\\/01\\\/clece-and-ndavant-receive-the-labora-mark-from-barcelona-town-hall\\\/#article\",\"isPartOf\":{\"@id\":\"https:\\\/\\\/clece.es\\\/en\\\/2017\\\/06\\\/01\\\/clece-and-ndavant-receive-the-labora-mark-from-barcelona-town-hall\\\/\"},\"author\":{\"name\":\"Manuel Quintana\",\"@id\":\"https:\\\/\\\/clece.es\\\/es\\\/#\\\/schema\\\/person\\\/d2e0cbcc4c37c86ab7c1ee12dd9ca013\"},\"headline\":\"CLECE AND NDAVANT RECEIVE THE &#8220;L\u00c0BORA&#8221; MARK FROM BARCELONA TOWN HALL\",\"datePublished\":\"2017-06-01T10:32:46+00:00\",\"dateModified\":\"2024-10-01T08:17:34+00:00\",\"mainEntityOfPage\":{\"@id\":\"https:\\\/\\\/clece.es\\\/en\\\/2017\\\/06\\\/01\\\/clece-and-ndavant-receive-the-labora-mark-from-barcelona-town-hall\\\/\"},\"wordCount\":225,\"publisher\":{\"@id\":\"https:\\\/\\\/clece.es\\\/es\\\/#organization\"},\"articleSection\":[\"News\"],\"inLanguage\":\"en-US\"},{\"@type\":\"WebPage\",\"@id\":\"https:\\\/\\\/clece.es\\\/en\\\/2017\\\/06\\\/01\\\/clece-and-ndavant-receive-the-labora-mark-from-barcelona-town-hall\\\/\",\"url\":\"https:\\\/\\\/clece.es\\\/en\\\/2017\\\/06\\\/01\\\/clece-and-ndavant-receive-the-labora-mark-from-barcelona-town-hall\\\/\",\"name\":\"CLECE AND NDAVANT RECEIVE THE \\\"L\u00c0BORA\\\" MARK FROM BARCELONA TOWN HALL - Clece\",\"isPartOf\":{\"@id\":\"https:\\\/\\\/clece.es\\\/es\\\/#website\"},\"datePublished\":\"2017-06-01T10:32:46+00:00\",\"dateModified\":\"2024-10-01T08:17:34+00:00\",\"breadcrumb\":{\"@id\":\"https:\\\/\\\/clece.es\\\/en\\\/2017\\\/06\\\/01\\\/clece-and-ndavant-receive-the-labora-mark-from-barcelona-town-hall\\\/#breadcrumb\"},\"inLanguage\":\"en-US\",\"potentialAction\":[{\"@type\":\"ReadAction\",\"target\":[\"https:\\\/\\\/clece.es\\\/en\\\/2017\\\/06\\\/01\\\/clece-and-ndavant-receive-the-labora-mark-from-barcelona-town-hall\\\/\"]}]},{\"@type\":\"BreadcrumbList\",\"@id\":\"https:\\\/\\\/clece.es\\\/en\\\/2017\\\/06\\\/01\\\/clece-and-ndavant-receive-the-labora-mark-from-barcelona-town-hall\\\/#breadcrumb\",\"itemListElement\":[{\"@type\":\"ListItem\",\"position\":1,\"name\":\"Portada\",\"item\":\"https:\\\/\\\/clece.es\\\/es\\\/\"},{\"@type\":\"ListItem\",\"position\":2,\"name\":\"CLECE AND NDAVANT RECEIVE THE &#8220;L\u00c0BORA&#8221; MARK FROM BARCELONA TOWN HALL\"}]},{\"@type\":\"WebSite\",\"@id\":\"https:\\\/\\\/clece.es\\\/es\\\/#website\",\"url\":\"https:\\\/\\\/clece.es\\\/es\\\/\",\"name\":\"Clece\",\"description\":\"\",\"publisher\":{\"@id\":\"https:\\\/\\\/clece.es\\\/es\\\/#organization\"},\"potentialAction\":[{\"@type\":\"SearchAction\",\"target\":{\"@type\":\"EntryPoint\",\"urlTemplate\":\"https:\\\/\\\/clece.es\\\/es\\\/?s={search_term_string}\"},\"query-input\":{\"@type\":\"PropertyValueSpecification\",\"valueRequired\":true,\"valueName\":\"search_term_string\"}}],\"inLanguage\":\"en-US\"},{\"@type\":\"Organization\",\"@id\":\"https:\\\/\\\/clece.es\\\/es\\\/#organization\",\"name\":\"Grupo Clece\",\"url\":\"https:\\\/\\\/clece.es\\\/es\\\/\",\"logo\":{\"@type\":\"ImageObject\",\"inLanguage\":\"en-US\",\"@id\":\"https:\\\/\\\/clece.es\\\/es\\\/#\\\/schema\\\/logo\\\/image\\\/\",\"url\":\"https:\\\/\\\/sitio2.utopiasl.eu\\\/wp-content\\\/uploads\\\/2024\\\/10\\\/Logotipos_filiales_Clece_logotipo.png\",\"contentUrl\":\"https:\\\/\\\/sitio2.utopiasl.eu\\\/wp-content\\\/uploads\\\/2024\\\/10\\\/Logotipos_filiales_Clece_logotipo.png\",\"width\":5000,\"height\":5000,\"caption\":\"Grupo Clece\"},\"image\":{\"@id\":\"https:\\\/\\\/clece.es\\\/es\\\/#\\\/schema\\\/logo\\\/image\\\/\"},\"sameAs\":[\"https:\\\/\\\/www.facebook.com\\\/CleceSociedadAnonima\\\/\",\"https:\\\/\\\/x.com\\\/Clece_\",\"https:\\\/\\\/www.linkedin.com\\\/company\\\/clece-sa\\\/\"]},{\"@type\":\"Person\",\"@id\":\"https:\\\/\\\/clece.es\\\/es\\\/#\\\/schema\\\/person\\\/d2e0cbcc4c37c86ab7c1ee12dd9ca013\",\"name\":\"Manuel Quintana\",\"image\":{\"@type\":\"ImageObject\",\"inLanguage\":\"en-US\",\"@id\":\"https:\\\/\\\/secure.gravatar.com\\\/avatar\\\/ef55aed519439bb51078cd519542b9e82b3317a78b489372d5725085de18c6c2?s=96&d=mm&r=g\",\"url\":\"https:\\\/\\\/secure.gravatar.com\\\/avatar\\\/ef55aed519439bb51078cd519542b9e82b3317a78b489372d5725085de18c6c2?s=96&d=mm&r=g\",\"contentUrl\":\"https:\\\/\\\/secure.gravatar.com\\\/avatar\\\/ef55aed519439bb51078cd519542b9e82b3317a78b489372d5725085de18c6c2?s=96&d=mm&r=g\",\"caption\":\"Manuel Quintana\"},\"url\":\"https:\\\/\\\/clece.es\\\/en\\\/author\\\/manuelq\\\/\"}]}<\/script>\n<!-- \/ Yoast SEO plugin. -->","yoast_head_json":{"title":"CLECE AND NDAVANT RECEIVE THE \"L\u00c0BORA\" MARK FROM BARCELONA TOWN HALL - Clece","robots":{"index":"index","follow":"follow","max-snippet":"max-snippet:-1","max-image-preview":"max-image-preview:large","max-video-preview":"max-video-preview:-1"},"canonical":"https:\/\/clece.es\/en\/2017\/06\/01\/clece-and-ndavant-receive-the-labora-mark-from-barcelona-town-hall\/","og_locale":"en_US","og_type":"article","og_title":"CLECE AND NDAVANT RECEIVE THE \"L\u00c0BORA\" MARK FROM BARCELONA TOWN HALL - Clece","og_description":"On 15th May NDAVANT Multiserveis and Clece were presented with the &#8220;L\u00e0bora&#8221; Mark as recognition of their socially responsible activities. The Mark aims to promote equality of opportunity amongst citizens and to develop a more inclusive city. Both companies have been part of the program since its inception. The Mark is promoted by Barcelona Town [&hellip;]","og_url":"https:\/\/clece.es\/en\/2017\/06\/01\/clece-and-ndavant-receive-the-labora-mark-from-barcelona-town-hall\/","og_site_name":"Clece","article_publisher":"https:\/\/www.facebook.com\/CleceSociedadAnonima\/","article_published_time":"2017-06-01T10:32:46+00:00","article_modified_time":"2024-10-01T08:17:34+00:00","author":"Manuel Quintana","twitter_card":"summary_large_image","twitter_creator":"@Clece_","twitter_site":"@Clece_","twitter_misc":{"Written by":"Manuel Quintana","Est. reading time":"1 minute"},"schema":{"@context":"https:\/\/schema.org","@graph":[{"@type":"Article","@id":"https:\/\/clece.es\/en\/2017\/06\/01\/clece-and-ndavant-receive-the-labora-mark-from-barcelona-town-hall\/#article","isPartOf":{"@id":"https:\/\/clece.es\/en\/2017\/06\/01\/clece-and-ndavant-receive-the-labora-mark-from-barcelona-town-hall\/"},"author":{"name":"Manuel Quintana","@id":"https:\/\/clece.es\/es\/#\/schema\/person\/d2e0cbcc4c37c86ab7c1ee12dd9ca013"},"headline":"CLECE AND NDAVANT RECEIVE THE &#8220;L\u00c0BORA&#8221; MARK FROM BARCELONA TOWN HALL","datePublished":"2017-06-01T10:32:46+00:00","dateModified":"2024-10-01T08:17:34+00:00","mainEntityOfPage":{"@id":"https:\/\/clece.es\/en\/2017\/06\/01\/clece-and-ndavant-receive-the-labora-mark-from-barcelona-town-hall\/"},"wordCount":225,"publisher":{"@id":"https:\/\/clece.es\/es\/#organization"},"articleSection":["News"],"inLanguage":"en-US"},{"@type":"WebPage","@id":"https:\/\/clece.es\/en\/2017\/06\/01\/clece-and-ndavant-receive-the-labora-mark-from-barcelona-town-hall\/","url":"https:\/\/clece.es\/en\/2017\/06\/01\/clece-and-ndavant-receive-the-labora-mark-from-barcelona-town-hall\/","name":"CLECE AND NDAVANT RECEIVE THE \"L\u00c0BORA\" MARK FROM BARCELONA TOWN HALL - Clece","isPartOf":{"@id":"https:\/\/clece.es\/es\/#website"},"datePublished":"2017-06-01T10:32:46+00:00","dateModified":"2024-10-01T08:17:34+00:00","breadcrumb":{"@id":"https:\/\/clece.es\/en\/2017\/06\/01\/clece-and-ndavant-receive-the-labora-mark-from-barcelona-town-hall\/#breadcrumb"},"inLanguage":"en-US","potentialAction":[{"@type":"ReadAction","target":["https:\/\/clece.es\/en\/2017\/06\/01\/clece-and-ndavant-receive-the-labora-mark-from-barcelona-town-hall\/"]}]},{"@type":"BreadcrumbList","@id":"https:\/\/clece.es\/en\/2017\/06\/01\/clece-and-ndavant-receive-the-labora-mark-from-barcelona-town-hall\/#breadcrumb","itemListElement":[{"@type":"ListItem","position":1,"name":"Portada","item":"https:\/\/clece.es\/es\/"},{"@type":"ListItem","position":2,"name":"CLECE AND NDAVANT RECEIVE THE &#8220;L\u00c0BORA&#8221; MARK FROM BARCELONA TOWN HALL"}]},{"@type":"WebSite","@id":"https:\/\/clece.es\/es\/#website","url":"https:\/\/clece.es\/es\/","name":"Clece","description":"","publisher":{"@id":"https:\/\/clece.es\/es\/#organization"},"potentialAction":[{"@type":"SearchAction","target":{"@type":"EntryPoint","urlTemplate":"https:\/\/clece.es\/es\/?s={search_term_string}"},"query-input":{"@type":"PropertyValueSpecification","valueRequired":true,"valueName":"search_term_string"}}],"inLanguage":"en-US"},{"@type":"Organization","@id":"https:\/\/clece.es\/es\/#organization","name":"Grupo Clece","url":"https:\/\/clece.es\/es\/","logo":{"@type":"ImageObject","inLanguage":"en-US","@id":"https:\/\/clece.es\/es\/#\/schema\/logo\/image\/","url":"https:\/\/sitio2.utopiasl.eu\/wp-content\/uploads\/2024\/10\/Logotipos_filiales_Clece_logotipo.png","contentUrl":"https:\/\/sitio2.utopiasl.eu\/wp-content\/uploads\/2024\/10\/Logotipos_filiales_Clece_logotipo.png","width":5000,"height":5000,"caption":"Grupo Clece"},"image":{"@id":"https:\/\/clece.es\/es\/#\/schema\/logo\/image\/"},"sameAs":["https:\/\/www.facebook.com\/CleceSociedadAnonima\/","https:\/\/x.com\/Clece_","https:\/\/www.linkedin.com\/company\/clece-sa\/"]},{"@type":"Person","@id":"https:\/\/clece.es\/es\/#\/schema\/person\/d2e0cbcc4c37c86ab7c1ee12dd9ca013","name":"Manuel Quintana","image":{"@type":"ImageObject","inLanguage":"en-US","@id":"https:\/\/secure.gravatar.com\/avatar\/ef55aed519439bb51078cd519542b9e82b3317a78b489372d5725085de18c6c2?s=96&d=mm&r=g","url":"https:\/\/secure.gravatar.com\/avatar\/ef55aed519439bb51078cd519542b9e82b3317a78b489372d5725085de18c6c2?s=96&d=mm&r=g","contentUrl":"https:\/\/secure.gravatar.com\/avatar\/ef55aed519439bb51078cd519542b9e82b3317a78b489372d5725085de18c6c2?s=96&d=mm&r=g","caption":"Manuel Quintana"},"url":"https:\/\/clece.es\/en\/author\/manuelq\/"}]}},"_links":{"self":[{"href":"https:\/\/clece.es\/en\/wp-json\/wp\/v2\/posts\/4852","targetHints":{"allow":["GET"]}}],"collection":[{"href":"https:\/\/clece.es\/en\/wp-json\/wp\/v2\/posts"}],"about":[{"href":"https:\/\/clece.es\/en\/wp-json\/wp\/v2\/types\/post"}],"author":[{"embeddable":true,"href":"https:\/\/clece.es\/en\/wp-json\/wp\/v2\/users\/2"}],"replies":[{"embeddable":true,"href":"https:\/\/clece.es\/en\/wp-json\/wp\/v2\/comments?post=4852"}],"version-history":[{"count":1,"href":"https:\/\/clece.es\/en\/wp-json\/wp\/v2\/posts\/4852\/revisions"}],"predecessor-version":[{"id":4853,"href":"https:\/\/clece.es\/en\/wp-json\/wp\/v2\/posts\/4852\/revisions\/4853"}],"wp:attachment":[{"href":"https:\/\/clece.es\/en\/wp-json\/wp\/v2\/media?parent=4852"}],"wp:term":[{"taxonomy":"category","embeddable":true,"href":"https:\/\/clece.es\/en\/wp-json\/wp\/v2\/categories?post=4852"},{"taxonomy":"post_tag","embeddable":true,"href":"https:\/\/clece.es\/en\/wp-json\/wp\/v2\/tags?post=4852"}],"curies":[{"name":"wp","href":"https:\/\/api.w.org\/{rel}","templated":true}]}}