{"id":141931,"date":"2024-10-23T13:39:14","date_gmt":"2024-10-23T11:39:14","guid":{"rendered":"https:\/\/www.clece.es\/?p=141931"},"modified":"2025-01-08T10:02:05","modified_gmt":"2025-01-08T10:02:05","slug":"las-cuadrillas-helitransportadas-de-talher-filial-de-clece-contribuyen-a-la-notable-reduccion-de-incendios-forestales","status":"publish","type":"post","link":"https:\/\/clece.es\/es\/2024\/10\/23\/las-cuadrillas-helitransportadas-de-talher-filial-de-clece-contribuyen-a-la-notable-reduccion-de-incendios-forestales\/","title":{"rendered":"Las cuadrillas helitransportadas de Talher, filial de Clece, contribuyen a la notable reducci\u00f3n de incendios forestales"},"content":{"rendered":"<p>Todo indica que 2024 finalizar\u00e1 como uno de los mejores a\u00f1os de la \u00faltima d\u00e9cada en cuanto a la reducci\u00f3n de incendios en los bosques espa\u00f1oles, algo a lo que contribuir\u00e1 de manera especial el notable descenso registrado durante el pasado verano. En concreto, seg\u00fan los datos del Ministerio para la Transici\u00f3n Ecol\u00f3gica y el Reto Demogr\u00e1fico (Miteco), el n\u00famero de hect\u00e1reas quemadas en lo que va de a\u00f1o asciende a 45.267, casi la mitad del promedio desde 2014 y de todo 2023, cuando ardi\u00f3 una superficie de 79.957 hect\u00e1reas.<\/p>\n<p>Para que esas cifras contin\u00faen descendiendo, resulta esencial la labor de prevenci\u00f3n llevada a cabo por empresas como <strong>Talher.<\/strong> La actividad de esta filial de Clece, especializada en servicios medioambientales, no solo contribuye a mitigar el riesgo de incendios con <strong>tratamientos selv\u00edcolas preventivos y otras operaciones en los montes,<\/strong> sino que adem\u00e1s minimiza los efectos del fuego a trav\u00e9s de sus eficaces <strong>labores de extinci\u00f3n.<\/strong><\/p>\n<p>Aqu\u00ed entran en juego las cuadrillas de acci\u00f3n directa de Talher, entre las que destacan las<strong> terrestres nocturnas y las helitransportadas o ELIF<\/strong>\u00a0(Equipos de Lucha Integral contra Incendios Forestales). Estas brigadas tienen sus bases en Las Casillas (Segovia), Cueto y Las M\u00e9dulas (Le\u00f3n), as\u00ed como en El Bod\u00f3n y Guadramiro (Salamanca).\u00a0En total, son\u00a0<strong>75 las personas que prestan aqu\u00ed sus servicios<\/strong>\u00a0(56 en helitransportadas y 19 en cuadrillas nocturnas).<\/p>\n<p>En este v\u00eddeo os contamos c\u00f3mo es el trabajo de estos equipos.<\/p>\n<p><iframe title=\"Las cuadrillas helitransportadas de Talher, filial de Clece, contribuyen a la notable reducci\u00f3n de incendios forestales\" src=\"https:\/\/player.vimeo.com\/video\/1022464210?dnt=1&amp;app_id=122963\" width=\"800\" height=\"450\" frameborder=\"0\" allow=\"autoplay; fullscreen; picture-in-picture; clipboard-write; encrypted-media\"><\/iframe><\/p>\n<p>La mayor ventaja de las cuadrillas helitransportadas es que, al trasladarse en helic\u00f3ptero,\u00a0llegan con rapidez al lugar del incendio,\u00a0pudi\u00e9ndose acercar m\u00e1s al frente del fuego y verlo desde el aire para hacerse una idea de lo que est\u00e1 pasando, lo que contribuye a una mejor organizaci\u00f3n de la extinci\u00f3n. Para ello, son\u00a0<strong>esenciales los trabajos de entrenamiento y la formaci\u00f3n continua<\/strong>, actividades principales en la vida diaria de los brigadistas. A ellos se suman los trabajos de mantenimiento de infraestructuras de incendios, las quemas controladas y coordinadas por las Secciones de Protecci\u00f3n de la Naturaleza y las labores selv\u00edcolas (desbroces, podas, clareos, etc.).<\/p>\n<p>Durante los meses de invierno, con riesgo bajo, los profesionales de Talher realizan tareas preventivas, como recuperaci\u00f3n de puntos de agua, limpieza de caminos, arreglo de pistas, etc., al tiempo que mantienen su capacidad de respuesta en caso de incendio para, en \u00e9pocas de peligro medio y alto, poder actuar de forma r\u00e1pida y eficaz contra el fuego en las zonas asignadas, as\u00ed como prestando ayuda en territorios aleda\u00f1os.<\/p>\n<p>El trabajo de nuestros equipos destaca tambi\u00e9n por la\u00a0<strong>innovaci\u00f3n tecnol\u00f3gica\u00a0<\/strong>y la<strong>\u00a0mejora continua<\/strong>, de manera que este verano han llevado a cabo una experiencia piloto en la mancomunidad de San Pedro Manrique (Soria), en la que han colocado\u00a0<strong>120 sensores que permiten detectar un fuego cuando a\u00fan est\u00e1 latente<\/strong><strong>, <\/strong>esto es, en los primeros 60 minutos, mientras que las c\u00e1maras tardan hasta tres horas (fuego abierto) y los sat\u00e9lites, varios d\u00edas (propagaci\u00f3n del incendio). Estos dispositivos miden la temperatura, humedad, presi\u00f3n y calidad del aire y conforman un<strong>\u00a0sistema de alerta temprana <\/strong>para ayudar a detectar el riesgo de incendio en la zona y avisar a los servicios de extinci\u00f3n, as\u00ed como a ubicar un fuego dentro de un mapa digital, lo que facilita el ataque eficaz del mismo desde su origen.<\/p>\n","protected":false},"excerpt":{"rendered":"<p>Todo indica que 2024 finalizar\u00e1 como uno de los mejores a\u00f1os de la \u00faltima d\u00e9cada en cuanto a la reducci\u00f3n de incendios en los bosques espa\u00f1oles, algo a lo que contribuir\u00e1 de manera especial el notable descenso registrado durante el pasado verano. En concreto, seg\u00fan los datos del Ministerio para la Transici\u00f3n Ecol\u00f3gica y el [&hellip;]<\/p>\n","protected":false},"author":10,"featured_media":143233,"comment_status":"closed","ping_status":"closed","sticky":false,"template":"","format":"standard","meta":{"_acf_changed":false,"footnotes":""},"categories":[33],"tags":[291,275,276,277],"class_list":["post-141931","post","type-post","status-publish","format-standard","has-post-thumbnail","hentry","category-noticias","tag-destacado","tag-medioambiente","tag-sostenibilidad","tag-talher"],"acf":[],"yoast_head":"<!-- This site is optimized with the Yoast SEO plugin v27.4 - https:\/\/yoast.com\/product\/yoast-seo-wordpress\/ -->\n<title>Las cuadrillas helitransportadas de Talher, filial de Clece, contribuyen a la notable reducci\u00f3n de incendios forestales - Clece<\/title>\n<meta name=\"robots\" content=\"index, follow, max-snippet:-1, max-image-preview:large, max-video-preview:-1\" \/>\n<link rel=\"canonical\" href=\"https:\/\/clece.es\/es\/2024\/10\/23\/las-cuadrillas-helitransportadas-de-talher-filial-de-clece-contribuyen-a-la-notable-reduccion-de-incendios-forestales\/\" \/>\n<meta property=\"og:locale\" content=\"es_ES\" \/>\n<meta property=\"og:type\" content=\"article\" \/>\n<meta property=\"og:title\" content=\"Las cuadrillas helitransportadas de Talher, filial de Clece, contribuyen a la notable reducci\u00f3n de incendios forestales - Clece\" \/>\n<meta property=\"og:description\" content=\"Todo indica que 2024 finalizar\u00e1 como uno de los mejores a\u00f1os de la \u00faltima d\u00e9cada en cuanto a la reducci\u00f3n de incendios en los bosques espa\u00f1oles, algo a lo que contribuir\u00e1 de manera especial el notable descenso registrado durante el pasado verano. En concreto, seg\u00fan los datos del Ministerio para la Transici\u00f3n Ecol\u00f3gica y el [&hellip;]\" \/>\n<meta property=\"og:url\" content=\"https:\/\/clece.es\/es\/2024\/10\/23\/las-cuadrillas-helitransportadas-de-talher-filial-de-clece-contribuyen-a-la-notable-reduccion-de-incendios-forestales\/\" \/>\n<meta property=\"og:site_name\" content=\"Clece\" \/>\n<meta property=\"article:publisher\" content=\"https:\/\/www.facebook.com\/CleceSociedadAnonima\/\" \/>\n<meta property=\"article:published_time\" content=\"2024-10-23T11:39:14+00:00\" \/>\n<meta property=\"article:modified_time\" content=\"2025-01-08T10:02:05+00:00\" \/>\n<meta property=\"og:image\" content=\"https:\/\/clece.es\/wp-content\/uploads\/2024\/10\/incendios-1_web.jpg\" \/>\n\t<meta property=\"og:image:width\" content=\"800\" \/>\n\t<meta property=\"og:image:height\" content=\"300\" \/>\n\t<meta property=\"og:image:type\" content=\"image\/jpeg\" \/>\n<meta name=\"author\" content=\"Comunicacion Clece\" \/>\n<meta name=\"twitter:card\" content=\"summary_large_image\" \/>\n<meta name=\"twitter:creator\" content=\"@Clece_\" \/>\n<meta name=\"twitter:site\" content=\"@Clece_\" \/>\n<meta name=\"twitter:label1\" content=\"Escrito por\" \/>\n\t<meta name=\"twitter:data1\" content=\"Comunicacion Clece\" \/>\n\t<meta name=\"twitter:label2\" content=\"Tiempo de lectura\" \/>\n\t<meta name=\"twitter:data2\" content=\"3 minutos\" \/>\n<script type=\"application\/ld+json\" class=\"yoast-schema-graph\">{\"@context\":\"https:\\\/\\\/schema.org\",\"@graph\":[{\"@type\":\"Article\",\"@id\":\"https:\\\/\\\/clece.es\\\/es\\\/2024\\\/10\\\/23\\\/las-cuadrillas-helitransportadas-de-talher-filial-de-clece-contribuyen-a-la-notable-reduccion-de-incendios-forestales\\\/#article\",\"isPartOf\":{\"@id\":\"https:\\\/\\\/clece.es\\\/es\\\/2024\\\/10\\\/23\\\/las-cuadrillas-helitransportadas-de-talher-filial-de-clece-contribuyen-a-la-notable-reduccion-de-incendios-forestales\\\/\"},\"author\":{\"name\":\"Comunicacion Clece\",\"@id\":\"https:\\\/\\\/clece.es\\\/es\\\/#\\\/schema\\\/person\\\/5ad20f6688ede151a1ddc89d17719878\"},\"headline\":\"Las cuadrillas helitransportadas de Talher, filial de Clece, contribuyen a la notable reducci\u00f3n de incendios forestales\",\"datePublished\":\"2024-10-23T11:39:14+00:00\",\"dateModified\":\"2025-01-08T10:02:05+00:00\",\"mainEntityOfPage\":{\"@id\":\"https:\\\/\\\/clece.es\\\/es\\\/2024\\\/10\\\/23\\\/las-cuadrillas-helitransportadas-de-talher-filial-de-clece-contribuyen-a-la-notable-reduccion-de-incendios-forestales\\\/\"},\"wordCount\":601,\"publisher\":{\"@id\":\"https:\\\/\\\/clece.es\\\/es\\\/#organization\"},\"image\":{\"@id\":\"https:\\\/\\\/clece.es\\\/es\\\/2024\\\/10\\\/23\\\/las-cuadrillas-helitransportadas-de-talher-filial-de-clece-contribuyen-a-la-notable-reduccion-de-incendios-forestales\\\/#primaryimage\"},\"thumbnailUrl\":\"https:\\\/\\\/clece.es\\\/wp-content\\\/uploads\\\/2024\\\/10\\\/incendios-1_web.jpg\",\"keywords\":[\"destacado\",\"medioambiente\",\"sostenibilidad\",\"Talher\"],\"articleSection\":[\"Noticias\"],\"inLanguage\":\"es\"},{\"@type\":\"WebPage\",\"@id\":\"https:\\\/\\\/clece.es\\\/es\\\/2024\\\/10\\\/23\\\/las-cuadrillas-helitransportadas-de-talher-filial-de-clece-contribuyen-a-la-notable-reduccion-de-incendios-forestales\\\/\",\"url\":\"https:\\\/\\\/clece.es\\\/es\\\/2024\\\/10\\\/23\\\/las-cuadrillas-helitransportadas-de-talher-filial-de-clece-contribuyen-a-la-notable-reduccion-de-incendios-forestales\\\/\",\"name\":\"Las cuadrillas helitransportadas de Talher, filial de Clece, contribuyen a la notable reducci\u00f3n de incendios forestales - Clece\",\"isPartOf\":{\"@id\":\"https:\\\/\\\/clece.es\\\/es\\\/#website\"},\"primaryImageOfPage\":{\"@id\":\"https:\\\/\\\/clece.es\\\/es\\\/2024\\\/10\\\/23\\\/las-cuadrillas-helitransportadas-de-talher-filial-de-clece-contribuyen-a-la-notable-reduccion-de-incendios-forestales\\\/#primaryimage\"},\"image\":{\"@id\":\"https:\\\/\\\/clece.es\\\/es\\\/2024\\\/10\\\/23\\\/las-cuadrillas-helitransportadas-de-talher-filial-de-clece-contribuyen-a-la-notable-reduccion-de-incendios-forestales\\\/#primaryimage\"},\"thumbnailUrl\":\"https:\\\/\\\/clece.es\\\/wp-content\\\/uploads\\\/2024\\\/10\\\/incendios-1_web.jpg\",\"datePublished\":\"2024-10-23T11:39:14+00:00\",\"dateModified\":\"2025-01-08T10:02:05+00:00\",\"breadcrumb\":{\"@id\":\"https:\\\/\\\/clece.es\\\/es\\\/2024\\\/10\\\/23\\\/las-cuadrillas-helitransportadas-de-talher-filial-de-clece-contribuyen-a-la-notable-reduccion-de-incendios-forestales\\\/#breadcrumb\"},\"inLanguage\":\"es\",\"potentialAction\":[{\"@type\":\"ReadAction\",\"target\":[\"https:\\\/\\\/clece.es\\\/es\\\/2024\\\/10\\\/23\\\/las-cuadrillas-helitransportadas-de-talher-filial-de-clece-contribuyen-a-la-notable-reduccion-de-incendios-forestales\\\/\"]}]},{\"@type\":\"ImageObject\",\"inLanguage\":\"es\",\"@id\":\"https:\\\/\\\/clece.es\\\/es\\\/2024\\\/10\\\/23\\\/las-cuadrillas-helitransportadas-de-talher-filial-de-clece-contribuyen-a-la-notable-reduccion-de-incendios-forestales\\\/#primaryimage\",\"url\":\"https:\\\/\\\/clece.es\\\/wp-content\\\/uploads\\\/2024\\\/10\\\/incendios-1_web.jpg\",\"contentUrl\":\"https:\\\/\\\/clece.es\\\/wp-content\\\/uploads\\\/2024\\\/10\\\/incendios-1_web.jpg\",\"width\":800,\"height\":300},{\"@type\":\"BreadcrumbList\",\"@id\":\"https:\\\/\\\/clece.es\\\/es\\\/2024\\\/10\\\/23\\\/las-cuadrillas-helitransportadas-de-talher-filial-de-clece-contribuyen-a-la-notable-reduccion-de-incendios-forestales\\\/#breadcrumb\",\"itemListElement\":[{\"@type\":\"ListItem\",\"position\":1,\"name\":\"Portada\",\"item\":\"https:\\\/\\\/clece.es\\\/es\\\/\"},{\"@type\":\"ListItem\",\"position\":2,\"name\":\"Las cuadrillas helitransportadas de Talher, filial de Clece, contribuyen a la notable reducci\u00f3n de incendios forestales\"}]},{\"@type\":\"WebSite\",\"@id\":\"https:\\\/\\\/clece.es\\\/es\\\/#website\",\"url\":\"https:\\\/\\\/clece.es\\\/es\\\/\",\"name\":\"Clece\",\"description\":\"\",\"publisher\":{\"@id\":\"https:\\\/\\\/clece.es\\\/es\\\/#organization\"},\"potentialAction\":[{\"@type\":\"SearchAction\",\"target\":{\"@type\":\"EntryPoint\",\"urlTemplate\":\"https:\\\/\\\/clece.es\\\/es\\\/?s={search_term_string}\"},\"query-input\":{\"@type\":\"PropertyValueSpecification\",\"valueRequired\":true,\"valueName\":\"search_term_string\"}}],\"inLanguage\":\"es\"},{\"@type\":\"Organization\",\"@id\":\"https:\\\/\\\/clece.es\\\/es\\\/#organization\",\"name\":\"Grupo Clece\",\"url\":\"https:\\\/\\\/clece.es\\\/es\\\/\",\"logo\":{\"@type\":\"ImageObject\",\"inLanguage\":\"es\",\"@id\":\"https:\\\/\\\/clece.es\\\/es\\\/#\\\/schema\\\/logo\\\/image\\\/\",\"url\":\"https:\\\/\\\/sitio2.utopiasl.eu\\\/wp-content\\\/uploads\\\/2024\\\/10\\\/Logotipos_filiales_Clece_logotipo.png\",\"contentUrl\":\"https:\\\/\\\/sitio2.utopiasl.eu\\\/wp-content\\\/uploads\\\/2024\\\/10\\\/Logotipos_filiales_Clece_logotipo.png\",\"width\":5000,\"height\":5000,\"caption\":\"Grupo Clece\"},\"image\":{\"@id\":\"https:\\\/\\\/clece.es\\\/es\\\/#\\\/schema\\\/logo\\\/image\\\/\"},\"sameAs\":[\"https:\\\/\\\/www.facebook.com\\\/CleceSociedadAnonima\\\/\",\"https:\\\/\\\/x.com\\\/Clece_\",\"https:\\\/\\\/www.linkedin.com\\\/company\\\/clece-sa\\\/\"]},{\"@type\":\"Person\",\"@id\":\"https:\\\/\\\/clece.es\\\/es\\\/#\\\/schema\\\/person\\\/5ad20f6688ede151a1ddc89d17719878\",\"name\":\"Comunicacion Clece\",\"image\":{\"@type\":\"ImageObject\",\"inLanguage\":\"es\",\"@id\":\"https:\\\/\\\/secure.gravatar.com\\\/avatar\\\/75350facb2052af52bb2969db4a9ad66d7b7629803b9d1d89852ed2e15fe2b26?s=96&d=mm&r=g\",\"url\":\"https:\\\/\\\/secure.gravatar.com\\\/avatar\\\/75350facb2052af52bb2969db4a9ad66d7b7629803b9d1d89852ed2e15fe2b26?s=96&d=mm&r=g\",\"contentUrl\":\"https:\\\/\\\/secure.gravatar.com\\\/avatar\\\/75350facb2052af52bb2969db4a9ad66d7b7629803b9d1d89852ed2e15fe2b26?s=96&d=mm&r=g\",\"caption\":\"Comunicacion Clece\"},\"url\":\"https:\\\/\\\/clece.es\\\/es\\\/author\\\/comunicac\\\/\"}]}<\/script>\n<!-- \/ Yoast SEO plugin. -->","yoast_head_json":{"title":"Las cuadrillas helitransportadas de Talher, filial de Clece, contribuyen a la notable reducci\u00f3n de incendios forestales - Clece","robots":{"index":"index","follow":"follow","max-snippet":"max-snippet:-1","max-image-preview":"max-image-preview:large","max-video-preview":"max-video-preview:-1"},"canonical":"https:\/\/clece.es\/es\/2024\/10\/23\/las-cuadrillas-helitransportadas-de-talher-filial-de-clece-contribuyen-a-la-notable-reduccion-de-incendios-forestales\/","og_locale":"es_ES","og_type":"article","og_title":"Las cuadrillas helitransportadas de Talher, filial de Clece, contribuyen a la notable reducci\u00f3n de incendios forestales - Clece","og_description":"Todo indica que 2024 finalizar\u00e1 como uno de los mejores a\u00f1os de la \u00faltima d\u00e9cada en cuanto a la reducci\u00f3n de incendios en los bosques espa\u00f1oles, algo a lo que contribuir\u00e1 de manera especial el notable descenso registrado durante el pasado verano. En concreto, seg\u00fan los datos del Ministerio para la Transici\u00f3n Ecol\u00f3gica y el [&hellip;]","og_url":"https:\/\/clece.es\/es\/2024\/10\/23\/las-cuadrillas-helitransportadas-de-talher-filial-de-clece-contribuyen-a-la-notable-reduccion-de-incendios-forestales\/","og_site_name":"Clece","article_publisher":"https:\/\/www.facebook.com\/CleceSociedadAnonima\/","article_published_time":"2024-10-23T11:39:14+00:00","article_modified_time":"2025-01-08T10:02:05+00:00","og_image":[{"width":800,"height":300,"url":"https:\/\/clece.es\/wp-content\/uploads\/2024\/10\/incendios-1_web.jpg","type":"image\/jpeg"}],"author":"Comunicacion Clece","twitter_card":"summary_large_image","twitter_creator":"@Clece_","twitter_site":"@Clece_","twitter_misc":{"Escrito por":"Comunicacion Clece","Tiempo de lectura":"3 minutos"},"schema":{"@context":"https:\/\/schema.org","@graph":[{"@type":"Article","@id":"https:\/\/clece.es\/es\/2024\/10\/23\/las-cuadrillas-helitransportadas-de-talher-filial-de-clece-contribuyen-a-la-notable-reduccion-de-incendios-forestales\/#article","isPartOf":{"@id":"https:\/\/clece.es\/es\/2024\/10\/23\/las-cuadrillas-helitransportadas-de-talher-filial-de-clece-contribuyen-a-la-notable-reduccion-de-incendios-forestales\/"},"author":{"name":"Comunicacion Clece","@id":"https:\/\/clece.es\/es\/#\/schema\/person\/5ad20f6688ede151a1ddc89d17719878"},"headline":"Las cuadrillas helitransportadas de Talher, filial de Clece, contribuyen a la notable reducci\u00f3n de incendios forestales","datePublished":"2024-10-23T11:39:14+00:00","dateModified":"2025-01-08T10:02:05+00:00","mainEntityOfPage":{"@id":"https:\/\/clece.es\/es\/2024\/10\/23\/las-cuadrillas-helitransportadas-de-talher-filial-de-clece-contribuyen-a-la-notable-reduccion-de-incendios-forestales\/"},"wordCount":601,"publisher":{"@id":"https:\/\/clece.es\/es\/#organization"},"image":{"@id":"https:\/\/clece.es\/es\/2024\/10\/23\/las-cuadrillas-helitransportadas-de-talher-filial-de-clece-contribuyen-a-la-notable-reduccion-de-incendios-forestales\/#primaryimage"},"thumbnailUrl":"https:\/\/clece.es\/wp-content\/uploads\/2024\/10\/incendios-1_web.jpg","keywords":["destacado","medioambiente","sostenibilidad","Talher"],"articleSection":["Noticias"],"inLanguage":"es"},{"@type":"WebPage","@id":"https:\/\/clece.es\/es\/2024\/10\/23\/las-cuadrillas-helitransportadas-de-talher-filial-de-clece-contribuyen-a-la-notable-reduccion-de-incendios-forestales\/","url":"https:\/\/clece.es\/es\/2024\/10\/23\/las-cuadrillas-helitransportadas-de-talher-filial-de-clece-contribuyen-a-la-notable-reduccion-de-incendios-forestales\/","name":"Las cuadrillas helitransportadas de Talher, filial de Clece, contribuyen a la notable reducci\u00f3n de incendios forestales - Clece","isPartOf":{"@id":"https:\/\/clece.es\/es\/#website"},"primaryImageOfPage":{"@id":"https:\/\/clece.es\/es\/2024\/10\/23\/las-cuadrillas-helitransportadas-de-talher-filial-de-clece-contribuyen-a-la-notable-reduccion-de-incendios-forestales\/#primaryimage"},"image":{"@id":"https:\/\/clece.es\/es\/2024\/10\/23\/las-cuadrillas-helitransportadas-de-talher-filial-de-clece-contribuyen-a-la-notable-reduccion-de-incendios-forestales\/#primaryimage"},"thumbnailUrl":"https:\/\/clece.es\/wp-content\/uploads\/2024\/10\/incendios-1_web.jpg","datePublished":"2024-10-23T11:39:14+00:00","dateModified":"2025-01-08T10:02:05+00:00","breadcrumb":{"@id":"https:\/\/clece.es\/es\/2024\/10\/23\/las-cuadrillas-helitransportadas-de-talher-filial-de-clece-contribuyen-a-la-notable-reduccion-de-incendios-forestales\/#breadcrumb"},"inLanguage":"es","potentialAction":[{"@type":"ReadAction","target":["https:\/\/clece.es\/es\/2024\/10\/23\/las-cuadrillas-helitransportadas-de-talher-filial-de-clece-contribuyen-a-la-notable-reduccion-de-incendios-forestales\/"]}]},{"@type":"ImageObject","inLanguage":"es","@id":"https:\/\/clece.es\/es\/2024\/10\/23\/las-cuadrillas-helitransportadas-de-talher-filial-de-clece-contribuyen-a-la-notable-reduccion-de-incendios-forestales\/#primaryimage","url":"https:\/\/clece.es\/wp-content\/uploads\/2024\/10\/incendios-1_web.jpg","contentUrl":"https:\/\/clece.es\/wp-content\/uploads\/2024\/10\/incendios-1_web.jpg","width":800,"height":300},{"@type":"BreadcrumbList","@id":"https:\/\/clece.es\/es\/2024\/10\/23\/las-cuadrillas-helitransportadas-de-talher-filial-de-clece-contribuyen-a-la-notable-reduccion-de-incendios-forestales\/#breadcrumb","itemListElement":[{"@type":"ListItem","position":1,"name":"Portada","item":"https:\/\/clece.es\/es\/"},{"@type":"ListItem","position":2,"name":"Las cuadrillas helitransportadas de Talher, filial de Clece, contribuyen a la notable reducci\u00f3n de incendios forestales"}]},{"@type":"WebSite","@id":"https:\/\/clece.es\/es\/#website","url":"https:\/\/clece.es\/es\/","name":"Clece","description":"","publisher":{"@id":"https:\/\/clece.es\/es\/#organization"},"potentialAction":[{"@type":"SearchAction","target":{"@type":"EntryPoint","urlTemplate":"https:\/\/clece.es\/es\/?s={search_term_string}"},"query-input":{"@type":"PropertyValueSpecification","valueRequired":true,"valueName":"search_term_string"}}],"inLanguage":"es"},{"@type":"Organization","@id":"https:\/\/clece.es\/es\/#organization","name":"Grupo Clece","url":"https:\/\/clece.es\/es\/","logo":{"@type":"ImageObject","inLanguage":"es","@id":"https:\/\/clece.es\/es\/#\/schema\/logo\/image\/","url":"https:\/\/sitio2.utopiasl.eu\/wp-content\/uploads\/2024\/10\/Logotipos_filiales_Clece_logotipo.png","contentUrl":"https:\/\/sitio2.utopiasl.eu\/wp-content\/uploads\/2024\/10\/Logotipos_filiales_Clece_logotipo.png","width":5000,"height":5000,"caption":"Grupo Clece"},"image":{"@id":"https:\/\/clece.es\/es\/#\/schema\/logo\/image\/"},"sameAs":["https:\/\/www.facebook.com\/CleceSociedadAnonima\/","https:\/\/x.com\/Clece_","https:\/\/www.linkedin.com\/company\/clece-sa\/"]},{"@type":"Person","@id":"https:\/\/clece.es\/es\/#\/schema\/person\/5ad20f6688ede151a1ddc89d17719878","name":"Comunicacion Clece","image":{"@type":"ImageObject","inLanguage":"es","@id":"https:\/\/secure.gravatar.com\/avatar\/75350facb2052af52bb2969db4a9ad66d7b7629803b9d1d89852ed2e15fe2b26?s=96&d=mm&r=g","url":"https:\/\/secure.gravatar.com\/avatar\/75350facb2052af52bb2969db4a9ad66d7b7629803b9d1d89852ed2e15fe2b26?s=96&d=mm&r=g","contentUrl":"https:\/\/secure.gravatar.com\/avatar\/75350facb2052af52bb2969db4a9ad66d7b7629803b9d1d89852ed2e15fe2b26?s=96&d=mm&r=g","caption":"Comunicacion Clece"},"url":"https:\/\/clece.es\/es\/author\/comunicac\/"}]}},"_links":{"self":[{"href":"https:\/\/clece.es\/es\/wp-json\/wp\/v2\/posts\/141931","targetHints":{"allow":["GET"]}}],"collection":[{"href":"https:\/\/clece.es\/es\/wp-json\/wp\/v2\/posts"}],"about":[{"href":"https:\/\/clece.es\/es\/wp-json\/wp\/v2\/types\/post"}],"author":[{"embeddable":true,"href":"https:\/\/clece.es\/es\/wp-json\/wp\/v2\/users\/10"}],"replies":[{"embeddable":true,"href":"https:\/\/clece.es\/es\/wp-json\/wp\/v2\/comments?post=141931"}],"version-history":[{"count":1,"href":"https:\/\/clece.es\/es\/wp-json\/wp\/v2\/posts\/141931\/revisions"}],"predecessor-version":[{"id":142309,"href":"https:\/\/clece.es\/es\/wp-json\/wp\/v2\/posts\/141931\/revisions\/142309"}],"wp:featuredmedia":[{"embeddable":true,"href":"https:\/\/clece.es\/es\/wp-json\/wp\/v2\/media\/143233"}],"wp:attachment":[{"href":"https:\/\/clece.es\/es\/wp-json\/wp\/v2\/media?parent=141931"}],"wp:term":[{"taxonomy":"category","embeddable":true,"href":"https:\/\/clece.es\/es\/wp-json\/wp\/v2\/categories?post=141931"},{"taxonomy":"post_tag","embeddable":true,"href":"https:\/\/clece.es\/es\/wp-json\/wp\/v2\/tags?post=141931"}],"curies":[{"name":"wp","href":"https:\/\/api.w.org\/{rel}","templated":true}]}}