{"id":148980,"date":"2025-08-14T07:36:00","date_gmt":"2025-08-14T07:36:00","guid":{"rendered":"https:\/\/sitio2.utopiasl.eu\/?p=148980"},"modified":"2025-08-29T06:29:54","modified_gmt":"2025-08-29T06:29:54","slug":"las-brigadas-de-extincion-de-incendios-de-talher-filial-de-clece-se-esfuerzan-para-acabar-con-las-llamas-que-arrasan-castilla-y-leon","status":"publish","type":"post","link":"https:\/\/clece.es\/es\/2025\/08\/14\/las-brigadas-de-extincion-de-incendios-de-talher-filial-de-clece-se-esfuerzan-para-acabar-con-las-llamas-que-arrasan-castilla-y-leon\/","title":{"rendered":"Las brigadas de extinci\u00f3n de incendios de Talher, filial de Clece, se esfuerzan para acabar con las llamas que arrasan Castilla y Le\u00f3n"},"content":{"rendered":"\n<p>Un verano m\u00e1s, los incendios forestales vuelven a asolar nuestro pa\u00eds. El fuego est\u00e1 atacando con especial virulencia a Castilla y Le\u00f3n, que ha llegado a tener 15 grandes incendios activos de manera simult\u00e1nea. En solo cuatro d\u00edas, en esta comunidad se quemaron casi 23.000 hect\u00e1reas, con flancos abiertos en Le\u00f3n, Zamora, Palencia, Salamanca y \u00c1vila. Ante este panorama, hay que destacar el gran trabajo que est\u00e1n realizando en Castilla y Le\u00f3n las cuadrillas de extinci\u00f3n gestionadas por Talher, filial de Clece especializada en servicios medioambientales.<\/p>\n\n\n\n<p>En concreto, durante estos d\u00edas, 105 profesionales de Talher est\u00e1n llevando a cabo una incansable labor contra el fuego. Su dedicaci\u00f3n, entrega e implicaci\u00f3n est\u00e1 siendo admirable, trabajando d\u00eda y noche con un objetivo en mente: sofocar por completo los incendios que permanecen activos y evitar la aparici\u00f3n de nuevos focos para que esta cat\u00e1strofe medioambiental no contin\u00fae extendi\u00e9ndose.<\/p>\n\n\n\n<p>Para Talher no cabe ni un minuto de descanso ante el voraz avance del fuego. Para ello, sus trabajadores se organizan de manera eficiente en distintos turnos, concentrando todos sus esfuerzos en acabar con las llamas desde varias cuadrillas de acci\u00f3n directa que se dividen en tres tipos:&nbsp;<\/p>\n\n\n\n<ul class=\"wp-block-list\">\n<li>Las cuadrillas helitransportadas o ELIF (Equipos de Lucha Integral contra Incendios Forestales) se movilizan cuando se detecta humo y acceden a las zonas afectadas en helic\u00f3ptero. Talher gestiona tres ELIF de las 23 que existen actualmente en Castilla y Le\u00f3n:<\/li>\n<\/ul>\n\n\n\n<p class=\"indent\">Lima 1.3. Con base en Cueto (Le\u00f3n), est\u00e1 actuando en Llamas de Cabrera (Le\u00f3n), donde un incendio de grado 2 ha obligado a evacuar de forma preventiva a la poblaci\u00f3n de Pe\u00f1alba de Santiago.<\/p>\n\n\n\n<p class=\"indent\">Sierra 1. Tiene su base en El Bod\u00f3n (Salamanca) y se est\u00e1 concentrando en varios peque\u00f1os fuegos en la provincia salmantina, aunque a finales de julio tambi\u00e9n intervino en los incendios de la comarca de Las Hurdes.<\/p>\n\n\n\n<p class=\"indent\">Golf 2. Se trata de la base de Las Casillas, ubicada en Riaza (Segovia) y que este verano est\u00e1 actuando en dos fuegos declarados en \u00c1vila (Mombeltr\u00e1n y San Bartolom\u00e9 de Pinares) y en el de Llamas de Cabrera (Le\u00f3n).<\/p>\n\n\n\n<p><\/p>\n\n\n\n<ul class=\"wp-block-list\">\n<li>Por otro lado, cuando la falta de luz impide el vuelo seguro de los helic\u00f3pteros, Talher act\u00faa a trav\u00e9s de cuadrillas nocturnas. En estos momentos, la filial de Clece gestiona cuatro de las 23 cuadrillas nocturnas que existen en Castilla y Le\u00f3n, a trav\u00e9s de las cuales est\u00e1 combatiendo los incendios de Las Hurdes, Anllares del Sil (Le\u00f3n) y varios peque\u00f1os fuegos en Salamanca.<\/li>\n<\/ul>\n\n\n\n<p><\/p>\n\n\n\n<ul class=\"wp-block-list\">\n<li>Finalmente, las cuadrillas de tierra realizan trabajos preventivos en zonas forestales y se desplazan a los incendios en todoterreno para actuar en su extinci\u00f3n, en coordinaci\u00f3n con agentes forestales, la Unidad Militar de Emergencias (UME) y el Ministerio para la Transici\u00f3n Ecol\u00f3gica y el Reto Demogr\u00e1fico (MITECO). De las m\u00e1s de cien cuadrillas terrestres que existen actualmente en Castilla y Le\u00f3n, Talher gestiona cuatro con las que est\u00e1 interviniendo en tres incendios en Le\u00f3n: Llamas de Cabrera, Anllares del Sil y Castrocalb\u00f3n. <strong>Este \u00faltimo, procedente de un foco en Zamora, ha obligado a evacuar a los usuarios y profesionales de una residencia de mayores gestionada por Clece en el mismo municipio de Castrocalb\u00f3n. Afortunadamente, todos ellos se encuentran bien y Clece, en colaboraci\u00f3n con su asociaci\u00f3n sin \u00e1nimo de lucro, Coraz\u00f3n y Manos, ha ofrecido a los trabajadores de esta residencia, as\u00ed como a sus familiares, un servicio gratuito de atenci\u00f3n psicoemocional. Asimismo, como cada vez que una cat\u00e1strofe o situaci\u00f3n de emergencia golpea a sus trabajadores, la compa\u00f1\u00eda y Coraz\u00f3n y Manos est\u00e1n contactando con la plantilla de esa residencia y con otros empleados de Clece afectados por la oleada de incendios de este verano, con la intenci\u00f3n de conocer sus necesidades y ayudarles en aquello que requieran. Esta manera de actuar responde al compromiso social de Clece, que entiende que su plantilla conforma una gran familia que debe apoyarse mutuamente ante la adversidad.&nbsp;<\/strong><\/li>\n<\/ul>\n\n\n\n<p><\/p>\n\n\n\n<p>La coordinaci\u00f3n entre todas estas cuadrillas es fundamental para actuar con rapidez y acabar lo antes posible con los incendios que siguen activos y que se est\u00e1n complicando debido a las altas temperaturas y a la velocidad del viento.<\/p>\n\n\n\n<p>Pero adem\u00e1s de estas labores de extinci\u00f3n, Talher considera que la prevenci\u00f3n es esencial en la lucha contra los incendios forestales. Por ello, sus cuadrillas no solo llevan a cabo tratamientos selv\u00edcolas preventivos, como desbroces o podas, sino que tambi\u00e9n apuestan por la innovaci\u00f3n tecnol\u00f3gica para mitigar el riesgo de incendios. Buena muestra de esto \u00faltimo es el sistema de sensores que ha desplegado en la Mancomunidad de Tierras Altas de Soria, una innovadora soluci\u00f3n capaz de detectar un fuego incipiente y avisar inmediatamente a los servicios de emergencia. Se trata de un sistema de sensores estrat\u00e9gicamente colocados que permiten detectar cambios de temperatura y niveles an\u00f3malos de componentes como el mon\u00f3xido de carbono para, as\u00ed, dar la voz de alarma antes de que el incendio se convierta en algo incontrolable.<\/p>\n\n\n\n<p>En definitiva, Talher es una de las compa\u00f1\u00edas punteras en la lucha contra los incendios forestales, una de las cat\u00e1strofes naturales propias de cada verano. La ventaja diferencial de esta filial de Clece es que sabe aplicar con \u00e9xito una estrategia que combina varios componentes, entre los que destacan la formaci\u00f3n continua de unos profesionales altamente cualificados, una eficaz acci\u00f3n sobre las zonas afectadas con diferentes tipos de cuadrillas y la apuesta por innovadoras soluciones de prevenci\u00f3n.<\/p>\n","protected":false},"excerpt":{"rendered":"<p>Un verano m\u00e1s, los incendios forestales vuelven a asolar nuestro pa\u00eds. El fuego est\u00e1 atacando con especial virulencia a Castilla y Le\u00f3n, que ha llegado a tener 15 grandes incendios activos de manera simult\u00e1nea. En solo cuatro d\u00edas, en esta comunidad se quemaron casi 23.000 hect\u00e1reas, con flancos abiertos en Le\u00f3n, Zamora, Palencia, Salamanca y [&hellip;]<\/p>\n","protected":false},"author":6,"featured_media":148981,"comment_status":"open","ping_status":"open","sticky":false,"template":"","format":"standard","meta":{"_acf_changed":false,"footnotes":""},"categories":[33],"tags":[291],"class_list":["post-148980","post","type-post","status-publish","format-standard","has-post-thumbnail","hentry","category-noticias","tag-destacado"],"acf":[],"yoast_head":"<!-- This site is optimized with the Yoast SEO plugin v27.4 - https:\/\/yoast.com\/product\/yoast-seo-wordpress\/ -->\n<title>Las brigadas de extinci\u00f3n de incendios de Talher, filial de Clece, se esfuerzan para acabar con las llamas que arrasan Castilla y Le\u00f3n - Clece<\/title>\n<meta name=\"robots\" content=\"index, follow, max-snippet:-1, max-image-preview:large, max-video-preview:-1\" \/>\n<link rel=\"canonical\" href=\"https:\/\/clece.es\/es\/2025\/08\/14\/las-brigadas-de-extincion-de-incendios-de-talher-filial-de-clece-se-esfuerzan-para-acabar-con-las-llamas-que-arrasan-castilla-y-leon\/\" \/>\n<meta property=\"og:locale\" content=\"es_ES\" \/>\n<meta property=\"og:type\" content=\"article\" \/>\n<meta property=\"og:title\" content=\"Las brigadas de extinci\u00f3n de incendios de Talher, filial de Clece, se esfuerzan para acabar con las llamas que arrasan Castilla y Le\u00f3n - Clece\" \/>\n<meta property=\"og:description\" content=\"Un verano m\u00e1s, los incendios forestales vuelven a asolar nuestro pa\u00eds. El fuego est\u00e1 atacando con especial virulencia a Castilla y Le\u00f3n, que ha llegado a tener 15 grandes incendios activos de manera simult\u00e1nea. En solo cuatro d\u00edas, en esta comunidad se quemaron casi 23.000 hect\u00e1reas, con flancos abiertos en Le\u00f3n, Zamora, Palencia, Salamanca y [&hellip;]\" \/>\n<meta property=\"og:url\" content=\"https:\/\/clece.es\/es\/2025\/08\/14\/las-brigadas-de-extincion-de-incendios-de-talher-filial-de-clece-se-esfuerzan-para-acabar-con-las-llamas-que-arrasan-castilla-y-leon\/\" \/>\n<meta property=\"og:site_name\" content=\"Clece\" \/>\n<meta property=\"article:publisher\" content=\"https:\/\/www.facebook.com\/CleceSociedadAnonima\/\" \/>\n<meta property=\"article:published_time\" content=\"2025-08-14T07:36:00+00:00\" \/>\n<meta property=\"article:modified_time\" content=\"2025-08-29T06:29:54+00:00\" \/>\n<meta property=\"og:image\" content=\"https:\/\/clece.es\/wp-content\/uploads\/2025\/08\/Talher_brigadas.jpg\" \/>\n\t<meta property=\"og:image:width\" content=\"1080\" \/>\n\t<meta property=\"og:image:height\" content=\"675\" \/>\n\t<meta property=\"og:image:type\" content=\"image\/jpeg\" \/>\n<meta name=\"author\" content=\"Ricardo Sainz\" \/>\n<meta name=\"twitter:card\" content=\"summary_large_image\" \/>\n<meta name=\"twitter:creator\" content=\"@Clece_\" \/>\n<meta name=\"twitter:site\" content=\"@Clece_\" \/>\n<meta name=\"twitter:label1\" content=\"Escrito por\" \/>\n\t<meta name=\"twitter:data1\" content=\"Ricardo Sainz\" \/>\n\t<meta name=\"twitter:label2\" content=\"Tiempo de lectura\" \/>\n\t<meta name=\"twitter:data2\" content=\"5 minutos\" \/>\n<script type=\"application\/ld+json\" class=\"yoast-schema-graph\">{\"@context\":\"https:\\\/\\\/schema.org\",\"@graph\":[{\"@type\":\"Article\",\"@id\":\"https:\\\/\\\/clece.es\\\/es\\\/2025\\\/08\\\/14\\\/las-brigadas-de-extincion-de-incendios-de-talher-filial-de-clece-se-esfuerzan-para-acabar-con-las-llamas-que-arrasan-castilla-y-leon\\\/#article\",\"isPartOf\":{\"@id\":\"https:\\\/\\\/clece.es\\\/es\\\/2025\\\/08\\\/14\\\/las-brigadas-de-extincion-de-incendios-de-talher-filial-de-clece-se-esfuerzan-para-acabar-con-las-llamas-que-arrasan-castilla-y-leon\\\/\"},\"author\":{\"name\":\"Ricardo Sainz\",\"@id\":\"https:\\\/\\\/clece.es\\\/es\\\/#\\\/schema\\\/person\\\/39179c0783f2423efbfe37bf2abf2eeb\"},\"headline\":\"Las brigadas de extinci\u00f3n de incendios de Talher, filial de Clece, se esfuerzan para acabar con las llamas que arrasan Castilla y Le\u00f3n\",\"datePublished\":\"2025-08-14T07:36:00+00:00\",\"dateModified\":\"2025-08-29T06:29:54+00:00\",\"mainEntityOfPage\":{\"@id\":\"https:\\\/\\\/clece.es\\\/es\\\/2025\\\/08\\\/14\\\/las-brigadas-de-extincion-de-incendios-de-talher-filial-de-clece-se-esfuerzan-para-acabar-con-las-llamas-que-arrasan-castilla-y-leon\\\/\"},\"wordCount\":984,\"commentCount\":0,\"publisher\":{\"@id\":\"https:\\\/\\\/clece.es\\\/es\\\/#organization\"},\"image\":{\"@id\":\"https:\\\/\\\/clece.es\\\/es\\\/2025\\\/08\\\/14\\\/las-brigadas-de-extincion-de-incendios-de-talher-filial-de-clece-se-esfuerzan-para-acabar-con-las-llamas-que-arrasan-castilla-y-leon\\\/#primaryimage\"},\"thumbnailUrl\":\"https:\\\/\\\/clece.es\\\/wp-content\\\/uploads\\\/2025\\\/08\\\/Talher_brigadas.jpg\",\"keywords\":[\"destacado\"],\"articleSection\":[\"Noticias\"],\"inLanguage\":\"es\",\"potentialAction\":[{\"@type\":\"CommentAction\",\"name\":\"Comment\",\"target\":[\"https:\\\/\\\/clece.es\\\/es\\\/2025\\\/08\\\/14\\\/las-brigadas-de-extincion-de-incendios-de-talher-filial-de-clece-se-esfuerzan-para-acabar-con-las-llamas-que-arrasan-castilla-y-leon\\\/#respond\"]}]},{\"@type\":\"WebPage\",\"@id\":\"https:\\\/\\\/clece.es\\\/es\\\/2025\\\/08\\\/14\\\/las-brigadas-de-extincion-de-incendios-de-talher-filial-de-clece-se-esfuerzan-para-acabar-con-las-llamas-que-arrasan-castilla-y-leon\\\/\",\"url\":\"https:\\\/\\\/clece.es\\\/es\\\/2025\\\/08\\\/14\\\/las-brigadas-de-extincion-de-incendios-de-talher-filial-de-clece-se-esfuerzan-para-acabar-con-las-llamas-que-arrasan-castilla-y-leon\\\/\",\"name\":\"Las brigadas de extinci\u00f3n de incendios de Talher, filial de Clece, se esfuerzan para acabar con las llamas que arrasan Castilla y Le\u00f3n - Clece\",\"isPartOf\":{\"@id\":\"https:\\\/\\\/clece.es\\\/es\\\/#website\"},\"primaryImageOfPage\":{\"@id\":\"https:\\\/\\\/clece.es\\\/es\\\/2025\\\/08\\\/14\\\/las-brigadas-de-extincion-de-incendios-de-talher-filial-de-clece-se-esfuerzan-para-acabar-con-las-llamas-que-arrasan-castilla-y-leon\\\/#primaryimage\"},\"image\":{\"@id\":\"https:\\\/\\\/clece.es\\\/es\\\/2025\\\/08\\\/14\\\/las-brigadas-de-extincion-de-incendios-de-talher-filial-de-clece-se-esfuerzan-para-acabar-con-las-llamas-que-arrasan-castilla-y-leon\\\/#primaryimage\"},\"thumbnailUrl\":\"https:\\\/\\\/clece.es\\\/wp-content\\\/uploads\\\/2025\\\/08\\\/Talher_brigadas.jpg\",\"datePublished\":\"2025-08-14T07:36:00+00:00\",\"dateModified\":\"2025-08-29T06:29:54+00:00\",\"breadcrumb\":{\"@id\":\"https:\\\/\\\/clece.es\\\/es\\\/2025\\\/08\\\/14\\\/las-brigadas-de-extincion-de-incendios-de-talher-filial-de-clece-se-esfuerzan-para-acabar-con-las-llamas-que-arrasan-castilla-y-leon\\\/#breadcrumb\"},\"inLanguage\":\"es\",\"potentialAction\":[{\"@type\":\"ReadAction\",\"target\":[\"https:\\\/\\\/clece.es\\\/es\\\/2025\\\/08\\\/14\\\/las-brigadas-de-extincion-de-incendios-de-talher-filial-de-clece-se-esfuerzan-para-acabar-con-las-llamas-que-arrasan-castilla-y-leon\\\/\"]}]},{\"@type\":\"ImageObject\",\"inLanguage\":\"es\",\"@id\":\"https:\\\/\\\/clece.es\\\/es\\\/2025\\\/08\\\/14\\\/las-brigadas-de-extincion-de-incendios-de-talher-filial-de-clece-se-esfuerzan-para-acabar-con-las-llamas-que-arrasan-castilla-y-leon\\\/#primaryimage\",\"url\":\"https:\\\/\\\/clece.es\\\/wp-content\\\/uploads\\\/2025\\\/08\\\/Talher_brigadas.jpg\",\"contentUrl\":\"https:\\\/\\\/clece.es\\\/wp-content\\\/uploads\\\/2025\\\/08\\\/Talher_brigadas.jpg\",\"width\":1080,\"height\":675},{\"@type\":\"BreadcrumbList\",\"@id\":\"https:\\\/\\\/clece.es\\\/es\\\/2025\\\/08\\\/14\\\/las-brigadas-de-extincion-de-incendios-de-talher-filial-de-clece-se-esfuerzan-para-acabar-con-las-llamas-que-arrasan-castilla-y-leon\\\/#breadcrumb\",\"itemListElement\":[{\"@type\":\"ListItem\",\"position\":1,\"name\":\"Portada\",\"item\":\"https:\\\/\\\/clece.es\\\/es\\\/\"},{\"@type\":\"ListItem\",\"position\":2,\"name\":\"Las brigadas de extinci\u00f3n de incendios de Talher, filial de Clece, se esfuerzan para acabar con las llamas que arrasan Castilla y Le\u00f3n\"}]},{\"@type\":\"WebSite\",\"@id\":\"https:\\\/\\\/clece.es\\\/es\\\/#website\",\"url\":\"https:\\\/\\\/clece.es\\\/es\\\/\",\"name\":\"Clece\",\"description\":\"\",\"publisher\":{\"@id\":\"https:\\\/\\\/clece.es\\\/es\\\/#organization\"},\"potentialAction\":[{\"@type\":\"SearchAction\",\"target\":{\"@type\":\"EntryPoint\",\"urlTemplate\":\"https:\\\/\\\/clece.es\\\/es\\\/?s={search_term_string}\"},\"query-input\":{\"@type\":\"PropertyValueSpecification\",\"valueRequired\":true,\"valueName\":\"search_term_string\"}}],\"inLanguage\":\"es\"},{\"@type\":\"Organization\",\"@id\":\"https:\\\/\\\/clece.es\\\/es\\\/#organization\",\"name\":\"Grupo Clece\",\"url\":\"https:\\\/\\\/clece.es\\\/es\\\/\",\"logo\":{\"@type\":\"ImageObject\",\"inLanguage\":\"es\",\"@id\":\"https:\\\/\\\/clece.es\\\/es\\\/#\\\/schema\\\/logo\\\/image\\\/\",\"url\":\"https:\\\/\\\/sitio2.utopiasl.eu\\\/wp-content\\\/uploads\\\/2024\\\/10\\\/Logotipos_filiales_Clece_logotipo.png\",\"contentUrl\":\"https:\\\/\\\/sitio2.utopiasl.eu\\\/wp-content\\\/uploads\\\/2024\\\/10\\\/Logotipos_filiales_Clece_logotipo.png\",\"width\":5000,\"height\":5000,\"caption\":\"Grupo Clece\"},\"image\":{\"@id\":\"https:\\\/\\\/clece.es\\\/es\\\/#\\\/schema\\\/logo\\\/image\\\/\"},\"sameAs\":[\"https:\\\/\\\/www.facebook.com\\\/CleceSociedadAnonima\\\/\",\"https:\\\/\\\/x.com\\\/Clece_\",\"https:\\\/\\\/www.linkedin.com\\\/company\\\/clece-sa\\\/\"]},{\"@type\":\"Person\",\"@id\":\"https:\\\/\\\/clece.es\\\/es\\\/#\\\/schema\\\/person\\\/39179c0783f2423efbfe37bf2abf2eeb\",\"name\":\"Ricardo Sainz\",\"image\":{\"@type\":\"ImageObject\",\"inLanguage\":\"es\",\"@id\":\"https:\\\/\\\/secure.gravatar.com\\\/avatar\\\/10154d0d9d74db53ab48461b79cd15cb3fa7ebcd2c60d16a30dfd77a637f8650?s=96&d=mm&r=g\",\"url\":\"https:\\\/\\\/secure.gravatar.com\\\/avatar\\\/10154d0d9d74db53ab48461b79cd15cb3fa7ebcd2c60d16a30dfd77a637f8650?s=96&d=mm&r=g\",\"contentUrl\":\"https:\\\/\\\/secure.gravatar.com\\\/avatar\\\/10154d0d9d74db53ab48461b79cd15cb3fa7ebcd2c60d16a30dfd77a637f8650?s=96&d=mm&r=g\",\"caption\":\"Ricardo Sainz\"},\"url\":\"https:\\\/\\\/clece.es\\\/es\\\/author\\\/ricardos\\\/\"}]}<\/script>\n<!-- \/ Yoast SEO plugin. -->","yoast_head_json":{"title":"Las brigadas de extinci\u00f3n de incendios de Talher, filial de Clece, se esfuerzan para acabar con las llamas que arrasan Castilla y Le\u00f3n - Clece","robots":{"index":"index","follow":"follow","max-snippet":"max-snippet:-1","max-image-preview":"max-image-preview:large","max-video-preview":"max-video-preview:-1"},"canonical":"https:\/\/clece.es\/es\/2025\/08\/14\/las-brigadas-de-extincion-de-incendios-de-talher-filial-de-clece-se-esfuerzan-para-acabar-con-las-llamas-que-arrasan-castilla-y-leon\/","og_locale":"es_ES","og_type":"article","og_title":"Las brigadas de extinci\u00f3n de incendios de Talher, filial de Clece, se esfuerzan para acabar con las llamas que arrasan Castilla y Le\u00f3n - Clece","og_description":"Un verano m\u00e1s, los incendios forestales vuelven a asolar nuestro pa\u00eds. El fuego est\u00e1 atacando con especial virulencia a Castilla y Le\u00f3n, que ha llegado a tener 15 grandes incendios activos de manera simult\u00e1nea. En solo cuatro d\u00edas, en esta comunidad se quemaron casi 23.000 hect\u00e1reas, con flancos abiertos en Le\u00f3n, Zamora, Palencia, Salamanca y [&hellip;]","og_url":"https:\/\/clece.es\/es\/2025\/08\/14\/las-brigadas-de-extincion-de-incendios-de-talher-filial-de-clece-se-esfuerzan-para-acabar-con-las-llamas-que-arrasan-castilla-y-leon\/","og_site_name":"Clece","article_publisher":"https:\/\/www.facebook.com\/CleceSociedadAnonima\/","article_published_time":"2025-08-14T07:36:00+00:00","article_modified_time":"2025-08-29T06:29:54+00:00","og_image":[{"width":1080,"height":675,"url":"https:\/\/clece.es\/wp-content\/uploads\/2025\/08\/Talher_brigadas.jpg","type":"image\/jpeg"}],"author":"Ricardo Sainz","twitter_card":"summary_large_image","twitter_creator":"@Clece_","twitter_site":"@Clece_","twitter_misc":{"Escrito por":"Ricardo Sainz","Tiempo de lectura":"5 minutos"},"schema":{"@context":"https:\/\/schema.org","@graph":[{"@type":"Article","@id":"https:\/\/clece.es\/es\/2025\/08\/14\/las-brigadas-de-extincion-de-incendios-de-talher-filial-de-clece-se-esfuerzan-para-acabar-con-las-llamas-que-arrasan-castilla-y-leon\/#article","isPartOf":{"@id":"https:\/\/clece.es\/es\/2025\/08\/14\/las-brigadas-de-extincion-de-incendios-de-talher-filial-de-clece-se-esfuerzan-para-acabar-con-las-llamas-que-arrasan-castilla-y-leon\/"},"author":{"name":"Ricardo Sainz","@id":"https:\/\/clece.es\/es\/#\/schema\/person\/39179c0783f2423efbfe37bf2abf2eeb"},"headline":"Las brigadas de extinci\u00f3n de incendios de Talher, filial de Clece, se esfuerzan para acabar con las llamas que arrasan Castilla y Le\u00f3n","datePublished":"2025-08-14T07:36:00+00:00","dateModified":"2025-08-29T06:29:54+00:00","mainEntityOfPage":{"@id":"https:\/\/clece.es\/es\/2025\/08\/14\/las-brigadas-de-extincion-de-incendios-de-talher-filial-de-clece-se-esfuerzan-para-acabar-con-las-llamas-que-arrasan-castilla-y-leon\/"},"wordCount":984,"commentCount":0,"publisher":{"@id":"https:\/\/clece.es\/es\/#organization"},"image":{"@id":"https:\/\/clece.es\/es\/2025\/08\/14\/las-brigadas-de-extincion-de-incendios-de-talher-filial-de-clece-se-esfuerzan-para-acabar-con-las-llamas-que-arrasan-castilla-y-leon\/#primaryimage"},"thumbnailUrl":"https:\/\/clece.es\/wp-content\/uploads\/2025\/08\/Talher_brigadas.jpg","keywords":["destacado"],"articleSection":["Noticias"],"inLanguage":"es","potentialAction":[{"@type":"CommentAction","name":"Comment","target":["https:\/\/clece.es\/es\/2025\/08\/14\/las-brigadas-de-extincion-de-incendios-de-talher-filial-de-clece-se-esfuerzan-para-acabar-con-las-llamas-que-arrasan-castilla-y-leon\/#respond"]}]},{"@type":"WebPage","@id":"https:\/\/clece.es\/es\/2025\/08\/14\/las-brigadas-de-extincion-de-incendios-de-talher-filial-de-clece-se-esfuerzan-para-acabar-con-las-llamas-que-arrasan-castilla-y-leon\/","url":"https:\/\/clece.es\/es\/2025\/08\/14\/las-brigadas-de-extincion-de-incendios-de-talher-filial-de-clece-se-esfuerzan-para-acabar-con-las-llamas-que-arrasan-castilla-y-leon\/","name":"Las brigadas de extinci\u00f3n de incendios de Talher, filial de Clece, se esfuerzan para acabar con las llamas que arrasan Castilla y Le\u00f3n - Clece","isPartOf":{"@id":"https:\/\/clece.es\/es\/#website"},"primaryImageOfPage":{"@id":"https:\/\/clece.es\/es\/2025\/08\/14\/las-brigadas-de-extincion-de-incendios-de-talher-filial-de-clece-se-esfuerzan-para-acabar-con-las-llamas-que-arrasan-castilla-y-leon\/#primaryimage"},"image":{"@id":"https:\/\/clece.es\/es\/2025\/08\/14\/las-brigadas-de-extincion-de-incendios-de-talher-filial-de-clece-se-esfuerzan-para-acabar-con-las-llamas-que-arrasan-castilla-y-leon\/#primaryimage"},"thumbnailUrl":"https:\/\/clece.es\/wp-content\/uploads\/2025\/08\/Talher_brigadas.jpg","datePublished":"2025-08-14T07:36:00+00:00","dateModified":"2025-08-29T06:29:54+00:00","breadcrumb":{"@id":"https:\/\/clece.es\/es\/2025\/08\/14\/las-brigadas-de-extincion-de-incendios-de-talher-filial-de-clece-se-esfuerzan-para-acabar-con-las-llamas-que-arrasan-castilla-y-leon\/#breadcrumb"},"inLanguage":"es","potentialAction":[{"@type":"ReadAction","target":["https:\/\/clece.es\/es\/2025\/08\/14\/las-brigadas-de-extincion-de-incendios-de-talher-filial-de-clece-se-esfuerzan-para-acabar-con-las-llamas-que-arrasan-castilla-y-leon\/"]}]},{"@type":"ImageObject","inLanguage":"es","@id":"https:\/\/clece.es\/es\/2025\/08\/14\/las-brigadas-de-extincion-de-incendios-de-talher-filial-de-clece-se-esfuerzan-para-acabar-con-las-llamas-que-arrasan-castilla-y-leon\/#primaryimage","url":"https:\/\/clece.es\/wp-content\/uploads\/2025\/08\/Talher_brigadas.jpg","contentUrl":"https:\/\/clece.es\/wp-content\/uploads\/2025\/08\/Talher_brigadas.jpg","width":1080,"height":675},{"@type":"BreadcrumbList","@id":"https:\/\/clece.es\/es\/2025\/08\/14\/las-brigadas-de-extincion-de-incendios-de-talher-filial-de-clece-se-esfuerzan-para-acabar-con-las-llamas-que-arrasan-castilla-y-leon\/#breadcrumb","itemListElement":[{"@type":"ListItem","position":1,"name":"Portada","item":"https:\/\/clece.es\/es\/"},{"@type":"ListItem","position":2,"name":"Las brigadas de extinci\u00f3n de incendios de Talher, filial de Clece, se esfuerzan para acabar con las llamas que arrasan Castilla y Le\u00f3n"}]},{"@type":"WebSite","@id":"https:\/\/clece.es\/es\/#website","url":"https:\/\/clece.es\/es\/","name":"Clece","description":"","publisher":{"@id":"https:\/\/clece.es\/es\/#organization"},"potentialAction":[{"@type":"SearchAction","target":{"@type":"EntryPoint","urlTemplate":"https:\/\/clece.es\/es\/?s={search_term_string}"},"query-input":{"@type":"PropertyValueSpecification","valueRequired":true,"valueName":"search_term_string"}}],"inLanguage":"es"},{"@type":"Organization","@id":"https:\/\/clece.es\/es\/#organization","name":"Grupo Clece","url":"https:\/\/clece.es\/es\/","logo":{"@type":"ImageObject","inLanguage":"es","@id":"https:\/\/clece.es\/es\/#\/schema\/logo\/image\/","url":"https:\/\/sitio2.utopiasl.eu\/wp-content\/uploads\/2024\/10\/Logotipos_filiales_Clece_logotipo.png","contentUrl":"https:\/\/sitio2.utopiasl.eu\/wp-content\/uploads\/2024\/10\/Logotipos_filiales_Clece_logotipo.png","width":5000,"height":5000,"caption":"Grupo Clece"},"image":{"@id":"https:\/\/clece.es\/es\/#\/schema\/logo\/image\/"},"sameAs":["https:\/\/www.facebook.com\/CleceSociedadAnonima\/","https:\/\/x.com\/Clece_","https:\/\/www.linkedin.com\/company\/clece-sa\/"]},{"@type":"Person","@id":"https:\/\/clece.es\/es\/#\/schema\/person\/39179c0783f2423efbfe37bf2abf2eeb","name":"Ricardo Sainz","image":{"@type":"ImageObject","inLanguage":"es","@id":"https:\/\/secure.gravatar.com\/avatar\/10154d0d9d74db53ab48461b79cd15cb3fa7ebcd2c60d16a30dfd77a637f8650?s=96&d=mm&r=g","url":"https:\/\/secure.gravatar.com\/avatar\/10154d0d9d74db53ab48461b79cd15cb3fa7ebcd2c60d16a30dfd77a637f8650?s=96&d=mm&r=g","contentUrl":"https:\/\/secure.gravatar.com\/avatar\/10154d0d9d74db53ab48461b79cd15cb3fa7ebcd2c60d16a30dfd77a637f8650?s=96&d=mm&r=g","caption":"Ricardo Sainz"},"url":"https:\/\/clece.es\/es\/author\/ricardos\/"}]}},"_links":{"self":[{"href":"https:\/\/clece.es\/es\/wp-json\/wp\/v2\/posts\/148980","targetHints":{"allow":["GET"]}}],"collection":[{"href":"https:\/\/clece.es\/es\/wp-json\/wp\/v2\/posts"}],"about":[{"href":"https:\/\/clece.es\/es\/wp-json\/wp\/v2\/types\/post"}],"author":[{"embeddable":true,"href":"https:\/\/clece.es\/es\/wp-json\/wp\/v2\/users\/6"}],"replies":[{"embeddable":true,"href":"https:\/\/clece.es\/es\/wp-json\/wp\/v2\/comments?post=148980"}],"version-history":[{"count":10,"href":"https:\/\/clece.es\/es\/wp-json\/wp\/v2\/posts\/148980\/revisions"}],"predecessor-version":[{"id":149274,"href":"https:\/\/clece.es\/es\/wp-json\/wp\/v2\/posts\/148980\/revisions\/149274"}],"wp:featuredmedia":[{"embeddable":true,"href":"https:\/\/clece.es\/es\/wp-json\/wp\/v2\/media\/148981"}],"wp:attachment":[{"href":"https:\/\/clece.es\/es\/wp-json\/wp\/v2\/media?parent=148980"}],"wp:term":[{"taxonomy":"category","embeddable":true,"href":"https:\/\/clece.es\/es\/wp-json\/wp\/v2\/categories?post=148980"},{"taxonomy":"post_tag","embeddable":true,"href":"https:\/\/clece.es\/es\/wp-json\/wp\/v2\/tags?post=148980"}],"curies":[{"name":"wp","href":"https:\/\/api.w.org\/{rel}","templated":true}]}}