{"id":151315,"date":"2026-04-28T08:58:04","date_gmt":"2026-04-28T08:58:04","guid":{"rendered":"https:\/\/clece.es\/?p=151315"},"modified":"2026-04-28T10:20:12","modified_gmt":"2026-04-28T10:20:12","slug":"clece-te-informa-abril-de-2026-nuestro-compromiso-diario-con-la-prevencion-de-riesgos-laborales","status":"publish","type":"post","link":"https:\/\/clece.es\/es\/2026\/04\/28\/clece-te-informa-abril-de-2026-nuestro-compromiso-diario-con-la-prevencion-de-riesgos-laborales\/","title":{"rendered":"Clece te informa: Abril de 2026 | Nuestro compromiso diario con la Prevenci\u00f3n de Riesgos Laborales"},"content":{"rendered":"\n<p>En el <strong>D\u00eda Mundial de la Seguridad y la Salud en el Trabajo<\/strong>, compartimos un nuevo cap\u00edtulo de <strong>Clece te informa<\/strong> en el que nos centramos en la <strong>prevenci\u00f3n de riesgos laborales<\/strong>, una m\u00e1xima innegociable integrada en el d\u00eda a d\u00eda de nuestra compa\u00f1\u00eda.<\/p>\n\n\n\n<p>Desde el <strong>Centro Deportivo Municipal La Cebada<\/strong>, que gestionamos \u00edntegramente, <strong>Eva Riera<\/strong>, una de nuestras coordinadoras de Prevenci\u00f3n de Riesgos Laborales (PRL), y <strong>Enrique Fern\u00e1ndez<\/strong>, encargado general de diferentes servicios, nos desvelan c\u00f3mo hemos conseguido bajar la siniestralidad y cu\u00e1les son los retos en este \u00e1mbito.<\/p>\n\n\n\n<figure class=\"wp-block-embed is-type-video is-provider-vimeo wp-block-embed-vimeo wp-embed-aspect-16-9 wp-has-aspect-ratio\"><div class=\"wp-block-embed__wrapper\">\n<iframe title=\"Clece te informa #8\" src=\"https:\/\/player.vimeo.com\/video\/1186865884?dnt=1&amp;app_id=122963\" width=\"800\" height=\"450\" frameborder=\"0\" allow=\"autoplay; fullscreen; picture-in-picture; clipboard-write; encrypted-media; web-share\" referrerpolicy=\"strict-origin-when-cross-origin\"><\/iframe>\n<\/div><\/figure>\n","protected":false},"excerpt":{"rendered":"<p>En el D\u00eda Mundial de la Seguridad y la Salud en el Trabajo, compartimos un nuevo cap\u00edtulo de Clece te informa en el que nos centramos en la prevenci\u00f3n de riesgos laborales, una m\u00e1xima innegociable integrada en el d\u00eda a d\u00eda de nuestra compa\u00f1\u00eda. Desde el Centro Deportivo Municipal La Cebada, que gestionamos \u00edntegramente, Eva [&hellip;]<\/p>\n","protected":false},"author":19,"featured_media":151316,"comment_status":"closed","ping_status":"open","sticky":false,"template":"","format":"standard","meta":{"_acf_changed":false,"footnotes":""},"categories":[33,1],"tags":[291],"class_list":["post-151315","post","type-post","status-publish","format-standard","has-post-thumbnail","hentry","category-noticias","category-sin-categorizar","tag-destacado"],"acf":[],"yoast_head":"<!-- This site is optimized with the Yoast SEO plugin v27.4 - https:\/\/yoast.com\/product\/yoast-seo-wordpress\/ -->\n<title>Clece te informa: Abril de 2026 | Nuestro compromiso diario con la Prevenci\u00f3n de Riesgos Laborales - Clece<\/title>\n<meta name=\"robots\" content=\"index, follow, max-snippet:-1, max-image-preview:large, max-video-preview:-1\" \/>\n<link rel=\"canonical\" href=\"https:\/\/clece.es\/es\/2026\/04\/28\/clece-te-informa-abril-de-2026-nuestro-compromiso-diario-con-la-prevencion-de-riesgos-laborales\/\" \/>\n<meta property=\"og:locale\" content=\"es_ES\" \/>\n<meta property=\"og:type\" content=\"article\" \/>\n<meta property=\"og:title\" content=\"Clece te informa: Abril de 2026 | Nuestro compromiso diario con la Prevenci\u00f3n de Riesgos Laborales - Clece\" \/>\n<meta property=\"og:description\" content=\"En el D\u00eda Mundial de la Seguridad y la Salud en el Trabajo, compartimos un nuevo cap\u00edtulo de Clece te informa en el que nos centramos en la prevenci\u00f3n de riesgos laborales, una m\u00e1xima innegociable integrada en el d\u00eda a d\u00eda de nuestra compa\u00f1\u00eda. Desde el Centro Deportivo Municipal La Cebada, que gestionamos \u00edntegramente, Eva [&hellip;]\" \/>\n<meta property=\"og:url\" content=\"https:\/\/clece.es\/es\/2026\/04\/28\/clece-te-informa-abril-de-2026-nuestro-compromiso-diario-con-la-prevencion-de-riesgos-laborales\/\" \/>\n<meta property=\"og:site_name\" content=\"Clece\" \/>\n<meta property=\"article:publisher\" content=\"https:\/\/www.facebook.com\/CleceSociedadAnonima\/\" \/>\n<meta property=\"article:published_time\" content=\"2026-04-28T08:58:04+00:00\" \/>\n<meta property=\"article:modified_time\" content=\"2026-04-28T10:20:12+00:00\" \/>\n<meta property=\"og:image\" content=\"https:\/\/clece.es\/wp-content\/uploads\/2026\/04\/1200x750_Web-768x480.png\" \/>\n\t<meta property=\"og:image:width\" content=\"768\" \/>\n\t<meta property=\"og:image:height\" content=\"480\" \/>\n\t<meta property=\"og:image:type\" content=\"image\/png\" \/>\n<meta name=\"author\" content=\"Mar Rodr\u00edguez\" \/>\n<meta name=\"twitter:card\" content=\"summary_large_image\" \/>\n<meta name=\"twitter:creator\" content=\"@Clece_\" \/>\n<meta name=\"twitter:site\" content=\"@Clece_\" \/>\n<meta name=\"twitter:label1\" content=\"Escrito por\" \/>\n\t<meta name=\"twitter:data1\" content=\"Mar Rodr\u00edguez\" \/>\n\t<meta name=\"twitter:label2\" content=\"Tiempo de lectura\" \/>\n\t<meta name=\"twitter:data2\" content=\"1 minuto\" \/>\n<script type=\"application\/ld+json\" class=\"yoast-schema-graph\">{\"@context\":\"https:\\\/\\\/schema.org\",\"@graph\":[{\"@type\":\"Article\",\"@id\":\"https:\\\/\\\/clece.es\\\/es\\\/2026\\\/04\\\/28\\\/clece-te-informa-abril-de-2026-nuestro-compromiso-diario-con-la-prevencion-de-riesgos-laborales\\\/#article\",\"isPartOf\":{\"@id\":\"https:\\\/\\\/clece.es\\\/es\\\/2026\\\/04\\\/28\\\/clece-te-informa-abril-de-2026-nuestro-compromiso-diario-con-la-prevencion-de-riesgos-laborales\\\/\"},\"author\":{\"name\":\"Mar Rodr\u00edguez\",\"@id\":\"https:\\\/\\\/clece.es\\\/es\\\/#\\\/schema\\\/person\\\/cd5d6e7d77bb6f448e4abc974139118e\"},\"headline\":\"Clece te informa: Abril de 2026 | Nuestro compromiso diario con la Prevenci\u00f3n de Riesgos Laborales\",\"datePublished\":\"2026-04-28T08:58:04+00:00\",\"dateModified\":\"2026-04-28T10:20:12+00:00\",\"mainEntityOfPage\":{\"@id\":\"https:\\\/\\\/clece.es\\\/es\\\/2026\\\/04\\\/28\\\/clece-te-informa-abril-de-2026-nuestro-compromiso-diario-con-la-prevencion-de-riesgos-laborales\\\/\"},\"wordCount\":119,\"publisher\":{\"@id\":\"https:\\\/\\\/clece.es\\\/es\\\/#organization\"},\"image\":{\"@id\":\"https:\\\/\\\/clece.es\\\/es\\\/2026\\\/04\\\/28\\\/clece-te-informa-abril-de-2026-nuestro-compromiso-diario-con-la-prevencion-de-riesgos-laborales\\\/#primaryimage\"},\"thumbnailUrl\":\"https:\\\/\\\/clece.es\\\/wp-content\\\/uploads\\\/2026\\\/04\\\/1200x750_Web.png\",\"keywords\":[\"destacado\"],\"articleSection\":[\"Noticias\",\"Sin categorizar\"],\"inLanguage\":\"es\"},{\"@type\":\"WebPage\",\"@id\":\"https:\\\/\\\/clece.es\\\/es\\\/2026\\\/04\\\/28\\\/clece-te-informa-abril-de-2026-nuestro-compromiso-diario-con-la-prevencion-de-riesgos-laborales\\\/\",\"url\":\"https:\\\/\\\/clece.es\\\/es\\\/2026\\\/04\\\/28\\\/clece-te-informa-abril-de-2026-nuestro-compromiso-diario-con-la-prevencion-de-riesgos-laborales\\\/\",\"name\":\"Clece te informa: Abril de 2026 | Nuestro compromiso diario con la Prevenci\u00f3n de Riesgos Laborales - Clece\",\"isPartOf\":{\"@id\":\"https:\\\/\\\/clece.es\\\/es\\\/#website\"},\"primaryImageOfPage\":{\"@id\":\"https:\\\/\\\/clece.es\\\/es\\\/2026\\\/04\\\/28\\\/clece-te-informa-abril-de-2026-nuestro-compromiso-diario-con-la-prevencion-de-riesgos-laborales\\\/#primaryimage\"},\"image\":{\"@id\":\"https:\\\/\\\/clece.es\\\/es\\\/2026\\\/04\\\/28\\\/clece-te-informa-abril-de-2026-nuestro-compromiso-diario-con-la-prevencion-de-riesgos-laborales\\\/#primaryimage\"},\"thumbnailUrl\":\"https:\\\/\\\/clece.es\\\/wp-content\\\/uploads\\\/2026\\\/04\\\/1200x750_Web.png\",\"datePublished\":\"2026-04-28T08:58:04+00:00\",\"dateModified\":\"2026-04-28T10:20:12+00:00\",\"breadcrumb\":{\"@id\":\"https:\\\/\\\/clece.es\\\/es\\\/2026\\\/04\\\/28\\\/clece-te-informa-abril-de-2026-nuestro-compromiso-diario-con-la-prevencion-de-riesgos-laborales\\\/#breadcrumb\"},\"inLanguage\":\"es\",\"potentialAction\":[{\"@type\":\"ReadAction\",\"target\":[\"https:\\\/\\\/clece.es\\\/es\\\/2026\\\/04\\\/28\\\/clece-te-informa-abril-de-2026-nuestro-compromiso-diario-con-la-prevencion-de-riesgos-laborales\\\/\"]}]},{\"@type\":\"ImageObject\",\"inLanguage\":\"es\",\"@id\":\"https:\\\/\\\/clece.es\\\/es\\\/2026\\\/04\\\/28\\\/clece-te-informa-abril-de-2026-nuestro-compromiso-diario-con-la-prevencion-de-riesgos-laborales\\\/#primaryimage\",\"url\":\"https:\\\/\\\/clece.es\\\/wp-content\\\/uploads\\\/2026\\\/04\\\/1200x750_Web.png\",\"contentUrl\":\"https:\\\/\\\/clece.es\\\/wp-content\\\/uploads\\\/2026\\\/04\\\/1200x750_Web.png\",\"width\":1200,\"height\":750},{\"@type\":\"BreadcrumbList\",\"@id\":\"https:\\\/\\\/clece.es\\\/es\\\/2026\\\/04\\\/28\\\/clece-te-informa-abril-de-2026-nuestro-compromiso-diario-con-la-prevencion-de-riesgos-laborales\\\/#breadcrumb\",\"itemListElement\":[{\"@type\":\"ListItem\",\"position\":1,\"name\":\"Portada\",\"item\":\"https:\\\/\\\/clece.es\\\/es\\\/\"},{\"@type\":\"ListItem\",\"position\":2,\"name\":\"Clece te informa: Abril de 2026 | Nuestro compromiso diario con la Prevenci\u00f3n de Riesgos Laborales\"}]},{\"@type\":\"WebSite\",\"@id\":\"https:\\\/\\\/clece.es\\\/es\\\/#website\",\"url\":\"https:\\\/\\\/clece.es\\\/es\\\/\",\"name\":\"Clece\",\"description\":\"\",\"publisher\":{\"@id\":\"https:\\\/\\\/clece.es\\\/es\\\/#organization\"},\"potentialAction\":[{\"@type\":\"SearchAction\",\"target\":{\"@type\":\"EntryPoint\",\"urlTemplate\":\"https:\\\/\\\/clece.es\\\/es\\\/?s={search_term_string}\"},\"query-input\":{\"@type\":\"PropertyValueSpecification\",\"valueRequired\":true,\"valueName\":\"search_term_string\"}}],\"inLanguage\":\"es\"},{\"@type\":\"Organization\",\"@id\":\"https:\\\/\\\/clece.es\\\/es\\\/#organization\",\"name\":\"Grupo Clece\",\"url\":\"https:\\\/\\\/clece.es\\\/es\\\/\",\"logo\":{\"@type\":\"ImageObject\",\"inLanguage\":\"es\",\"@id\":\"https:\\\/\\\/clece.es\\\/es\\\/#\\\/schema\\\/logo\\\/image\\\/\",\"url\":\"https:\\\/\\\/sitio2.utopiasl.eu\\\/wp-content\\\/uploads\\\/2024\\\/10\\\/Logotipos_filiales_Clece_logotipo.png\",\"contentUrl\":\"https:\\\/\\\/sitio2.utopiasl.eu\\\/wp-content\\\/uploads\\\/2024\\\/10\\\/Logotipos_filiales_Clece_logotipo.png\",\"width\":5000,\"height\":5000,\"caption\":\"Grupo Clece\"},\"image\":{\"@id\":\"https:\\\/\\\/clece.es\\\/es\\\/#\\\/schema\\\/logo\\\/image\\\/\"},\"sameAs\":[\"https:\\\/\\\/www.facebook.com\\\/CleceSociedadAnonima\\\/\",\"https:\\\/\\\/x.com\\\/Clece_\",\"https:\\\/\\\/www.linkedin.com\\\/company\\\/clece-sa\\\/\"]},{\"@type\":\"Person\",\"@id\":\"https:\\\/\\\/clece.es\\\/es\\\/#\\\/schema\\\/person\\\/cd5d6e7d77bb6f448e4abc974139118e\",\"name\":\"Mar Rodr\u00edguez\",\"image\":{\"@type\":\"ImageObject\",\"inLanguage\":\"es\",\"@id\":\"https:\\\/\\\/secure.gravatar.com\\\/avatar\\\/428592fc6e078c5c6d8d270efe3caf62f691b3cfdab4b0e179da24d4fd64ba82?s=96&d=mm&r=g\",\"url\":\"https:\\\/\\\/secure.gravatar.com\\\/avatar\\\/428592fc6e078c5c6d8d270efe3caf62f691b3cfdab4b0e179da24d4fd64ba82?s=96&d=mm&r=g\",\"contentUrl\":\"https:\\\/\\\/secure.gravatar.com\\\/avatar\\\/428592fc6e078c5c6d8d270efe3caf62f691b3cfdab4b0e179da24d4fd64ba82?s=96&d=mm&r=g\",\"caption\":\"Mar Rodr\u00edguez\"},\"url\":\"https:\\\/\\\/clece.es\\\/es\\\/author\\\/mrodriguezse\\\/\"}]}<\/script>\n<!-- \/ Yoast SEO plugin. -->","yoast_head_json":{"title":"Clece te informa: Abril de 2026 | Nuestro compromiso diario con la Prevenci\u00f3n de Riesgos Laborales - Clece","robots":{"index":"index","follow":"follow","max-snippet":"max-snippet:-1","max-image-preview":"max-image-preview:large","max-video-preview":"max-video-preview:-1"},"canonical":"https:\/\/clece.es\/es\/2026\/04\/28\/clece-te-informa-abril-de-2026-nuestro-compromiso-diario-con-la-prevencion-de-riesgos-laborales\/","og_locale":"es_ES","og_type":"article","og_title":"Clece te informa: Abril de 2026 | Nuestro compromiso diario con la Prevenci\u00f3n de Riesgos Laborales - Clece","og_description":"En el D\u00eda Mundial de la Seguridad y la Salud en el Trabajo, compartimos un nuevo cap\u00edtulo de Clece te informa en el que nos centramos en la prevenci\u00f3n de riesgos laborales, una m\u00e1xima innegociable integrada en el d\u00eda a d\u00eda de nuestra compa\u00f1\u00eda. Desde el Centro Deportivo Municipal La Cebada, que gestionamos \u00edntegramente, Eva [&hellip;]","og_url":"https:\/\/clece.es\/es\/2026\/04\/28\/clece-te-informa-abril-de-2026-nuestro-compromiso-diario-con-la-prevencion-de-riesgos-laborales\/","og_site_name":"Clece","article_publisher":"https:\/\/www.facebook.com\/CleceSociedadAnonima\/","article_published_time":"2026-04-28T08:58:04+00:00","article_modified_time":"2026-04-28T10:20:12+00:00","og_image":[{"width":768,"height":480,"url":"https:\/\/clece.es\/wp-content\/uploads\/2026\/04\/1200x750_Web-768x480.png","type":"image\/png"}],"author":"Mar Rodr\u00edguez","twitter_card":"summary_large_image","twitter_creator":"@Clece_","twitter_site":"@Clece_","twitter_misc":{"Escrito por":"Mar Rodr\u00edguez","Tiempo de lectura":"1 minuto"},"schema":{"@context":"https:\/\/schema.org","@graph":[{"@type":"Article","@id":"https:\/\/clece.es\/es\/2026\/04\/28\/clece-te-informa-abril-de-2026-nuestro-compromiso-diario-con-la-prevencion-de-riesgos-laborales\/#article","isPartOf":{"@id":"https:\/\/clece.es\/es\/2026\/04\/28\/clece-te-informa-abril-de-2026-nuestro-compromiso-diario-con-la-prevencion-de-riesgos-laborales\/"},"author":{"name":"Mar Rodr\u00edguez","@id":"https:\/\/clece.es\/es\/#\/schema\/person\/cd5d6e7d77bb6f448e4abc974139118e"},"headline":"Clece te informa: Abril de 2026 | Nuestro compromiso diario con la Prevenci\u00f3n de Riesgos Laborales","datePublished":"2026-04-28T08:58:04+00:00","dateModified":"2026-04-28T10:20:12+00:00","mainEntityOfPage":{"@id":"https:\/\/clece.es\/es\/2026\/04\/28\/clece-te-informa-abril-de-2026-nuestro-compromiso-diario-con-la-prevencion-de-riesgos-laborales\/"},"wordCount":119,"publisher":{"@id":"https:\/\/clece.es\/es\/#organization"},"image":{"@id":"https:\/\/clece.es\/es\/2026\/04\/28\/clece-te-informa-abril-de-2026-nuestro-compromiso-diario-con-la-prevencion-de-riesgos-laborales\/#primaryimage"},"thumbnailUrl":"https:\/\/clece.es\/wp-content\/uploads\/2026\/04\/1200x750_Web.png","keywords":["destacado"],"articleSection":["Noticias","Sin categorizar"],"inLanguage":"es"},{"@type":"WebPage","@id":"https:\/\/clece.es\/es\/2026\/04\/28\/clece-te-informa-abril-de-2026-nuestro-compromiso-diario-con-la-prevencion-de-riesgos-laborales\/","url":"https:\/\/clece.es\/es\/2026\/04\/28\/clece-te-informa-abril-de-2026-nuestro-compromiso-diario-con-la-prevencion-de-riesgos-laborales\/","name":"Clece te informa: Abril de 2026 | Nuestro compromiso diario con la Prevenci\u00f3n de Riesgos Laborales - Clece","isPartOf":{"@id":"https:\/\/clece.es\/es\/#website"},"primaryImageOfPage":{"@id":"https:\/\/clece.es\/es\/2026\/04\/28\/clece-te-informa-abril-de-2026-nuestro-compromiso-diario-con-la-prevencion-de-riesgos-laborales\/#primaryimage"},"image":{"@id":"https:\/\/clece.es\/es\/2026\/04\/28\/clece-te-informa-abril-de-2026-nuestro-compromiso-diario-con-la-prevencion-de-riesgos-laborales\/#primaryimage"},"thumbnailUrl":"https:\/\/clece.es\/wp-content\/uploads\/2026\/04\/1200x750_Web.png","datePublished":"2026-04-28T08:58:04+00:00","dateModified":"2026-04-28T10:20:12+00:00","breadcrumb":{"@id":"https:\/\/clece.es\/es\/2026\/04\/28\/clece-te-informa-abril-de-2026-nuestro-compromiso-diario-con-la-prevencion-de-riesgos-laborales\/#breadcrumb"},"inLanguage":"es","potentialAction":[{"@type":"ReadAction","target":["https:\/\/clece.es\/es\/2026\/04\/28\/clece-te-informa-abril-de-2026-nuestro-compromiso-diario-con-la-prevencion-de-riesgos-laborales\/"]}]},{"@type":"ImageObject","inLanguage":"es","@id":"https:\/\/clece.es\/es\/2026\/04\/28\/clece-te-informa-abril-de-2026-nuestro-compromiso-diario-con-la-prevencion-de-riesgos-laborales\/#primaryimage","url":"https:\/\/clece.es\/wp-content\/uploads\/2026\/04\/1200x750_Web.png","contentUrl":"https:\/\/clece.es\/wp-content\/uploads\/2026\/04\/1200x750_Web.png","width":1200,"height":750},{"@type":"BreadcrumbList","@id":"https:\/\/clece.es\/es\/2026\/04\/28\/clece-te-informa-abril-de-2026-nuestro-compromiso-diario-con-la-prevencion-de-riesgos-laborales\/#breadcrumb","itemListElement":[{"@type":"ListItem","position":1,"name":"Portada","item":"https:\/\/clece.es\/es\/"},{"@type":"ListItem","position":2,"name":"Clece te informa: Abril de 2026 | Nuestro compromiso diario con la Prevenci\u00f3n de Riesgos Laborales"}]},{"@type":"WebSite","@id":"https:\/\/clece.es\/es\/#website","url":"https:\/\/clece.es\/es\/","name":"Clece","description":"","publisher":{"@id":"https:\/\/clece.es\/es\/#organization"},"potentialAction":[{"@type":"SearchAction","target":{"@type":"EntryPoint","urlTemplate":"https:\/\/clece.es\/es\/?s={search_term_string}"},"query-input":{"@type":"PropertyValueSpecification","valueRequired":true,"valueName":"search_term_string"}}],"inLanguage":"es"},{"@type":"Organization","@id":"https:\/\/clece.es\/es\/#organization","name":"Grupo Clece","url":"https:\/\/clece.es\/es\/","logo":{"@type":"ImageObject","inLanguage":"es","@id":"https:\/\/clece.es\/es\/#\/schema\/logo\/image\/","url":"https:\/\/sitio2.utopiasl.eu\/wp-content\/uploads\/2024\/10\/Logotipos_filiales_Clece_logotipo.png","contentUrl":"https:\/\/sitio2.utopiasl.eu\/wp-content\/uploads\/2024\/10\/Logotipos_filiales_Clece_logotipo.png","width":5000,"height":5000,"caption":"Grupo Clece"},"image":{"@id":"https:\/\/clece.es\/es\/#\/schema\/logo\/image\/"},"sameAs":["https:\/\/www.facebook.com\/CleceSociedadAnonima\/","https:\/\/x.com\/Clece_","https:\/\/www.linkedin.com\/company\/clece-sa\/"]},{"@type":"Person","@id":"https:\/\/clece.es\/es\/#\/schema\/person\/cd5d6e7d77bb6f448e4abc974139118e","name":"Mar Rodr\u00edguez","image":{"@type":"ImageObject","inLanguage":"es","@id":"https:\/\/secure.gravatar.com\/avatar\/428592fc6e078c5c6d8d270efe3caf62f691b3cfdab4b0e179da24d4fd64ba82?s=96&d=mm&r=g","url":"https:\/\/secure.gravatar.com\/avatar\/428592fc6e078c5c6d8d270efe3caf62f691b3cfdab4b0e179da24d4fd64ba82?s=96&d=mm&r=g","contentUrl":"https:\/\/secure.gravatar.com\/avatar\/428592fc6e078c5c6d8d270efe3caf62f691b3cfdab4b0e179da24d4fd64ba82?s=96&d=mm&r=g","caption":"Mar Rodr\u00edguez"},"url":"https:\/\/clece.es\/es\/author\/mrodriguezse\/"}]}},"_links":{"self":[{"href":"https:\/\/clece.es\/es\/wp-json\/wp\/v2\/posts\/151315","targetHints":{"allow":["GET"]}}],"collection":[{"href":"https:\/\/clece.es\/es\/wp-json\/wp\/v2\/posts"}],"about":[{"href":"https:\/\/clece.es\/es\/wp-json\/wp\/v2\/types\/post"}],"author":[{"embeddable":true,"href":"https:\/\/clece.es\/es\/wp-json\/wp\/v2\/users\/19"}],"replies":[{"embeddable":true,"href":"https:\/\/clece.es\/es\/wp-json\/wp\/v2\/comments?post=151315"}],"version-history":[{"count":4,"href":"https:\/\/clece.es\/es\/wp-json\/wp\/v2\/posts\/151315\/revisions"}],"predecessor-version":[{"id":151327,"href":"https:\/\/clece.es\/es\/wp-json\/wp\/v2\/posts\/151315\/revisions\/151327"}],"wp:featuredmedia":[{"embeddable":true,"href":"https:\/\/clece.es\/es\/wp-json\/wp\/v2\/media\/151316"}],"wp:attachment":[{"href":"https:\/\/clece.es\/es\/wp-json\/wp\/v2\/media?parent=151315"}],"wp:term":[{"taxonomy":"category","embeddable":true,"href":"https:\/\/clece.es\/es\/wp-json\/wp\/v2\/categories?post=151315"},{"taxonomy":"post_tag","embeddable":true,"href":"https:\/\/clece.es\/es\/wp-json\/wp\/v2\/tags?post=151315"}],"curies":[{"name":"wp","href":"https:\/\/api.w.org\/{rel}","templated":true}]}}