{"id":1844,"date":"2017-03-07T15:59:16","date_gmt":"2017-03-07T15:59:16","guid":{"rendered":"https:\/\/sitio2.utopiasl.eu\/2017\/03\/07\/los-ii-premios-revista-escuela-infantil-reconocen-proyecto-educativo-clece\/"},"modified":"2024-10-01T08:13:59","modified_gmt":"2024-10-01T08:13:59","slug":"los-ii-premios-revista-escuela-infantil-reconocen-proyecto-educativo-clece","status":"publish","type":"post","link":"https:\/\/clece.es\/es\/2017\/03\/07\/los-ii-premios-revista-escuela-infantil-reconocen-proyecto-educativo-clece\/","title":{"rendered":"Los II Premios Revista Escuela Infantil reconocen el proyecto educativo de Clece"},"content":{"rendered":"<ul>\n<li><strong>Clece recibi\u00f3 cuatro premios y una menci\u00f3n especial entre los 20 reconocimientos concedidos por la publicaci\u00f3n educativa <\/strong><\/li>\n<li><strong>Con premios en cuatro de las cinco categor\u00edas: tres en la subcategor\u00eda de 0 a 3 a\u00f1os y una en la subcategor\u00eda de Educaci\u00f3n de Necesidades Especiales<\/strong><\/li>\n<\/ul>\n<p>La revista profesional Escuela Infantil, del grupo editorial Siena, ha reconocido el proyecto educativo de Clece en el \u00e1mbito de Escuelas Infantiles con la entrega de cuatro galardones y una menci\u00f3n especial en la segunda edici\u00f3n del Premio Escuela Infantil.<\/p>\n<p>Las Escuelas Infantiles gestionadas por Clece consiguieron 19 proyectos finalistas y cinco ganadores, resultando premiada en cuatro de las cinco categor\u00edas tem\u00e1ticas: Lectoescritura, Alimentaci\u00f3n Saludable, Psicomotricidad, Extraescolares y Medio Ambiente, subdivididas en 0-3 (primer ciclo de Educaci\u00f3n Infantil), 0-6 (segundo ciclo) y Necesidades Educativas Especiales. En concreto, los galardones han reca\u00eddo en los siguientes equipos educativos:<\/p>\n<p><strong>\u00b7<\/strong> <strong>Escuela Infantil \u201cLos Palitos\u201d, de San Juan del Puerto, Huelva.<\/strong> Premio a Roc\u00edo Mazo, Mercedes de la Cinta Rodr\u00edguez, Joana Rodr\u00edguez y Carmen Toscano, en la categor\u00eda de Lectoescritura en el aula 0-3, por el proyecto Menudos Poetas.<\/p>\n<p><strong>\u00b7<\/strong> <strong>Escuela Infantil \u201cLos Duendecillos\u201d, de Pulp\u00ed, Almer\u00eda<\/strong>. Premio a Mercedes Losilla Garc\u00eda en la categor\u00eda de Alimentaci\u00f3n Saludable, en el aula 0-3, por el trabajo Nos divertimos desayunando sano.<\/p>\n<p><strong>\u00b7<\/strong> <strong>Escuela Infantil \u201cMon Petit\u201d de Cavall de Cart\u00f3 en Abrera, Barcelona<\/strong>. Premio a Paula Morales y Victoria S\u00e1nchez, en la categor\u00eda Extraescolares, en el aula 0-3, por el proyecto Campanitas.<\/p>\n<p><strong>\u00b7<\/strong> <strong>Escuela Municipal \u201cSagrada Familia\u201d<\/strong> <strong>de Cavall de Cartr\u00f3, en Caldes D\u2019Estrac\u201d, Barcelona<\/strong>. Premio a Remei Monge y Monste Humanes,\u00a0en Necesidades Educativas Especiales, por la propuesta Conociendo los gusanos de seda.<\/p>\n<p><strong>\u00b7<\/strong> <strong>Escuela Infantil \u201cSanipeques\u201d, de Granadilla de Abona, Tenerife<\/strong>. Menci\u00f3n especial a todo el equipo por profundizar en el desarrollo psicomotor del ni\u00f1o, yendo m\u00e1s all\u00e1 de la motricidad, la coordinaci\u00f3n y las habilidades b\u00e1sicas para fortalecer otras \u00e1reas ling\u00fc\u00edsticas, emocionales, creativas y preceptivas con su proyecto Sanipeques Pirata.<\/p>\n<p>La entrega de los premios tuvo lugar el 23 de febrero en la sede de la Universidad para Mayores de la Fundaci\u00f3n Universitaria San Pablo CEU de Madrid. Fueron un total de 20 los equipos educativos premiados en representaci\u00f3n de escuelas y centros venidos de diferentes puntos de la geograf\u00eda espa\u00f1ola y cinco menciones especiales.<\/p>\n<p>Todas las experiencias finalistas se publicar\u00e1n en la revista Escuela Infantil. Los ganadores de cada categor\u00eda, adem\u00e1s del diploma recibieron cheques regalo correspondientes a los patrocinadores de cada categor\u00eda y podr\u00e1n disfrutar un a\u00f1o gratis de suscripci\u00f3n a la revista.<\/p>\n<p>[URIS id=26709]<\/p>\n","protected":false},"excerpt":{"rendered":"<p>Clece recibi\u00f3 cuatro premios y una menci\u00f3n especial entre los 20 reconocimientos concedidos por la publicaci\u00f3n educativa Con premios en cuatro de las cinco categor\u00edas: tres en la subcategor\u00eda de 0 a 3 a\u00f1os y una en la subcategor\u00eda de Educaci\u00f3n de Necesidades Especiales La revista profesional Escuela Infantil, del grupo editorial Siena, ha reconocido [&hellip;]<\/p>\n","protected":false},"author":2,"featured_media":0,"comment_status":"closed","ping_status":"closed","sticky":false,"template":"","format":"standard","meta":{"_acf_changed":false,"footnotes":""},"categories":[33],"tags":[],"class_list":["post-1844","post","type-post","status-publish","format-standard","hentry","category-noticias"],"acf":[],"yoast_head":"<!-- This site is optimized with the Yoast SEO plugin v27.4 - https:\/\/yoast.com\/product\/yoast-seo-wordpress\/ -->\n<title>Los II Premios Revista Escuela Infantil reconocen el proyecto educativo de Clece - Clece<\/title>\n<meta name=\"robots\" content=\"index, follow, max-snippet:-1, max-image-preview:large, max-video-preview:-1\" \/>\n<link rel=\"canonical\" href=\"https:\/\/clece.es\/es\/2017\/03\/07\/los-ii-premios-revista-escuela-infantil-reconocen-proyecto-educativo-clece\/\" \/>\n<meta property=\"og:locale\" content=\"es_ES\" \/>\n<meta property=\"og:type\" content=\"article\" \/>\n<meta property=\"og:title\" content=\"Los II Premios Revista Escuela Infantil reconocen el proyecto educativo de Clece - Clece\" \/>\n<meta property=\"og:description\" content=\"Clece recibi\u00f3 cuatro premios y una menci\u00f3n especial entre los 20 reconocimientos concedidos por la publicaci\u00f3n educativa Con premios en cuatro de las cinco categor\u00edas: tres en la subcategor\u00eda de 0 a 3 a\u00f1os y una en la subcategor\u00eda de Educaci\u00f3n de Necesidades Especiales La revista profesional Escuela Infantil, del grupo editorial Siena, ha reconocido [&hellip;]\" \/>\n<meta property=\"og:url\" content=\"https:\/\/clece.es\/es\/2017\/03\/07\/los-ii-premios-revista-escuela-infantil-reconocen-proyecto-educativo-clece\/\" \/>\n<meta property=\"og:site_name\" content=\"Clece\" \/>\n<meta property=\"article:publisher\" content=\"https:\/\/www.facebook.com\/CleceSociedadAnonima\/\" \/>\n<meta property=\"article:published_time\" content=\"2017-03-07T15:59:16+00:00\" \/>\n<meta property=\"article:modified_time\" content=\"2024-10-01T08:13:59+00:00\" \/>\n<meta name=\"author\" content=\"Manuel Quintana\" \/>\n<meta name=\"twitter:card\" content=\"summary_large_image\" \/>\n<meta name=\"twitter:creator\" content=\"@Clece_\" \/>\n<meta name=\"twitter:site\" content=\"@Clece_\" \/>\n<meta name=\"twitter:label1\" content=\"Escrito por\" \/>\n\t<meta name=\"twitter:data1\" content=\"Manuel Quintana\" \/>\n\t<meta name=\"twitter:label2\" content=\"Tiempo de lectura\" \/>\n\t<meta name=\"twitter:data2\" content=\"2 minutos\" \/>\n<script type=\"application\/ld+json\" class=\"yoast-schema-graph\">{\"@context\":\"https:\\\/\\\/schema.org\",\"@graph\":[{\"@type\":\"Article\",\"@id\":\"https:\\\/\\\/clece.es\\\/es\\\/2017\\\/03\\\/07\\\/los-ii-premios-revista-escuela-infantil-reconocen-proyecto-educativo-clece\\\/#article\",\"isPartOf\":{\"@id\":\"https:\\\/\\\/clece.es\\\/es\\\/2017\\\/03\\\/07\\\/los-ii-premios-revista-escuela-infantil-reconocen-proyecto-educativo-clece\\\/\"},\"author\":{\"name\":\"Manuel Quintana\",\"@id\":\"https:\\\/\\\/clece.es\\\/es\\\/#\\\/schema\\\/person\\\/d2e0cbcc4c37c86ab7c1ee12dd9ca013\"},\"headline\":\"Los II Premios Revista Escuela Infantil reconocen el proyecto educativo de Clece\",\"datePublished\":\"2017-03-07T15:59:16+00:00\",\"dateModified\":\"2024-10-01T08:13:59+00:00\",\"mainEntityOfPage\":{\"@id\":\"https:\\\/\\\/clece.es\\\/es\\\/2017\\\/03\\\/07\\\/los-ii-premios-revista-escuela-infantil-reconocen-proyecto-educativo-clece\\\/\"},\"wordCount\":461,\"publisher\":{\"@id\":\"https:\\\/\\\/clece.es\\\/es\\\/#organization\"},\"articleSection\":[\"Noticias\"],\"inLanguage\":\"es\"},{\"@type\":\"WebPage\",\"@id\":\"https:\\\/\\\/clece.es\\\/es\\\/2017\\\/03\\\/07\\\/los-ii-premios-revista-escuela-infantil-reconocen-proyecto-educativo-clece\\\/\",\"url\":\"https:\\\/\\\/clece.es\\\/es\\\/2017\\\/03\\\/07\\\/los-ii-premios-revista-escuela-infantil-reconocen-proyecto-educativo-clece\\\/\",\"name\":\"Los II Premios Revista Escuela Infantil reconocen el proyecto educativo de Clece - Clece\",\"isPartOf\":{\"@id\":\"https:\\\/\\\/clece.es\\\/es\\\/#website\"},\"datePublished\":\"2017-03-07T15:59:16+00:00\",\"dateModified\":\"2024-10-01T08:13:59+00:00\",\"breadcrumb\":{\"@id\":\"https:\\\/\\\/clece.es\\\/es\\\/2017\\\/03\\\/07\\\/los-ii-premios-revista-escuela-infantil-reconocen-proyecto-educativo-clece\\\/#breadcrumb\"},\"inLanguage\":\"es\",\"potentialAction\":[{\"@type\":\"ReadAction\",\"target\":[\"https:\\\/\\\/clece.es\\\/es\\\/2017\\\/03\\\/07\\\/los-ii-premios-revista-escuela-infantil-reconocen-proyecto-educativo-clece\\\/\"]}]},{\"@type\":\"BreadcrumbList\",\"@id\":\"https:\\\/\\\/clece.es\\\/es\\\/2017\\\/03\\\/07\\\/los-ii-premios-revista-escuela-infantil-reconocen-proyecto-educativo-clece\\\/#breadcrumb\",\"itemListElement\":[{\"@type\":\"ListItem\",\"position\":1,\"name\":\"Portada\",\"item\":\"https:\\\/\\\/clece.es\\\/es\\\/\"},{\"@type\":\"ListItem\",\"position\":2,\"name\":\"Los II Premios Revista Escuela Infantil reconocen el proyecto educativo de Clece\"}]},{\"@type\":\"WebSite\",\"@id\":\"https:\\\/\\\/clece.es\\\/es\\\/#website\",\"url\":\"https:\\\/\\\/clece.es\\\/es\\\/\",\"name\":\"Clece\",\"description\":\"\",\"publisher\":{\"@id\":\"https:\\\/\\\/clece.es\\\/es\\\/#organization\"},\"potentialAction\":[{\"@type\":\"SearchAction\",\"target\":{\"@type\":\"EntryPoint\",\"urlTemplate\":\"https:\\\/\\\/clece.es\\\/es\\\/?s={search_term_string}\"},\"query-input\":{\"@type\":\"PropertyValueSpecification\",\"valueRequired\":true,\"valueName\":\"search_term_string\"}}],\"inLanguage\":\"es\"},{\"@type\":\"Organization\",\"@id\":\"https:\\\/\\\/clece.es\\\/es\\\/#organization\",\"name\":\"Grupo Clece\",\"url\":\"https:\\\/\\\/clece.es\\\/es\\\/\",\"logo\":{\"@type\":\"ImageObject\",\"inLanguage\":\"es\",\"@id\":\"https:\\\/\\\/clece.es\\\/es\\\/#\\\/schema\\\/logo\\\/image\\\/\",\"url\":\"https:\\\/\\\/sitio2.utopiasl.eu\\\/wp-content\\\/uploads\\\/2024\\\/10\\\/Logotipos_filiales_Clece_logotipo.png\",\"contentUrl\":\"https:\\\/\\\/sitio2.utopiasl.eu\\\/wp-content\\\/uploads\\\/2024\\\/10\\\/Logotipos_filiales_Clece_logotipo.png\",\"width\":5000,\"height\":5000,\"caption\":\"Grupo Clece\"},\"image\":{\"@id\":\"https:\\\/\\\/clece.es\\\/es\\\/#\\\/schema\\\/logo\\\/image\\\/\"},\"sameAs\":[\"https:\\\/\\\/www.facebook.com\\\/CleceSociedadAnonima\\\/\",\"https:\\\/\\\/x.com\\\/Clece_\",\"https:\\\/\\\/www.linkedin.com\\\/company\\\/clece-sa\\\/\"]},{\"@type\":\"Person\",\"@id\":\"https:\\\/\\\/clece.es\\\/es\\\/#\\\/schema\\\/person\\\/d2e0cbcc4c37c86ab7c1ee12dd9ca013\",\"name\":\"Manuel Quintana\",\"image\":{\"@type\":\"ImageObject\",\"inLanguage\":\"es\",\"@id\":\"https:\\\/\\\/secure.gravatar.com\\\/avatar\\\/ef55aed519439bb51078cd519542b9e82b3317a78b489372d5725085de18c6c2?s=96&d=mm&r=g\",\"url\":\"https:\\\/\\\/secure.gravatar.com\\\/avatar\\\/ef55aed519439bb51078cd519542b9e82b3317a78b489372d5725085de18c6c2?s=96&d=mm&r=g\",\"contentUrl\":\"https:\\\/\\\/secure.gravatar.com\\\/avatar\\\/ef55aed519439bb51078cd519542b9e82b3317a78b489372d5725085de18c6c2?s=96&d=mm&r=g\",\"caption\":\"Manuel Quintana\"},\"url\":\"https:\\\/\\\/clece.es\\\/es\\\/author\\\/manuelq\\\/\"}]}<\/script>\n<!-- \/ Yoast SEO plugin. -->","yoast_head_json":{"title":"Los II Premios Revista Escuela Infantil reconocen el proyecto educativo de Clece - Clece","robots":{"index":"index","follow":"follow","max-snippet":"max-snippet:-1","max-image-preview":"max-image-preview:large","max-video-preview":"max-video-preview:-1"},"canonical":"https:\/\/clece.es\/es\/2017\/03\/07\/los-ii-premios-revista-escuela-infantil-reconocen-proyecto-educativo-clece\/","og_locale":"es_ES","og_type":"article","og_title":"Los II Premios Revista Escuela Infantil reconocen el proyecto educativo de Clece - Clece","og_description":"Clece recibi\u00f3 cuatro premios y una menci\u00f3n especial entre los 20 reconocimientos concedidos por la publicaci\u00f3n educativa Con premios en cuatro de las cinco categor\u00edas: tres en la subcategor\u00eda de 0 a 3 a\u00f1os y una en la subcategor\u00eda de Educaci\u00f3n de Necesidades Especiales La revista profesional Escuela Infantil, del grupo editorial Siena, ha reconocido [&hellip;]","og_url":"https:\/\/clece.es\/es\/2017\/03\/07\/los-ii-premios-revista-escuela-infantil-reconocen-proyecto-educativo-clece\/","og_site_name":"Clece","article_publisher":"https:\/\/www.facebook.com\/CleceSociedadAnonima\/","article_published_time":"2017-03-07T15:59:16+00:00","article_modified_time":"2024-10-01T08:13:59+00:00","author":"Manuel Quintana","twitter_card":"summary_large_image","twitter_creator":"@Clece_","twitter_site":"@Clece_","twitter_misc":{"Escrito por":"Manuel Quintana","Tiempo de lectura":"2 minutos"},"schema":{"@context":"https:\/\/schema.org","@graph":[{"@type":"Article","@id":"https:\/\/clece.es\/es\/2017\/03\/07\/los-ii-premios-revista-escuela-infantil-reconocen-proyecto-educativo-clece\/#article","isPartOf":{"@id":"https:\/\/clece.es\/es\/2017\/03\/07\/los-ii-premios-revista-escuela-infantil-reconocen-proyecto-educativo-clece\/"},"author":{"name":"Manuel Quintana","@id":"https:\/\/clece.es\/es\/#\/schema\/person\/d2e0cbcc4c37c86ab7c1ee12dd9ca013"},"headline":"Los II Premios Revista Escuela Infantil reconocen el proyecto educativo de Clece","datePublished":"2017-03-07T15:59:16+00:00","dateModified":"2024-10-01T08:13:59+00:00","mainEntityOfPage":{"@id":"https:\/\/clece.es\/es\/2017\/03\/07\/los-ii-premios-revista-escuela-infantil-reconocen-proyecto-educativo-clece\/"},"wordCount":461,"publisher":{"@id":"https:\/\/clece.es\/es\/#organization"},"articleSection":["Noticias"],"inLanguage":"es"},{"@type":"WebPage","@id":"https:\/\/clece.es\/es\/2017\/03\/07\/los-ii-premios-revista-escuela-infantil-reconocen-proyecto-educativo-clece\/","url":"https:\/\/clece.es\/es\/2017\/03\/07\/los-ii-premios-revista-escuela-infantil-reconocen-proyecto-educativo-clece\/","name":"Los II Premios Revista Escuela Infantil reconocen el proyecto educativo de Clece - Clece","isPartOf":{"@id":"https:\/\/clece.es\/es\/#website"},"datePublished":"2017-03-07T15:59:16+00:00","dateModified":"2024-10-01T08:13:59+00:00","breadcrumb":{"@id":"https:\/\/clece.es\/es\/2017\/03\/07\/los-ii-premios-revista-escuela-infantil-reconocen-proyecto-educativo-clece\/#breadcrumb"},"inLanguage":"es","potentialAction":[{"@type":"ReadAction","target":["https:\/\/clece.es\/es\/2017\/03\/07\/los-ii-premios-revista-escuela-infantil-reconocen-proyecto-educativo-clece\/"]}]},{"@type":"BreadcrumbList","@id":"https:\/\/clece.es\/es\/2017\/03\/07\/los-ii-premios-revista-escuela-infantil-reconocen-proyecto-educativo-clece\/#breadcrumb","itemListElement":[{"@type":"ListItem","position":1,"name":"Portada","item":"https:\/\/clece.es\/es\/"},{"@type":"ListItem","position":2,"name":"Los II Premios Revista Escuela Infantil reconocen el proyecto educativo de Clece"}]},{"@type":"WebSite","@id":"https:\/\/clece.es\/es\/#website","url":"https:\/\/clece.es\/es\/","name":"Clece","description":"","publisher":{"@id":"https:\/\/clece.es\/es\/#organization"},"potentialAction":[{"@type":"SearchAction","target":{"@type":"EntryPoint","urlTemplate":"https:\/\/clece.es\/es\/?s={search_term_string}"},"query-input":{"@type":"PropertyValueSpecification","valueRequired":true,"valueName":"search_term_string"}}],"inLanguage":"es"},{"@type":"Organization","@id":"https:\/\/clece.es\/es\/#organization","name":"Grupo Clece","url":"https:\/\/clece.es\/es\/","logo":{"@type":"ImageObject","inLanguage":"es","@id":"https:\/\/clece.es\/es\/#\/schema\/logo\/image\/","url":"https:\/\/sitio2.utopiasl.eu\/wp-content\/uploads\/2024\/10\/Logotipos_filiales_Clece_logotipo.png","contentUrl":"https:\/\/sitio2.utopiasl.eu\/wp-content\/uploads\/2024\/10\/Logotipos_filiales_Clece_logotipo.png","width":5000,"height":5000,"caption":"Grupo Clece"},"image":{"@id":"https:\/\/clece.es\/es\/#\/schema\/logo\/image\/"},"sameAs":["https:\/\/www.facebook.com\/CleceSociedadAnonima\/","https:\/\/x.com\/Clece_","https:\/\/www.linkedin.com\/company\/clece-sa\/"]},{"@type":"Person","@id":"https:\/\/clece.es\/es\/#\/schema\/person\/d2e0cbcc4c37c86ab7c1ee12dd9ca013","name":"Manuel Quintana","image":{"@type":"ImageObject","inLanguage":"es","@id":"https:\/\/secure.gravatar.com\/avatar\/ef55aed519439bb51078cd519542b9e82b3317a78b489372d5725085de18c6c2?s=96&d=mm&r=g","url":"https:\/\/secure.gravatar.com\/avatar\/ef55aed519439bb51078cd519542b9e82b3317a78b489372d5725085de18c6c2?s=96&d=mm&r=g","contentUrl":"https:\/\/secure.gravatar.com\/avatar\/ef55aed519439bb51078cd519542b9e82b3317a78b489372d5725085de18c6c2?s=96&d=mm&r=g","caption":"Manuel Quintana"},"url":"https:\/\/clece.es\/es\/author\/manuelq\/"}]}},"_links":{"self":[{"href":"https:\/\/clece.es\/es\/wp-json\/wp\/v2\/posts\/1844","targetHints":{"allow":["GET"]}}],"collection":[{"href":"https:\/\/clece.es\/es\/wp-json\/wp\/v2\/posts"}],"about":[{"href":"https:\/\/clece.es\/es\/wp-json\/wp\/v2\/types\/post"}],"author":[{"embeddable":true,"href":"https:\/\/clece.es\/es\/wp-json\/wp\/v2\/users\/2"}],"replies":[{"embeddable":true,"href":"https:\/\/clece.es\/es\/wp-json\/wp\/v2\/comments?post=1844"}],"version-history":[{"count":1,"href":"https:\/\/clece.es\/es\/wp-json\/wp\/v2\/posts\/1844\/revisions"}],"predecessor-version":[{"id":1845,"href":"https:\/\/clece.es\/es\/wp-json\/wp\/v2\/posts\/1844\/revisions\/1845"}],"wp:attachment":[{"href":"https:\/\/clece.es\/es\/wp-json\/wp\/v2\/media?parent=1844"}],"wp:term":[{"taxonomy":"category","embeddable":true,"href":"https:\/\/clece.es\/es\/wp-json\/wp\/v2\/categories?post=1844"},{"taxonomy":"post_tag","embeddable":true,"href":"https:\/\/clece.es\/es\/wp-json\/wp\/v2\/tags?post=1844"}],"curies":[{"name":"wp","href":"https:\/\/api.w.org\/{rel}","templated":true}]}}