{"id":1950,"date":"2017-12-28T12:49:23","date_gmt":"2017-12-28T12:49:23","guid":{"rendered":"https:\/\/sitio2.utopiasl.eu\/2017\/12\/28\/centro-alzheimer-fundacion-reina-sofia-reconocido-la-prestigiosa-acreditacion-del-joint-comission-internacional\/"},"modified":"2024-10-01T08:14:02","modified_gmt":"2024-10-01T08:14:02","slug":"centro-alzheimer-fundacion-reina-sofia-reconocido-la-prestigiosa-acreditacion-del-joint-comission-internacional","status":"publish","type":"post","link":"https:\/\/clece.es\/es\/2017\/12\/28\/centro-alzheimer-fundacion-reina-sofia-reconocido-la-prestigiosa-acreditacion-del-joint-comission-internacional\/","title":{"rendered":"El Centro Alzheimer Fundaci\u00f3n Reina Sof\u00eda, reconocido con la prestigiosa acreditaci\u00f3n del \u201cJoint Comission\u00a0 Internacional\u201d"},"content":{"rendered":"<ul>\n<li><strong>Es el primer Centro de Atenci\u00f3n de larga estancia en Espa\u00f1a centrado en la enfermedad del Alzheimer que cuenta con esta distinci\u00f3n, considerada el est\u00e1ndar de oro en la atenci\u00f3n global<\/strong><\/li>\n<li><strong>Solo hay otros 33 centros m\u00e1s en el pa\u00eds con esta acreditaci\u00f3n internacional, incluyendo hospitales, centros de atenci\u00f3n primera y ambulatorios\u00a0<\/strong><\/li>\n<\/ul>\n<p>&nbsp;<\/p>\n<p>El <strong>Centro Alzheimer Fundaci\u00f3n Reina Sof\u00eda<\/strong> ha sido reconocido con la prestigiosa acreditaci\u00f3n del <strong>\u201cJoint Comission Internacional\u201d<\/strong>, por la calidad y seguridad en su gesti\u00f3n y sus servicios de atenci\u00f3n al usuario, con un <strong>cumplimiento del 97% en los est\u00e1ndares<\/strong>.<\/p>\n<p>Esta residencia p\u00fablica de la Comunidad de Madrid, gestionada por Clece Servicios Sociales, es una de las tres residencias asistenciales en Espa\u00f1a de cuidado a largo plazo y el primer centro dedicado a la enfermedad del Alzheimer que cuenta con esta distinci\u00f3n, considerada el est\u00e1ndar de oro en la atenci\u00f3n global. En Espa\u00f1a solo hay otros 33 centros m\u00e1s con esta acreditaci\u00f3n, incluyendo hospitales, centros de atenci\u00f3n primaria y centros ambulatorios. De ellos, 5 organizaciones se encuentran en la Comunidad de Madrid, incluyendo hospitales y centros de atenci\u00f3n ambulatoria, adem\u00e1s del Centro Alzheimer Fundaci\u00f3n Reina Sof\u00eda, que es el \u00fanico de ellos de gesti\u00f3n p\u00fablica.<\/p>\n<p>Joint Commission International es la organizaci\u00f3n encargada de medir, identificar y compartir las mejores pr\u00e1cticas a nivel mundial relacionadas con la calidad asistencial y la seguridad de los pacientes. Sus expertos, con presencia en 90 pa\u00edses, trabajan con hospitales y otras organizaciones sanitarias y asistenciales de todo el mundo para lograr el mejor desempe\u00f1o en la atenci\u00f3n a los pacientes y en la asistencia.<\/p>\n<p>\u201c<em>Estamos muy orgullosos de haber sido reconocidos con esta acreditaci\u00f3n que pone de manifiesto p\u00fablicamente que el centro cumple los m\u00e1s exigentes requisitos en materia de calidad y que pone de relieve el trabajo diario que realizamos para ofrecer un servicio asistencial centrado en la persona a lo largo de todo el proceso, desde su llegada a la organizaci\u00f3n hasta el momento de su baja<\/em>\u201d, comenta Cristina Rodriguez Fern\u00e1ndez: Directora Gerente del Centro Alzheimer Fundaci\u00f3n Reina Sof\u00eda.<\/p>\n<p>Este certificado eval\u00faa todos los aspectos de la gesti\u00f3n, orientando todas las fases hacia la eficiencia y las mejores pr\u00e1cticas, fomentando una cultura de seguridad del usuario, para reducir riesgos en los procesos cl\u00ednicos y asistenciales. Eval\u00faa 239 est\u00e1ndares y 914 elementos de medida, distribuidos en los est\u00e1ndares centrados en el residente y en la organizaci\u00f3n sanitaria. Adem\u00e1s, representa un proyecto com\u00fan de mejora para directivos y profesionales con un enfoque asistencial centrado en el usuario.<\/p>\n<p><strong>Centro de referencia en Alzheimer<\/strong><\/p>\n<p>El Centro Alzheimer Fundaci\u00f3n Reina Sof\u00eda, que ha cumplido este a\u00f1o su d\u00e9cimo aniversario, es un complejo asistencial de referencia en Alzheimer por el que han pasado m\u00e1s de 650 enfermos entre la residencia y el centro de d\u00eda, desde su inauguraci\u00f3n el 8 de marzo de 2007. En \u00e9l se abordan simult\u00e1neamente la enfermedad desde tres \u00e1ngulos complementarios: investigaci\u00f3n, formaci\u00f3n y servicio asistencial para enfermos.<\/p>\n<p>Uno de los aspectos m\u00e1s destacados del Centro Alzheimer Fundaci\u00f3n Reina Sof\u00eda es la convivencia en un mismo espacio de tres \u00e1reas fundamentales de trabajo en la enfermedad de Alzheimer: Una Unidad de Investigaci\u00f3n que es la Fundaci\u00f3n CIEN (Centro de Investigaci\u00f3n de Enfermedades Neurol\u00f3gicas) gestionada a trav\u00e9s del Instituto de Salud Carlos III. Ministerio de Econom\u00eda y Competitividad; un Centro de Formaci\u00f3n especializado en demencias, y un Centro Asistencial formado por una residencia de estancia permanente para 156 personas y un centro de d\u00eda para 40 personas y 20 plazas de respiro familiar, gestionados por la Consejer\u00eda de Pol\u00edticas Sociales y Familia, a trav\u00e9s de la empresa Clece Servicios Sociales.<\/p>\n","protected":false},"excerpt":{"rendered":"<p>Es el primer Centro de Atenci\u00f3n de larga estancia en Espa\u00f1a centrado en la enfermedad del Alzheimer que cuenta con esta distinci\u00f3n, considerada el est\u00e1ndar de oro en la atenci\u00f3n global Solo hay otros 33 centros m\u00e1s en el pa\u00eds con esta acreditaci\u00f3n internacional, incluyendo hospitales, centros de atenci\u00f3n primera y ambulatorios\u00a0 &nbsp; El Centro [&hellip;]<\/p>\n","protected":false},"author":2,"featured_media":1951,"comment_status":"closed","ping_status":"closed","sticky":false,"template":"","format":"standard","meta":{"_acf_changed":false,"footnotes":""},"categories":[33],"tags":[],"class_list":["post-1950","post","type-post","status-publish","format-standard","has-post-thumbnail","hentry","category-noticias"],"acf":[],"yoast_head":"<!-- This site is optimized with the Yoast SEO plugin v27.4 - https:\/\/yoast.com\/product\/yoast-seo-wordpress\/ -->\n<title>El Centro Alzheimer Fundaci\u00f3n Reina Sof\u00eda, reconocido con la prestigiosa acreditaci\u00f3n del \u201cJoint Comission\u00a0 Internacional\u201d - Clece<\/title>\n<meta name=\"robots\" content=\"index, follow, max-snippet:-1, max-image-preview:large, max-video-preview:-1\" \/>\n<link rel=\"canonical\" href=\"https:\/\/clece.es\/es\/2017\/12\/28\/centro-alzheimer-fundacion-reina-sofia-reconocido-la-prestigiosa-acreditacion-del-joint-comission-internacional\/\" \/>\n<meta property=\"og:locale\" content=\"es_ES\" \/>\n<meta property=\"og:type\" content=\"article\" \/>\n<meta property=\"og:title\" content=\"El Centro Alzheimer Fundaci\u00f3n Reina Sof\u00eda, reconocido con la prestigiosa acreditaci\u00f3n del \u201cJoint Comission\u00a0 Internacional\u201d - Clece\" \/>\n<meta property=\"og:description\" content=\"Es el primer Centro de Atenci\u00f3n de larga estancia en Espa\u00f1a centrado en la enfermedad del Alzheimer que cuenta con esta distinci\u00f3n, considerada el est\u00e1ndar de oro en la atenci\u00f3n global Solo hay otros 33 centros m\u00e1s en el pa\u00eds con esta acreditaci\u00f3n internacional, incluyendo hospitales, centros de atenci\u00f3n primera y ambulatorios\u00a0 &nbsp; El Centro [&hellip;]\" \/>\n<meta property=\"og:url\" content=\"https:\/\/clece.es\/es\/2017\/12\/28\/centro-alzheimer-fundacion-reina-sofia-reconocido-la-prestigiosa-acreditacion-del-joint-comission-internacional\/\" \/>\n<meta property=\"og:site_name\" content=\"Clece\" \/>\n<meta property=\"article:publisher\" content=\"https:\/\/www.facebook.com\/CleceSociedadAnonima\/\" \/>\n<meta property=\"article:published_time\" content=\"2017-12-28T12:49:23+00:00\" \/>\n<meta property=\"article:modified_time\" content=\"2024-10-01T08:14:02+00:00\" \/>\n<meta property=\"og:image\" content=\"https:\/\/clece.es\/wp-content\/uploads\/2024\/10\/Centro-Alzheimer-Fundacion-Reina-Sofia.jpg\" \/>\n\t<meta property=\"og:image:width\" content=\"1\" \/>\n\t<meta property=\"og:image:height\" content=\"1\" \/>\n\t<meta property=\"og:image:type\" content=\"image\/jpeg\" \/>\n<meta name=\"author\" content=\"Manuel Quintana\" \/>\n<meta name=\"twitter:card\" content=\"summary_large_image\" \/>\n<meta name=\"twitter:creator\" content=\"@Clece_\" \/>\n<meta name=\"twitter:site\" content=\"@Clece_\" \/>\n<meta name=\"twitter:label1\" content=\"Escrito por\" \/>\n\t<meta name=\"twitter:data1\" content=\"Manuel Quintana\" \/>\n\t<meta name=\"twitter:label2\" content=\"Tiempo de lectura\" \/>\n\t<meta name=\"twitter:data2\" content=\"3 minutos\" \/>\n<script type=\"application\/ld+json\" class=\"yoast-schema-graph\">{\"@context\":\"https:\\\/\\\/schema.org\",\"@graph\":[{\"@type\":\"Article\",\"@id\":\"https:\\\/\\\/clece.es\\\/es\\\/2017\\\/12\\\/28\\\/centro-alzheimer-fundacion-reina-sofia-reconocido-la-prestigiosa-acreditacion-del-joint-comission-internacional\\\/#article\",\"isPartOf\":{\"@id\":\"https:\\\/\\\/clece.es\\\/es\\\/2017\\\/12\\\/28\\\/centro-alzheimer-fundacion-reina-sofia-reconocido-la-prestigiosa-acreditacion-del-joint-comission-internacional\\\/\"},\"author\":{\"name\":\"Manuel Quintana\",\"@id\":\"https:\\\/\\\/clece.es\\\/es\\\/#\\\/schema\\\/person\\\/d2e0cbcc4c37c86ab7c1ee12dd9ca013\"},\"headline\":\"El Centro Alzheimer Fundaci\u00f3n Reina Sof\u00eda, reconocido con la prestigiosa acreditaci\u00f3n del \u201cJoint Comission\u00a0 Internacional\u201d\",\"datePublished\":\"2017-12-28T12:49:23+00:00\",\"dateModified\":\"2024-10-01T08:14:02+00:00\",\"mainEntityOfPage\":{\"@id\":\"https:\\\/\\\/clece.es\\\/es\\\/2017\\\/12\\\/28\\\/centro-alzheimer-fundacion-reina-sofia-reconocido-la-prestigiosa-acreditacion-del-joint-comission-internacional\\\/\"},\"wordCount\":678,\"publisher\":{\"@id\":\"https:\\\/\\\/clece.es\\\/es\\\/#organization\"},\"image\":{\"@id\":\"https:\\\/\\\/clece.es\\\/es\\\/2017\\\/12\\\/28\\\/centro-alzheimer-fundacion-reina-sofia-reconocido-la-prestigiosa-acreditacion-del-joint-comission-internacional\\\/#primaryimage\"},\"thumbnailUrl\":\"https:\\\/\\\/clece.es\\\/wp-content\\\/uploads\\\/2024\\\/10\\\/Centro-Alzheimer-Fundacion-Reina-Sofia.jpg\",\"articleSection\":[\"Noticias\"],\"inLanguage\":\"es\"},{\"@type\":\"WebPage\",\"@id\":\"https:\\\/\\\/clece.es\\\/es\\\/2017\\\/12\\\/28\\\/centro-alzheimer-fundacion-reina-sofia-reconocido-la-prestigiosa-acreditacion-del-joint-comission-internacional\\\/\",\"url\":\"https:\\\/\\\/clece.es\\\/es\\\/2017\\\/12\\\/28\\\/centro-alzheimer-fundacion-reina-sofia-reconocido-la-prestigiosa-acreditacion-del-joint-comission-internacional\\\/\",\"name\":\"El Centro Alzheimer Fundaci\u00f3n Reina Sof\u00eda, reconocido con la prestigiosa acreditaci\u00f3n del \u201cJoint Comission\u00a0 Internacional\u201d - Clece\",\"isPartOf\":{\"@id\":\"https:\\\/\\\/clece.es\\\/es\\\/#website\"},\"primaryImageOfPage\":{\"@id\":\"https:\\\/\\\/clece.es\\\/es\\\/2017\\\/12\\\/28\\\/centro-alzheimer-fundacion-reina-sofia-reconocido-la-prestigiosa-acreditacion-del-joint-comission-internacional\\\/#primaryimage\"},\"image\":{\"@id\":\"https:\\\/\\\/clece.es\\\/es\\\/2017\\\/12\\\/28\\\/centro-alzheimer-fundacion-reina-sofia-reconocido-la-prestigiosa-acreditacion-del-joint-comission-internacional\\\/#primaryimage\"},\"thumbnailUrl\":\"https:\\\/\\\/clece.es\\\/wp-content\\\/uploads\\\/2024\\\/10\\\/Centro-Alzheimer-Fundacion-Reina-Sofia.jpg\",\"datePublished\":\"2017-12-28T12:49:23+00:00\",\"dateModified\":\"2024-10-01T08:14:02+00:00\",\"breadcrumb\":{\"@id\":\"https:\\\/\\\/clece.es\\\/es\\\/2017\\\/12\\\/28\\\/centro-alzheimer-fundacion-reina-sofia-reconocido-la-prestigiosa-acreditacion-del-joint-comission-internacional\\\/#breadcrumb\"},\"inLanguage\":\"es\",\"potentialAction\":[{\"@type\":\"ReadAction\",\"target\":[\"https:\\\/\\\/clece.es\\\/es\\\/2017\\\/12\\\/28\\\/centro-alzheimer-fundacion-reina-sofia-reconocido-la-prestigiosa-acreditacion-del-joint-comission-internacional\\\/\"]}]},{\"@type\":\"ImageObject\",\"inLanguage\":\"es\",\"@id\":\"https:\\\/\\\/clece.es\\\/es\\\/2017\\\/12\\\/28\\\/centro-alzheimer-fundacion-reina-sofia-reconocido-la-prestigiosa-acreditacion-del-joint-comission-internacional\\\/#primaryimage\",\"url\":\"https:\\\/\\\/clece.es\\\/wp-content\\\/uploads\\\/2024\\\/10\\\/Centro-Alzheimer-Fundacion-Reina-Sofia.jpg\",\"contentUrl\":\"https:\\\/\\\/clece.es\\\/wp-content\\\/uploads\\\/2024\\\/10\\\/Centro-Alzheimer-Fundacion-Reina-Sofia.jpg\"},{\"@type\":\"BreadcrumbList\",\"@id\":\"https:\\\/\\\/clece.es\\\/es\\\/2017\\\/12\\\/28\\\/centro-alzheimer-fundacion-reina-sofia-reconocido-la-prestigiosa-acreditacion-del-joint-comission-internacional\\\/#breadcrumb\",\"itemListElement\":[{\"@type\":\"ListItem\",\"position\":1,\"name\":\"Portada\",\"item\":\"https:\\\/\\\/clece.es\\\/es\\\/\"},{\"@type\":\"ListItem\",\"position\":2,\"name\":\"El Centro Alzheimer Fundaci\u00f3n Reina Sof\u00eda, reconocido con la prestigiosa acreditaci\u00f3n del \u201cJoint Comission\u00a0 Internacional\u201d\"}]},{\"@type\":\"WebSite\",\"@id\":\"https:\\\/\\\/clece.es\\\/es\\\/#website\",\"url\":\"https:\\\/\\\/clece.es\\\/es\\\/\",\"name\":\"Clece\",\"description\":\"\",\"publisher\":{\"@id\":\"https:\\\/\\\/clece.es\\\/es\\\/#organization\"},\"potentialAction\":[{\"@type\":\"SearchAction\",\"target\":{\"@type\":\"EntryPoint\",\"urlTemplate\":\"https:\\\/\\\/clece.es\\\/es\\\/?s={search_term_string}\"},\"query-input\":{\"@type\":\"PropertyValueSpecification\",\"valueRequired\":true,\"valueName\":\"search_term_string\"}}],\"inLanguage\":\"es\"},{\"@type\":\"Organization\",\"@id\":\"https:\\\/\\\/clece.es\\\/es\\\/#organization\",\"name\":\"Grupo Clece\",\"url\":\"https:\\\/\\\/clece.es\\\/es\\\/\",\"logo\":{\"@type\":\"ImageObject\",\"inLanguage\":\"es\",\"@id\":\"https:\\\/\\\/clece.es\\\/es\\\/#\\\/schema\\\/logo\\\/image\\\/\",\"url\":\"https:\\\/\\\/sitio2.utopiasl.eu\\\/wp-content\\\/uploads\\\/2024\\\/10\\\/Logotipos_filiales_Clece_logotipo.png\",\"contentUrl\":\"https:\\\/\\\/sitio2.utopiasl.eu\\\/wp-content\\\/uploads\\\/2024\\\/10\\\/Logotipos_filiales_Clece_logotipo.png\",\"width\":5000,\"height\":5000,\"caption\":\"Grupo Clece\"},\"image\":{\"@id\":\"https:\\\/\\\/clece.es\\\/es\\\/#\\\/schema\\\/logo\\\/image\\\/\"},\"sameAs\":[\"https:\\\/\\\/www.facebook.com\\\/CleceSociedadAnonima\\\/\",\"https:\\\/\\\/x.com\\\/Clece_\",\"https:\\\/\\\/www.linkedin.com\\\/company\\\/clece-sa\\\/\"]},{\"@type\":\"Person\",\"@id\":\"https:\\\/\\\/clece.es\\\/es\\\/#\\\/schema\\\/person\\\/d2e0cbcc4c37c86ab7c1ee12dd9ca013\",\"name\":\"Manuel Quintana\",\"image\":{\"@type\":\"ImageObject\",\"inLanguage\":\"es\",\"@id\":\"https:\\\/\\\/secure.gravatar.com\\\/avatar\\\/ef55aed519439bb51078cd519542b9e82b3317a78b489372d5725085de18c6c2?s=96&d=mm&r=g\",\"url\":\"https:\\\/\\\/secure.gravatar.com\\\/avatar\\\/ef55aed519439bb51078cd519542b9e82b3317a78b489372d5725085de18c6c2?s=96&d=mm&r=g\",\"contentUrl\":\"https:\\\/\\\/secure.gravatar.com\\\/avatar\\\/ef55aed519439bb51078cd519542b9e82b3317a78b489372d5725085de18c6c2?s=96&d=mm&r=g\",\"caption\":\"Manuel Quintana\"},\"url\":\"https:\\\/\\\/clece.es\\\/es\\\/author\\\/manuelq\\\/\"}]}<\/script>\n<!-- \/ Yoast SEO plugin. -->","yoast_head_json":{"title":"El Centro Alzheimer Fundaci\u00f3n Reina Sof\u00eda, reconocido con la prestigiosa acreditaci\u00f3n del \u201cJoint Comission\u00a0 Internacional\u201d - Clece","robots":{"index":"index","follow":"follow","max-snippet":"max-snippet:-1","max-image-preview":"max-image-preview:large","max-video-preview":"max-video-preview:-1"},"canonical":"https:\/\/clece.es\/es\/2017\/12\/28\/centro-alzheimer-fundacion-reina-sofia-reconocido-la-prestigiosa-acreditacion-del-joint-comission-internacional\/","og_locale":"es_ES","og_type":"article","og_title":"El Centro Alzheimer Fundaci\u00f3n Reina Sof\u00eda, reconocido con la prestigiosa acreditaci\u00f3n del \u201cJoint Comission\u00a0 Internacional\u201d - Clece","og_description":"Es el primer Centro de Atenci\u00f3n de larga estancia en Espa\u00f1a centrado en la enfermedad del Alzheimer que cuenta con esta distinci\u00f3n, considerada el est\u00e1ndar de oro en la atenci\u00f3n global Solo hay otros 33 centros m\u00e1s en el pa\u00eds con esta acreditaci\u00f3n internacional, incluyendo hospitales, centros de atenci\u00f3n primera y ambulatorios\u00a0 &nbsp; El Centro [&hellip;]","og_url":"https:\/\/clece.es\/es\/2017\/12\/28\/centro-alzheimer-fundacion-reina-sofia-reconocido-la-prestigiosa-acreditacion-del-joint-comission-internacional\/","og_site_name":"Clece","article_publisher":"https:\/\/www.facebook.com\/CleceSociedadAnonima\/","article_published_time":"2017-12-28T12:49:23+00:00","article_modified_time":"2024-10-01T08:14:02+00:00","og_image":[{"url":"https:\/\/clece.es\/wp-content\/uploads\/2024\/10\/Centro-Alzheimer-Fundacion-Reina-Sofia.jpg","width":1,"height":1,"type":"image\/jpeg"}],"author":"Manuel Quintana","twitter_card":"summary_large_image","twitter_creator":"@Clece_","twitter_site":"@Clece_","twitter_misc":{"Escrito por":"Manuel Quintana","Tiempo de lectura":"3 minutos"},"schema":{"@context":"https:\/\/schema.org","@graph":[{"@type":"Article","@id":"https:\/\/clece.es\/es\/2017\/12\/28\/centro-alzheimer-fundacion-reina-sofia-reconocido-la-prestigiosa-acreditacion-del-joint-comission-internacional\/#article","isPartOf":{"@id":"https:\/\/clece.es\/es\/2017\/12\/28\/centro-alzheimer-fundacion-reina-sofia-reconocido-la-prestigiosa-acreditacion-del-joint-comission-internacional\/"},"author":{"name":"Manuel Quintana","@id":"https:\/\/clece.es\/es\/#\/schema\/person\/d2e0cbcc4c37c86ab7c1ee12dd9ca013"},"headline":"El Centro Alzheimer Fundaci\u00f3n Reina Sof\u00eda, reconocido con la prestigiosa acreditaci\u00f3n del \u201cJoint Comission\u00a0 Internacional\u201d","datePublished":"2017-12-28T12:49:23+00:00","dateModified":"2024-10-01T08:14:02+00:00","mainEntityOfPage":{"@id":"https:\/\/clece.es\/es\/2017\/12\/28\/centro-alzheimer-fundacion-reina-sofia-reconocido-la-prestigiosa-acreditacion-del-joint-comission-internacional\/"},"wordCount":678,"publisher":{"@id":"https:\/\/clece.es\/es\/#organization"},"image":{"@id":"https:\/\/clece.es\/es\/2017\/12\/28\/centro-alzheimer-fundacion-reina-sofia-reconocido-la-prestigiosa-acreditacion-del-joint-comission-internacional\/#primaryimage"},"thumbnailUrl":"https:\/\/clece.es\/wp-content\/uploads\/2024\/10\/Centro-Alzheimer-Fundacion-Reina-Sofia.jpg","articleSection":["Noticias"],"inLanguage":"es"},{"@type":"WebPage","@id":"https:\/\/clece.es\/es\/2017\/12\/28\/centro-alzheimer-fundacion-reina-sofia-reconocido-la-prestigiosa-acreditacion-del-joint-comission-internacional\/","url":"https:\/\/clece.es\/es\/2017\/12\/28\/centro-alzheimer-fundacion-reina-sofia-reconocido-la-prestigiosa-acreditacion-del-joint-comission-internacional\/","name":"El Centro Alzheimer Fundaci\u00f3n Reina Sof\u00eda, reconocido con la prestigiosa acreditaci\u00f3n del \u201cJoint Comission\u00a0 Internacional\u201d - Clece","isPartOf":{"@id":"https:\/\/clece.es\/es\/#website"},"primaryImageOfPage":{"@id":"https:\/\/clece.es\/es\/2017\/12\/28\/centro-alzheimer-fundacion-reina-sofia-reconocido-la-prestigiosa-acreditacion-del-joint-comission-internacional\/#primaryimage"},"image":{"@id":"https:\/\/clece.es\/es\/2017\/12\/28\/centro-alzheimer-fundacion-reina-sofia-reconocido-la-prestigiosa-acreditacion-del-joint-comission-internacional\/#primaryimage"},"thumbnailUrl":"https:\/\/clece.es\/wp-content\/uploads\/2024\/10\/Centro-Alzheimer-Fundacion-Reina-Sofia.jpg","datePublished":"2017-12-28T12:49:23+00:00","dateModified":"2024-10-01T08:14:02+00:00","breadcrumb":{"@id":"https:\/\/clece.es\/es\/2017\/12\/28\/centro-alzheimer-fundacion-reina-sofia-reconocido-la-prestigiosa-acreditacion-del-joint-comission-internacional\/#breadcrumb"},"inLanguage":"es","potentialAction":[{"@type":"ReadAction","target":["https:\/\/clece.es\/es\/2017\/12\/28\/centro-alzheimer-fundacion-reina-sofia-reconocido-la-prestigiosa-acreditacion-del-joint-comission-internacional\/"]}]},{"@type":"ImageObject","inLanguage":"es","@id":"https:\/\/clece.es\/es\/2017\/12\/28\/centro-alzheimer-fundacion-reina-sofia-reconocido-la-prestigiosa-acreditacion-del-joint-comission-internacional\/#primaryimage","url":"https:\/\/clece.es\/wp-content\/uploads\/2024\/10\/Centro-Alzheimer-Fundacion-Reina-Sofia.jpg","contentUrl":"https:\/\/clece.es\/wp-content\/uploads\/2024\/10\/Centro-Alzheimer-Fundacion-Reina-Sofia.jpg"},{"@type":"BreadcrumbList","@id":"https:\/\/clece.es\/es\/2017\/12\/28\/centro-alzheimer-fundacion-reina-sofia-reconocido-la-prestigiosa-acreditacion-del-joint-comission-internacional\/#breadcrumb","itemListElement":[{"@type":"ListItem","position":1,"name":"Portada","item":"https:\/\/clece.es\/es\/"},{"@type":"ListItem","position":2,"name":"El Centro Alzheimer Fundaci\u00f3n Reina Sof\u00eda, reconocido con la prestigiosa acreditaci\u00f3n del \u201cJoint Comission\u00a0 Internacional\u201d"}]},{"@type":"WebSite","@id":"https:\/\/clece.es\/es\/#website","url":"https:\/\/clece.es\/es\/","name":"Clece","description":"","publisher":{"@id":"https:\/\/clece.es\/es\/#organization"},"potentialAction":[{"@type":"SearchAction","target":{"@type":"EntryPoint","urlTemplate":"https:\/\/clece.es\/es\/?s={search_term_string}"},"query-input":{"@type":"PropertyValueSpecification","valueRequired":true,"valueName":"search_term_string"}}],"inLanguage":"es"},{"@type":"Organization","@id":"https:\/\/clece.es\/es\/#organization","name":"Grupo Clece","url":"https:\/\/clece.es\/es\/","logo":{"@type":"ImageObject","inLanguage":"es","@id":"https:\/\/clece.es\/es\/#\/schema\/logo\/image\/","url":"https:\/\/sitio2.utopiasl.eu\/wp-content\/uploads\/2024\/10\/Logotipos_filiales_Clece_logotipo.png","contentUrl":"https:\/\/sitio2.utopiasl.eu\/wp-content\/uploads\/2024\/10\/Logotipos_filiales_Clece_logotipo.png","width":5000,"height":5000,"caption":"Grupo Clece"},"image":{"@id":"https:\/\/clece.es\/es\/#\/schema\/logo\/image\/"},"sameAs":["https:\/\/www.facebook.com\/CleceSociedadAnonima\/","https:\/\/x.com\/Clece_","https:\/\/www.linkedin.com\/company\/clece-sa\/"]},{"@type":"Person","@id":"https:\/\/clece.es\/es\/#\/schema\/person\/d2e0cbcc4c37c86ab7c1ee12dd9ca013","name":"Manuel Quintana","image":{"@type":"ImageObject","inLanguage":"es","@id":"https:\/\/secure.gravatar.com\/avatar\/ef55aed519439bb51078cd519542b9e82b3317a78b489372d5725085de18c6c2?s=96&d=mm&r=g","url":"https:\/\/secure.gravatar.com\/avatar\/ef55aed519439bb51078cd519542b9e82b3317a78b489372d5725085de18c6c2?s=96&d=mm&r=g","contentUrl":"https:\/\/secure.gravatar.com\/avatar\/ef55aed519439bb51078cd519542b9e82b3317a78b489372d5725085de18c6c2?s=96&d=mm&r=g","caption":"Manuel Quintana"},"url":"https:\/\/clece.es\/es\/author\/manuelq\/"}]}},"_links":{"self":[{"href":"https:\/\/clece.es\/es\/wp-json\/wp\/v2\/posts\/1950","targetHints":{"allow":["GET"]}}],"collection":[{"href":"https:\/\/clece.es\/es\/wp-json\/wp\/v2\/posts"}],"about":[{"href":"https:\/\/clece.es\/es\/wp-json\/wp\/v2\/types\/post"}],"author":[{"embeddable":true,"href":"https:\/\/clece.es\/es\/wp-json\/wp\/v2\/users\/2"}],"replies":[{"embeddable":true,"href":"https:\/\/clece.es\/es\/wp-json\/wp\/v2\/comments?post=1950"}],"version-history":[{"count":1,"href":"https:\/\/clece.es\/es\/wp-json\/wp\/v2\/posts\/1950\/revisions"}],"predecessor-version":[{"id":1957,"href":"https:\/\/clece.es\/es\/wp-json\/wp\/v2\/posts\/1950\/revisions\/1957"}],"wp:featuredmedia":[{"embeddable":true,"href":"https:\/\/clece.es\/es\/wp-json\/wp\/v2\/media\/1951"}],"wp:attachment":[{"href":"https:\/\/clece.es\/es\/wp-json\/wp\/v2\/media?parent=1950"}],"wp:term":[{"taxonomy":"category","embeddable":true,"href":"https:\/\/clece.es\/es\/wp-json\/wp\/v2\/categories?post=1950"},{"taxonomy":"post_tag","embeddable":true,"href":"https:\/\/clece.es\/es\/wp-json\/wp\/v2\/tags?post=1950"}],"curies":[{"name":"wp","href":"https:\/\/api.w.org\/{rel}","templated":true}]}}