{"id":1982,"date":"2018-04-27T07:10:51","date_gmt":"2018-04-27T07:10:51","guid":{"rendered":"https:\/\/sitio2.utopiasl.eu\/2018\/04\/27\/clece-oferta-2-000-puestos-trabajo-madrid-colectivos-vulnerables-perfiles-atencion-mayores\/"},"modified":"2024-10-01T08:14:02","modified_gmt":"2024-10-01T08:14:02","slug":"clece-oferta-2-000-puestos-trabajo-madrid-colectivos-vulnerables-perfiles-atencion-mayores","status":"publish","type":"post","link":"https:\/\/clece.es\/es\/2018\/04\/27\/clece-oferta-2-000-puestos-trabajo-madrid-colectivos-vulnerables-perfiles-atencion-mayores\/","title":{"rendered":"Clece oferta 2.000 puestos de trabajo en Madrid para colectivos vulnerables y perfiles de atenci\u00f3n a mayores"},"content":{"rendered":"<ul>\n<li><strong>Los interesados pueden participar en Laboral MAD, un encuentro de empleo que tendr\u00e1 lugar los d\u00edas 9 y 10 de mayo en la estaci\u00f3n de Chamart\u00edn de Madrid<\/strong><\/li>\n<li><strong>Para facilitar un proceso de selecci\u00f3n eficaz, cercano y transparente las entrevistas con los candidatos se concertar\u00e1n previo registro en la web o a trav\u00e9s de las asociaciones colaboradoras<\/strong><\/li>\n<\/ul>\n<p>La estaci\u00f3n de Chamart\u00edn de Madrid acoger\u00e1 los pr\u00f3ximos 9 y 10 de mayo <a href=\"http:\/\/laboralmad.es\/\" target=\"_blank\" rel=\"noopener\">Laboral MAD<\/a>, un encuentro en el que se ofertar\u00e1n 2.000 puestos de empleo dirigidos a dos perfiles muy concretos: colectivos vulnerables y\u00a0 personas interesadas en trabajar en atenci\u00f3n social a mayores.<\/p>\n<p>El primer d\u00eda de <a href=\"http:\/\/laboralmad.es\/\" target=\"_blank\" rel=\"noopener\">Laboral MAD<\/a>, el mi\u00e9rcoles 9 de mayo, el encuentro estar\u00e1 centrado en generar oportunidades para personas de colectivos vulnerables, en concreto personas con discapacidad y mujeres v\u00edctimas de violencia de g\u00e9nero. A trav\u00e9s de las asociaciones colaboradoras -Cruz Roja Espa\u00f1ola, Fundaci\u00f3n Adecco, Pinardi, Randstad y Compromiso Integra &#8211; podr\u00e1n optar a los m\u00e1s de 1.000 puestos de trabajo que Clece oferta en Madrid.<\/p>\n<p>La segunda jornada, el jueves 10 de mayo, se dirigir\u00e1 a perfiles interesados en trabajar en el Servicio de Ayuda a Domicilio, residencias de mayores y centros de d\u00eda, principalmente en el Sur de la Comunidad de Madrid, \u00e1mbito en el que Clece oferta 1.000 puestos.<\/p>\n<p><em>\u201cSe dar\u00e1 prioridad a aquellos candidatos que tengan Formaci\u00f3n Profesional o Certificado de Profesionalidad en Atenci\u00f3n Sociosanitaria o una m\u00ednima experiencia en la atenci\u00f3n de personas mayores. En caso de no contar con formaci\u00f3n ni experiencia previa, pero s\u00ed con las actitudes necesarias, nos comprometemos a dar la formaci\u00f3n que se precise\u201d<\/em> explica \u00cd\u00f1igo Camilleri, responsable de Selecci\u00f3n y Desarrollo de Clece.<\/p>\n<p><strong>M\u00e1s que una feria de empleo\u00a0<\/strong><\/p>\n<p>El encuentro se celebrar\u00e1 en la Estaci\u00f3n de Chamart\u00edn, en un espacio concebido para generar la mejor experiencia posible para el candidato. <em>\u201cNo buscamos una manera convencional de selecci\u00f3n. El objetivo es que el candidato se encuentre lo m\u00e1s c\u00f3modo posible y poder interaccionar con \u00e9l en un espacio cercano, que genere confianza\u201d<\/em> apunta \u00cd\u00f1igo Camilleri.<\/p>\n<p><a href=\"http:\/\/laboralmad.es\/\" target=\"_blank\" rel=\"noopener\">Laboral MAD<\/a> estar\u00e1 dividido en tres \u00e1reas. En las dos primeras el candidato podr\u00e1 conocer mejor Clece y las caracter\u00edsticas del trabajo en un espacio audiovisual o esperar su turno en una zona habilitada con wifi. La \u00faltima \u00e1rea contar\u00e1 con m\u00e1s de 20 puestos en los que se entrevistar\u00e1 a los candidatos.<\/p>\n<p>Con el fin de generar una experiencia de selecci\u00f3n m\u00e1s c\u00f3moda y poder participar con una entrevista previamente concertada, en ambas jornadas es necesario el registro previo. Bien a trav\u00e9s de las asociaciones colaboradoras para los candidatos del d\u00eda 9 de mayo, o bien a trav\u00e9s de la web <a href=\"http:\/\/laboralmad.es\/\" target=\"_blank\" rel=\"noopener\">http:\/\/laboralmad.es\/<\/a> para el d\u00eda 10 de mayo. En caso de no poder concertar la cita con antelaci\u00f3n, los organizadores recoger\u00e1n las solicitudes de los asistentes para que puedan entrar en el proceso de selecci\u00f3n.<\/p>\n<p><strong>Integraci\u00f3n laboral y profesi\u00f3n de futuro<\/strong><\/p>\n<p>Clece apuesta por dar oportunidades laborales a personas con mayores dificultades para acceder al mercado laboral. En la actualidad de sus 74.411 empleados, m\u00e1s de un 10%, 7.547 trabajadores, provienen de colectivos vulnerables. En concreto, a finales de 2017, 176 eran v\u00edctimas de violencia de g\u00e9nero y 5.563, personas con diversidad funcional. <em>\u201cQueremos seguir impulsando este compromiso. La colaboraci\u00f3n con asociaciones y entidades sociales que trabajen con estos colectivos es indispensable en el proceso porque ellos nos permiten la selecci\u00f3n. Con Laboral MAD creamos un punto de encuentro donde todos los elementos de la cadena se unen en el mismo espacio: candidato, intermediario y empresa. Creemos que es el formato id\u00f3neo para poder cubrir los 1.000 puestos que ofertamos\u201d<\/em> comenta \u00cd\u00f1igo Camilleri.<\/p>\n<p>&nbsp;<\/p>\n<p>Por otro lado, Clece se posiciona como un referente en atenci\u00f3n a personas mayores. El grupo atiende a nivel nacional a 104.894 usuarios de ayuda a domicilio y a 10.408 usuarios de teleasistencia. En el \u00e1mbito residencial gestiona 136 residencias y 110 centros de d\u00eda. Para ello cuenta con un equipo de 30.967 profesionales. <em>\u201cEl envejecimiento de la poblaci\u00f3n y la mejora de servicios sociales hace que la demanda de servicios a mayores sea creciente, convirtiendo esta asistencia sociosanitaria en un sector de gran potencial laboral. Ya lo es en la actualidad y su progresi\u00f3n ser\u00e1 ascendente. Profesiones, adem\u00e1s, que tenemos que poner en valor por su gran labor y calado social\u201d<\/em> afirma \u00cd\u00f1igo Camilleri.<\/p>\n<p><strong>Te esperamos:<\/strong><\/p>\n<ul>\n<li><strong>Lugar: Estaci\u00f3n de Chamart\u00edn s\/n &#8211; 28036 Madrid I Salas Demo 1 y 2 (1\u00aa Planta)<\/strong><\/li>\n<li><strong>D\u00edas: 9 y 10 de mayo<\/strong><\/li>\n<li><strong>Laboral MAD<\/strong> <a href=\"http:\/\/laboralmad.es\/\" target=\"_blank\" rel=\"noopener\">http:\/\/laboralmad.es\/<\/a><\/li>\n<\/ul>\n","protected":false},"excerpt":{"rendered":"<p>Los interesados pueden participar en Laboral MAD, un encuentro de empleo que tendr\u00e1 lugar los d\u00edas 9 y 10 de mayo en la estaci\u00f3n de Chamart\u00edn de Madrid Para facilitar un proceso de selecci\u00f3n eficaz, cercano y transparente las entrevistas con los candidatos se concertar\u00e1n previo registro en la web o a trav\u00e9s de las [&hellip;]<\/p>\n","protected":false},"author":2,"featured_media":0,"comment_status":"closed","ping_status":"closed","sticky":false,"template":"","format":"standard","meta":{"_acf_changed":false,"footnotes":""},"categories":[33],"tags":[],"class_list":["post-1982","post","type-post","status-publish","format-standard","hentry","category-noticias"],"acf":[],"yoast_head":"<!-- This site is optimized with the Yoast SEO plugin v27.4 - https:\/\/yoast.com\/product\/yoast-seo-wordpress\/ -->\n<title>Clece oferta 2.000 puestos de trabajo en Madrid para colectivos vulnerables y perfiles de atenci\u00f3n a mayores - Clece<\/title>\n<meta name=\"robots\" content=\"index, follow, max-snippet:-1, max-image-preview:large, max-video-preview:-1\" \/>\n<link rel=\"canonical\" href=\"https:\/\/clece.es\/es\/2018\/04\/27\/clece-oferta-2-000-puestos-trabajo-madrid-colectivos-vulnerables-perfiles-atencion-mayores\/\" \/>\n<meta property=\"og:locale\" content=\"es_ES\" \/>\n<meta property=\"og:type\" content=\"article\" \/>\n<meta property=\"og:title\" content=\"Clece oferta 2.000 puestos de trabajo en Madrid para colectivos vulnerables y perfiles de atenci\u00f3n a mayores - Clece\" \/>\n<meta property=\"og:description\" content=\"Los interesados pueden participar en Laboral MAD, un encuentro de empleo que tendr\u00e1 lugar los d\u00edas 9 y 10 de mayo en la estaci\u00f3n de Chamart\u00edn de Madrid Para facilitar un proceso de selecci\u00f3n eficaz, cercano y transparente las entrevistas con los candidatos se concertar\u00e1n previo registro en la web o a trav\u00e9s de las [&hellip;]\" \/>\n<meta property=\"og:url\" content=\"https:\/\/clece.es\/es\/2018\/04\/27\/clece-oferta-2-000-puestos-trabajo-madrid-colectivos-vulnerables-perfiles-atencion-mayores\/\" \/>\n<meta property=\"og:site_name\" content=\"Clece\" \/>\n<meta property=\"article:publisher\" content=\"https:\/\/www.facebook.com\/CleceSociedadAnonima\/\" \/>\n<meta property=\"article:published_time\" content=\"2018-04-27T07:10:51+00:00\" \/>\n<meta property=\"article:modified_time\" content=\"2024-10-01T08:14:02+00:00\" \/>\n<meta name=\"author\" content=\"Manuel Quintana\" \/>\n<meta name=\"twitter:card\" content=\"summary_large_image\" \/>\n<meta name=\"twitter:creator\" content=\"@Clece_\" \/>\n<meta name=\"twitter:site\" content=\"@Clece_\" \/>\n<meta name=\"twitter:label1\" content=\"Escrito por\" \/>\n\t<meta name=\"twitter:data1\" content=\"Manuel Quintana\" \/>\n\t<meta name=\"twitter:label2\" content=\"Tiempo de lectura\" \/>\n\t<meta name=\"twitter:data2\" content=\"4 minutos\" \/>\n<script type=\"application\/ld+json\" class=\"yoast-schema-graph\">{\"@context\":\"https:\\\/\\\/schema.org\",\"@graph\":[{\"@type\":\"Article\",\"@id\":\"https:\\\/\\\/clece.es\\\/es\\\/2018\\\/04\\\/27\\\/clece-oferta-2-000-puestos-trabajo-madrid-colectivos-vulnerables-perfiles-atencion-mayores\\\/#article\",\"isPartOf\":{\"@id\":\"https:\\\/\\\/clece.es\\\/es\\\/2018\\\/04\\\/27\\\/clece-oferta-2-000-puestos-trabajo-madrid-colectivos-vulnerables-perfiles-atencion-mayores\\\/\"},\"author\":{\"name\":\"Manuel Quintana\",\"@id\":\"https:\\\/\\\/clece.es\\\/es\\\/#\\\/schema\\\/person\\\/d2e0cbcc4c37c86ab7c1ee12dd9ca013\"},\"headline\":\"Clece oferta 2.000 puestos de trabajo en Madrid para colectivos vulnerables y perfiles de atenci\u00f3n a mayores\",\"datePublished\":\"2018-04-27T07:10:51+00:00\",\"dateModified\":\"2024-10-01T08:14:02+00:00\",\"mainEntityOfPage\":{\"@id\":\"https:\\\/\\\/clece.es\\\/es\\\/2018\\\/04\\\/27\\\/clece-oferta-2-000-puestos-trabajo-madrid-colectivos-vulnerables-perfiles-atencion-mayores\\\/\"},\"wordCount\":800,\"publisher\":{\"@id\":\"https:\\\/\\\/clece.es\\\/es\\\/#organization\"},\"articleSection\":[\"Noticias\"],\"inLanguage\":\"es\"},{\"@type\":\"WebPage\",\"@id\":\"https:\\\/\\\/clece.es\\\/es\\\/2018\\\/04\\\/27\\\/clece-oferta-2-000-puestos-trabajo-madrid-colectivos-vulnerables-perfiles-atencion-mayores\\\/\",\"url\":\"https:\\\/\\\/clece.es\\\/es\\\/2018\\\/04\\\/27\\\/clece-oferta-2-000-puestos-trabajo-madrid-colectivos-vulnerables-perfiles-atencion-mayores\\\/\",\"name\":\"Clece oferta 2.000 puestos de trabajo en Madrid para colectivos vulnerables y perfiles de atenci\u00f3n a mayores - Clece\",\"isPartOf\":{\"@id\":\"https:\\\/\\\/clece.es\\\/es\\\/#website\"},\"datePublished\":\"2018-04-27T07:10:51+00:00\",\"dateModified\":\"2024-10-01T08:14:02+00:00\",\"breadcrumb\":{\"@id\":\"https:\\\/\\\/clece.es\\\/es\\\/2018\\\/04\\\/27\\\/clece-oferta-2-000-puestos-trabajo-madrid-colectivos-vulnerables-perfiles-atencion-mayores\\\/#breadcrumb\"},\"inLanguage\":\"es\",\"potentialAction\":[{\"@type\":\"ReadAction\",\"target\":[\"https:\\\/\\\/clece.es\\\/es\\\/2018\\\/04\\\/27\\\/clece-oferta-2-000-puestos-trabajo-madrid-colectivos-vulnerables-perfiles-atencion-mayores\\\/\"]}]},{\"@type\":\"BreadcrumbList\",\"@id\":\"https:\\\/\\\/clece.es\\\/es\\\/2018\\\/04\\\/27\\\/clece-oferta-2-000-puestos-trabajo-madrid-colectivos-vulnerables-perfiles-atencion-mayores\\\/#breadcrumb\",\"itemListElement\":[{\"@type\":\"ListItem\",\"position\":1,\"name\":\"Portada\",\"item\":\"https:\\\/\\\/clece.es\\\/es\\\/\"},{\"@type\":\"ListItem\",\"position\":2,\"name\":\"Clece oferta 2.000 puestos de trabajo en Madrid para colectivos vulnerables y perfiles de atenci\u00f3n a mayores\"}]},{\"@type\":\"WebSite\",\"@id\":\"https:\\\/\\\/clece.es\\\/es\\\/#website\",\"url\":\"https:\\\/\\\/clece.es\\\/es\\\/\",\"name\":\"Clece\",\"description\":\"\",\"publisher\":{\"@id\":\"https:\\\/\\\/clece.es\\\/es\\\/#organization\"},\"potentialAction\":[{\"@type\":\"SearchAction\",\"target\":{\"@type\":\"EntryPoint\",\"urlTemplate\":\"https:\\\/\\\/clece.es\\\/es\\\/?s={search_term_string}\"},\"query-input\":{\"@type\":\"PropertyValueSpecification\",\"valueRequired\":true,\"valueName\":\"search_term_string\"}}],\"inLanguage\":\"es\"},{\"@type\":\"Organization\",\"@id\":\"https:\\\/\\\/clece.es\\\/es\\\/#organization\",\"name\":\"Grupo Clece\",\"url\":\"https:\\\/\\\/clece.es\\\/es\\\/\",\"logo\":{\"@type\":\"ImageObject\",\"inLanguage\":\"es\",\"@id\":\"https:\\\/\\\/clece.es\\\/es\\\/#\\\/schema\\\/logo\\\/image\\\/\",\"url\":\"https:\\\/\\\/sitio2.utopiasl.eu\\\/wp-content\\\/uploads\\\/2024\\\/10\\\/Logotipos_filiales_Clece_logotipo.png\",\"contentUrl\":\"https:\\\/\\\/sitio2.utopiasl.eu\\\/wp-content\\\/uploads\\\/2024\\\/10\\\/Logotipos_filiales_Clece_logotipo.png\",\"width\":5000,\"height\":5000,\"caption\":\"Grupo Clece\"},\"image\":{\"@id\":\"https:\\\/\\\/clece.es\\\/es\\\/#\\\/schema\\\/logo\\\/image\\\/\"},\"sameAs\":[\"https:\\\/\\\/www.facebook.com\\\/CleceSociedadAnonima\\\/\",\"https:\\\/\\\/x.com\\\/Clece_\",\"https:\\\/\\\/www.linkedin.com\\\/company\\\/clece-sa\\\/\"]},{\"@type\":\"Person\",\"@id\":\"https:\\\/\\\/clece.es\\\/es\\\/#\\\/schema\\\/person\\\/d2e0cbcc4c37c86ab7c1ee12dd9ca013\",\"name\":\"Manuel Quintana\",\"image\":{\"@type\":\"ImageObject\",\"inLanguage\":\"es\",\"@id\":\"https:\\\/\\\/secure.gravatar.com\\\/avatar\\\/ef55aed519439bb51078cd519542b9e82b3317a78b489372d5725085de18c6c2?s=96&d=mm&r=g\",\"url\":\"https:\\\/\\\/secure.gravatar.com\\\/avatar\\\/ef55aed519439bb51078cd519542b9e82b3317a78b489372d5725085de18c6c2?s=96&d=mm&r=g\",\"contentUrl\":\"https:\\\/\\\/secure.gravatar.com\\\/avatar\\\/ef55aed519439bb51078cd519542b9e82b3317a78b489372d5725085de18c6c2?s=96&d=mm&r=g\",\"caption\":\"Manuel Quintana\"},\"url\":\"https:\\\/\\\/clece.es\\\/es\\\/author\\\/manuelq\\\/\"}]}<\/script>\n<!-- \/ Yoast SEO plugin. -->","yoast_head_json":{"title":"Clece oferta 2.000 puestos de trabajo en Madrid para colectivos vulnerables y perfiles de atenci\u00f3n a mayores - Clece","robots":{"index":"index","follow":"follow","max-snippet":"max-snippet:-1","max-image-preview":"max-image-preview:large","max-video-preview":"max-video-preview:-1"},"canonical":"https:\/\/clece.es\/es\/2018\/04\/27\/clece-oferta-2-000-puestos-trabajo-madrid-colectivos-vulnerables-perfiles-atencion-mayores\/","og_locale":"es_ES","og_type":"article","og_title":"Clece oferta 2.000 puestos de trabajo en Madrid para colectivos vulnerables y perfiles de atenci\u00f3n a mayores - Clece","og_description":"Los interesados pueden participar en Laboral MAD, un encuentro de empleo que tendr\u00e1 lugar los d\u00edas 9 y 10 de mayo en la estaci\u00f3n de Chamart\u00edn de Madrid Para facilitar un proceso de selecci\u00f3n eficaz, cercano y transparente las entrevistas con los candidatos se concertar\u00e1n previo registro en la web o a trav\u00e9s de las [&hellip;]","og_url":"https:\/\/clece.es\/es\/2018\/04\/27\/clece-oferta-2-000-puestos-trabajo-madrid-colectivos-vulnerables-perfiles-atencion-mayores\/","og_site_name":"Clece","article_publisher":"https:\/\/www.facebook.com\/CleceSociedadAnonima\/","article_published_time":"2018-04-27T07:10:51+00:00","article_modified_time":"2024-10-01T08:14:02+00:00","author":"Manuel Quintana","twitter_card":"summary_large_image","twitter_creator":"@Clece_","twitter_site":"@Clece_","twitter_misc":{"Escrito por":"Manuel Quintana","Tiempo de lectura":"4 minutos"},"schema":{"@context":"https:\/\/schema.org","@graph":[{"@type":"Article","@id":"https:\/\/clece.es\/es\/2018\/04\/27\/clece-oferta-2-000-puestos-trabajo-madrid-colectivos-vulnerables-perfiles-atencion-mayores\/#article","isPartOf":{"@id":"https:\/\/clece.es\/es\/2018\/04\/27\/clece-oferta-2-000-puestos-trabajo-madrid-colectivos-vulnerables-perfiles-atencion-mayores\/"},"author":{"name":"Manuel Quintana","@id":"https:\/\/clece.es\/es\/#\/schema\/person\/d2e0cbcc4c37c86ab7c1ee12dd9ca013"},"headline":"Clece oferta 2.000 puestos de trabajo en Madrid para colectivos vulnerables y perfiles de atenci\u00f3n a mayores","datePublished":"2018-04-27T07:10:51+00:00","dateModified":"2024-10-01T08:14:02+00:00","mainEntityOfPage":{"@id":"https:\/\/clece.es\/es\/2018\/04\/27\/clece-oferta-2-000-puestos-trabajo-madrid-colectivos-vulnerables-perfiles-atencion-mayores\/"},"wordCount":800,"publisher":{"@id":"https:\/\/clece.es\/es\/#organization"},"articleSection":["Noticias"],"inLanguage":"es"},{"@type":"WebPage","@id":"https:\/\/clece.es\/es\/2018\/04\/27\/clece-oferta-2-000-puestos-trabajo-madrid-colectivos-vulnerables-perfiles-atencion-mayores\/","url":"https:\/\/clece.es\/es\/2018\/04\/27\/clece-oferta-2-000-puestos-trabajo-madrid-colectivos-vulnerables-perfiles-atencion-mayores\/","name":"Clece oferta 2.000 puestos de trabajo en Madrid para colectivos vulnerables y perfiles de atenci\u00f3n a mayores - Clece","isPartOf":{"@id":"https:\/\/clece.es\/es\/#website"},"datePublished":"2018-04-27T07:10:51+00:00","dateModified":"2024-10-01T08:14:02+00:00","breadcrumb":{"@id":"https:\/\/clece.es\/es\/2018\/04\/27\/clece-oferta-2-000-puestos-trabajo-madrid-colectivos-vulnerables-perfiles-atencion-mayores\/#breadcrumb"},"inLanguage":"es","potentialAction":[{"@type":"ReadAction","target":["https:\/\/clece.es\/es\/2018\/04\/27\/clece-oferta-2-000-puestos-trabajo-madrid-colectivos-vulnerables-perfiles-atencion-mayores\/"]}]},{"@type":"BreadcrumbList","@id":"https:\/\/clece.es\/es\/2018\/04\/27\/clece-oferta-2-000-puestos-trabajo-madrid-colectivos-vulnerables-perfiles-atencion-mayores\/#breadcrumb","itemListElement":[{"@type":"ListItem","position":1,"name":"Portada","item":"https:\/\/clece.es\/es\/"},{"@type":"ListItem","position":2,"name":"Clece oferta 2.000 puestos de trabajo en Madrid para colectivos vulnerables y perfiles de atenci\u00f3n a mayores"}]},{"@type":"WebSite","@id":"https:\/\/clece.es\/es\/#website","url":"https:\/\/clece.es\/es\/","name":"Clece","description":"","publisher":{"@id":"https:\/\/clece.es\/es\/#organization"},"potentialAction":[{"@type":"SearchAction","target":{"@type":"EntryPoint","urlTemplate":"https:\/\/clece.es\/es\/?s={search_term_string}"},"query-input":{"@type":"PropertyValueSpecification","valueRequired":true,"valueName":"search_term_string"}}],"inLanguage":"es"},{"@type":"Organization","@id":"https:\/\/clece.es\/es\/#organization","name":"Grupo Clece","url":"https:\/\/clece.es\/es\/","logo":{"@type":"ImageObject","inLanguage":"es","@id":"https:\/\/clece.es\/es\/#\/schema\/logo\/image\/","url":"https:\/\/sitio2.utopiasl.eu\/wp-content\/uploads\/2024\/10\/Logotipos_filiales_Clece_logotipo.png","contentUrl":"https:\/\/sitio2.utopiasl.eu\/wp-content\/uploads\/2024\/10\/Logotipos_filiales_Clece_logotipo.png","width":5000,"height":5000,"caption":"Grupo Clece"},"image":{"@id":"https:\/\/clece.es\/es\/#\/schema\/logo\/image\/"},"sameAs":["https:\/\/www.facebook.com\/CleceSociedadAnonima\/","https:\/\/x.com\/Clece_","https:\/\/www.linkedin.com\/company\/clece-sa\/"]},{"@type":"Person","@id":"https:\/\/clece.es\/es\/#\/schema\/person\/d2e0cbcc4c37c86ab7c1ee12dd9ca013","name":"Manuel Quintana","image":{"@type":"ImageObject","inLanguage":"es","@id":"https:\/\/secure.gravatar.com\/avatar\/ef55aed519439bb51078cd519542b9e82b3317a78b489372d5725085de18c6c2?s=96&d=mm&r=g","url":"https:\/\/secure.gravatar.com\/avatar\/ef55aed519439bb51078cd519542b9e82b3317a78b489372d5725085de18c6c2?s=96&d=mm&r=g","contentUrl":"https:\/\/secure.gravatar.com\/avatar\/ef55aed519439bb51078cd519542b9e82b3317a78b489372d5725085de18c6c2?s=96&d=mm&r=g","caption":"Manuel Quintana"},"url":"https:\/\/clece.es\/es\/author\/manuelq\/"}]}},"_links":{"self":[{"href":"https:\/\/clece.es\/es\/wp-json\/wp\/v2\/posts\/1982","targetHints":{"allow":["GET"]}}],"collection":[{"href":"https:\/\/clece.es\/es\/wp-json\/wp\/v2\/posts"}],"about":[{"href":"https:\/\/clece.es\/es\/wp-json\/wp\/v2\/types\/post"}],"author":[{"embeddable":true,"href":"https:\/\/clece.es\/es\/wp-json\/wp\/v2\/users\/2"}],"replies":[{"embeddable":true,"href":"https:\/\/clece.es\/es\/wp-json\/wp\/v2\/comments?post=1982"}],"version-history":[{"count":1,"href":"https:\/\/clece.es\/es\/wp-json\/wp\/v2\/posts\/1982\/revisions"}],"predecessor-version":[{"id":1983,"href":"https:\/\/clece.es\/es\/wp-json\/wp\/v2\/posts\/1982\/revisions\/1983"}],"wp:attachment":[{"href":"https:\/\/clece.es\/es\/wp-json\/wp\/v2\/media?parent=1982"}],"wp:term":[{"taxonomy":"category","embeddable":true,"href":"https:\/\/clece.es\/es\/wp-json\/wp\/v2\/categories?post=1982"},{"taxonomy":"post_tag","embeddable":true,"href":"https:\/\/clece.es\/es\/wp-json\/wp\/v2\/tags?post=1982"}],"curies":[{"name":"wp","href":"https:\/\/api.w.org\/{rel}","templated":true}]}}