{"id":2704,"date":"2021-03-01T07:06:52","date_gmt":"2021-03-01T07:06:52","guid":{"rendered":"https:\/\/sitio2.utopiasl.eu\/2021\/03\/01\/clece-lanza-ocho-nuevos-canales-de-empleo\/"},"modified":"2024-10-01T08:14:24","modified_gmt":"2024-10-01T08:14:24","slug":"clece-lanza-ocho-nuevos-canales-de-empleo","status":"publish","type":"post","link":"https:\/\/clece.es\/es\/2021\/03\/01\/clece-lanza-ocho-nuevos-canales-de-empleo\/","title":{"rendered":"Clece lanza nueve canales de empleo"},"content":{"rendered":"<p>En Clece creemos firmemente en el empleo de calidad como uno de los motores de cambio de la sociedad. Fieles a este compromiso, hemos lanzado nueve canales de empleo desde los que publicaremos y gestionaremos las vacantes disponibles en las distintas \u00e1reas de la compa\u00f1\u00eda:<\/p>\n<p><a href=\"https:\/\/www.canaldeempleo.es\/CLECE\">Canal de empleo de Clece<\/a><\/p>\n<p><a href=\"https:\/\/www.canaldeempleo.es\/NDAVANT\">Canal de empleo de Ndavant<\/a><\/p>\n<p><a href=\"https:\/\/www.canaldeempleo.es\/ENEQUIP\">Canal de empleo de EnEquip<\/a><\/p>\n<p><a href=\"https:\/\/www.canaldeempleo.es\/ACCENTSOCIAL\">Canal de empleo de Accent Social<\/a><\/p>\n<p><a href=\"https:\/\/www.canaldeempleo.es\/CAVALLDECARTRO\">Canal de empleo de Cavall de Cartr\u00f3<\/a><\/p>\n<p><a href=\"https:\/\/www.canaldeempleo.es\/DEYSE\">Canal de empleo de Deyse<\/a><\/p>\n<p><a href=\"https:\/\/www.canaldeempleo.es\/INTEGRACEE\">Canal de empleo de Integra CEE<\/a><\/p>\n<p><a href=\"https:\/\/www.canaldeempleo.es\/ZAINTZEN\">Canal de empleo de Zaintzen<\/a><\/p>\n<p><a href=\"https:\/\/www.canaldeempleo.es\/TALHER\">Canal de empleo de Talher<\/a><\/p>\n<p>M\u00e1s all\u00e1 del redise\u00f1o del anterior canal de empleo de Clece y de la potenciaci\u00f3n de los procesos de selecci\u00f3n de la compa\u00f1\u00eda, que ahora se apoyar\u00e1n en nueve portales web, este lanzamiento conlleva distintas ventajas, entre las que destacan las siguientes:<\/p>\n<ul>\n<li>La herramienta en la que se basan los nuevos canales ha permitido protocolizar las labores de reclutamiento y selecci\u00f3n, que a partir de ahora seguir\u00e1n el mismo modelo en todas las empresas de Clece.<\/li>\n<li>Los nueve canales comparten una misma plataforma que integra a todos los activos que intervienen en los procesos para cubrir las vacantes, incluyendo los centros operativos. De este modo, cualquier candidatura est\u00e1 a disposici\u00f3n de todos los t\u00e9cnicos de selecci\u00f3n de Clece, con lo que se pueden establecer procesos transversales entre distintas empresas que aumentan las posibilidades de contrataci\u00f3n.<\/li>\n<li>Los t\u00e9cnicos de selecci\u00f3n podr\u00e1n hacer un seguimiento mucho m\u00e1s exhaustivo de los candidatos, de quienes contar\u00e1n con una trazabilidad mucho m\u00e1s completa que permitir\u00e1 mejorar la gesti\u00f3n de sus candidaturas en los distintos procesos.<\/li>\n<li>Los nuevos canales potencian la colaboraci\u00f3n de asociaciones y otras entidades sociales, uno de los pilares del compromiso de Clece con la inclusi\u00f3n laboral de los colectivos vulnerables o en riesgo de exclusi\u00f3n, pudiendo suministrarles de forma autom\u00e1tica informaci\u00f3n del estado de sus candidaturas.<\/li>\n<\/ul>\n","protected":false},"excerpt":{"rendered":"<p>En Clece creemos firmemente en el empleo de calidad como uno de los motores de cambio de la sociedad. Fieles a este compromiso, hemos lanzado nueve canales de empleo desde los que publicaremos y gestionaremos las vacantes disponibles en las distintas \u00e1reas de la compa\u00f1\u00eda: Canal de empleo de Clece Canal de empleo de Ndavant [&hellip;]<\/p>\n","protected":false},"author":2,"featured_media":2705,"comment_status":"closed","ping_status":"closed","sticky":false,"template":"","format":"standard","meta":{"_acf_changed":false,"footnotes":""},"categories":[33],"tags":[],"class_list":["post-2704","post","type-post","status-publish","format-standard","has-post-thumbnail","hentry","category-noticias"],"acf":[],"yoast_head":"<!-- This site is optimized with the Yoast SEO plugin v27.4 - https:\/\/yoast.com\/product\/yoast-seo-wordpress\/ -->\n<title>Clece lanza nueve canales de empleo - Clece<\/title>\n<meta name=\"robots\" content=\"index, follow, max-snippet:-1, max-image-preview:large, max-video-preview:-1\" \/>\n<link rel=\"canonical\" href=\"https:\/\/clece.es\/es\/2021\/03\/01\/clece-lanza-ocho-nuevos-canales-de-empleo\/\" \/>\n<meta property=\"og:locale\" content=\"es_ES\" \/>\n<meta property=\"og:type\" content=\"article\" \/>\n<meta property=\"og:title\" content=\"Clece lanza nueve canales de empleo - Clece\" \/>\n<meta property=\"og:description\" content=\"En Clece creemos firmemente en el empleo de calidad como uno de los motores de cambio de la sociedad. Fieles a este compromiso, hemos lanzado nueve canales de empleo desde los que publicaremos y gestionaremos las vacantes disponibles en las distintas \u00e1reas de la compa\u00f1\u00eda: Canal de empleo de Clece Canal de empleo de Ndavant [&hellip;]\" \/>\n<meta property=\"og:url\" content=\"https:\/\/clece.es\/es\/2021\/03\/01\/clece-lanza-ocho-nuevos-canales-de-empleo\/\" \/>\n<meta property=\"og:site_name\" content=\"Clece\" \/>\n<meta property=\"article:publisher\" content=\"https:\/\/www.facebook.com\/CleceSociedadAnonima\/\" \/>\n<meta property=\"article:published_time\" content=\"2021-03-01T07:06:52+00:00\" \/>\n<meta property=\"article:modified_time\" content=\"2024-10-01T08:14:24+00:00\" \/>\n<meta property=\"og:image\" content=\"https:\/\/clece.es\/wp-content\/uploads\/2024\/10\/CanalEmpleo.jpg\" \/>\n\t<meta property=\"og:image:width\" content=\"1\" \/>\n\t<meta property=\"og:image:height\" content=\"1\" \/>\n\t<meta property=\"og:image:type\" content=\"image\/jpeg\" \/>\n<meta name=\"author\" content=\"Manuel Quintana\" \/>\n<meta name=\"twitter:card\" content=\"summary_large_image\" \/>\n<meta name=\"twitter:creator\" content=\"@Clece_\" \/>\n<meta name=\"twitter:site\" content=\"@Clece_\" \/>\n<meta name=\"twitter:label1\" content=\"Escrito por\" \/>\n\t<meta name=\"twitter:data1\" content=\"Manuel Quintana\" \/>\n\t<meta name=\"twitter:label2\" content=\"Tiempo de lectura\" \/>\n\t<meta name=\"twitter:data2\" content=\"2 minutos\" \/>\n<script type=\"application\/ld+json\" class=\"yoast-schema-graph\">{\"@context\":\"https:\\\/\\\/schema.org\",\"@graph\":[{\"@type\":\"Article\",\"@id\":\"https:\\\/\\\/clece.es\\\/es\\\/2021\\\/03\\\/01\\\/clece-lanza-ocho-nuevos-canales-de-empleo\\\/#article\",\"isPartOf\":{\"@id\":\"https:\\\/\\\/clece.es\\\/es\\\/2021\\\/03\\\/01\\\/clece-lanza-ocho-nuevos-canales-de-empleo\\\/\"},\"author\":{\"name\":\"Manuel Quintana\",\"@id\":\"https:\\\/\\\/clece.es\\\/es\\\/#\\\/schema\\\/person\\\/d2e0cbcc4c37c86ab7c1ee12dd9ca013\"},\"headline\":\"Clece lanza nueve canales de empleo\",\"datePublished\":\"2021-03-01T07:06:52+00:00\",\"dateModified\":\"2024-10-01T08:14:24+00:00\",\"mainEntityOfPage\":{\"@id\":\"https:\\\/\\\/clece.es\\\/es\\\/2021\\\/03\\\/01\\\/clece-lanza-ocho-nuevos-canales-de-empleo\\\/\"},\"wordCount\":339,\"publisher\":{\"@id\":\"https:\\\/\\\/clece.es\\\/es\\\/#organization\"},\"image\":{\"@id\":\"https:\\\/\\\/clece.es\\\/es\\\/2021\\\/03\\\/01\\\/clece-lanza-ocho-nuevos-canales-de-empleo\\\/#primaryimage\"},\"thumbnailUrl\":\"https:\\\/\\\/clece.es\\\/wp-content\\\/uploads\\\/2024\\\/10\\\/CanalEmpleo.jpg\",\"articleSection\":[\"Noticias\"],\"inLanguage\":\"es\"},{\"@type\":\"WebPage\",\"@id\":\"https:\\\/\\\/clece.es\\\/es\\\/2021\\\/03\\\/01\\\/clece-lanza-ocho-nuevos-canales-de-empleo\\\/\",\"url\":\"https:\\\/\\\/clece.es\\\/es\\\/2021\\\/03\\\/01\\\/clece-lanza-ocho-nuevos-canales-de-empleo\\\/\",\"name\":\"Clece lanza nueve canales de empleo - Clece\",\"isPartOf\":{\"@id\":\"https:\\\/\\\/clece.es\\\/es\\\/#website\"},\"primaryImageOfPage\":{\"@id\":\"https:\\\/\\\/clece.es\\\/es\\\/2021\\\/03\\\/01\\\/clece-lanza-ocho-nuevos-canales-de-empleo\\\/#primaryimage\"},\"image\":{\"@id\":\"https:\\\/\\\/clece.es\\\/es\\\/2021\\\/03\\\/01\\\/clece-lanza-ocho-nuevos-canales-de-empleo\\\/#primaryimage\"},\"thumbnailUrl\":\"https:\\\/\\\/clece.es\\\/wp-content\\\/uploads\\\/2024\\\/10\\\/CanalEmpleo.jpg\",\"datePublished\":\"2021-03-01T07:06:52+00:00\",\"dateModified\":\"2024-10-01T08:14:24+00:00\",\"breadcrumb\":{\"@id\":\"https:\\\/\\\/clece.es\\\/es\\\/2021\\\/03\\\/01\\\/clece-lanza-ocho-nuevos-canales-de-empleo\\\/#breadcrumb\"},\"inLanguage\":\"es\",\"potentialAction\":[{\"@type\":\"ReadAction\",\"target\":[\"https:\\\/\\\/clece.es\\\/es\\\/2021\\\/03\\\/01\\\/clece-lanza-ocho-nuevos-canales-de-empleo\\\/\"]}]},{\"@type\":\"ImageObject\",\"inLanguage\":\"es\",\"@id\":\"https:\\\/\\\/clece.es\\\/es\\\/2021\\\/03\\\/01\\\/clece-lanza-ocho-nuevos-canales-de-empleo\\\/#primaryimage\",\"url\":\"https:\\\/\\\/clece.es\\\/wp-content\\\/uploads\\\/2024\\\/10\\\/CanalEmpleo.jpg\",\"contentUrl\":\"https:\\\/\\\/clece.es\\\/wp-content\\\/uploads\\\/2024\\\/10\\\/CanalEmpleo.jpg\"},{\"@type\":\"BreadcrumbList\",\"@id\":\"https:\\\/\\\/clece.es\\\/es\\\/2021\\\/03\\\/01\\\/clece-lanza-ocho-nuevos-canales-de-empleo\\\/#breadcrumb\",\"itemListElement\":[{\"@type\":\"ListItem\",\"position\":1,\"name\":\"Portada\",\"item\":\"https:\\\/\\\/clece.es\\\/es\\\/\"},{\"@type\":\"ListItem\",\"position\":2,\"name\":\"Clece lanza nueve canales de empleo\"}]},{\"@type\":\"WebSite\",\"@id\":\"https:\\\/\\\/clece.es\\\/es\\\/#website\",\"url\":\"https:\\\/\\\/clece.es\\\/es\\\/\",\"name\":\"Clece\",\"description\":\"\",\"publisher\":{\"@id\":\"https:\\\/\\\/clece.es\\\/es\\\/#organization\"},\"potentialAction\":[{\"@type\":\"SearchAction\",\"target\":{\"@type\":\"EntryPoint\",\"urlTemplate\":\"https:\\\/\\\/clece.es\\\/es\\\/?s={search_term_string}\"},\"query-input\":{\"@type\":\"PropertyValueSpecification\",\"valueRequired\":true,\"valueName\":\"search_term_string\"}}],\"inLanguage\":\"es\"},{\"@type\":\"Organization\",\"@id\":\"https:\\\/\\\/clece.es\\\/es\\\/#organization\",\"name\":\"Grupo Clece\",\"url\":\"https:\\\/\\\/clece.es\\\/es\\\/\",\"logo\":{\"@type\":\"ImageObject\",\"inLanguage\":\"es\",\"@id\":\"https:\\\/\\\/clece.es\\\/es\\\/#\\\/schema\\\/logo\\\/image\\\/\",\"url\":\"https:\\\/\\\/sitio2.utopiasl.eu\\\/wp-content\\\/uploads\\\/2024\\\/10\\\/Logotipos_filiales_Clece_logotipo.png\",\"contentUrl\":\"https:\\\/\\\/sitio2.utopiasl.eu\\\/wp-content\\\/uploads\\\/2024\\\/10\\\/Logotipos_filiales_Clece_logotipo.png\",\"width\":5000,\"height\":5000,\"caption\":\"Grupo Clece\"},\"image\":{\"@id\":\"https:\\\/\\\/clece.es\\\/es\\\/#\\\/schema\\\/logo\\\/image\\\/\"},\"sameAs\":[\"https:\\\/\\\/www.facebook.com\\\/CleceSociedadAnonima\\\/\",\"https:\\\/\\\/x.com\\\/Clece_\",\"https:\\\/\\\/www.linkedin.com\\\/company\\\/clece-sa\\\/\"]},{\"@type\":\"Person\",\"@id\":\"https:\\\/\\\/clece.es\\\/es\\\/#\\\/schema\\\/person\\\/d2e0cbcc4c37c86ab7c1ee12dd9ca013\",\"name\":\"Manuel Quintana\",\"image\":{\"@type\":\"ImageObject\",\"inLanguage\":\"es\",\"@id\":\"https:\\\/\\\/secure.gravatar.com\\\/avatar\\\/ef55aed519439bb51078cd519542b9e82b3317a78b489372d5725085de18c6c2?s=96&d=mm&r=g\",\"url\":\"https:\\\/\\\/secure.gravatar.com\\\/avatar\\\/ef55aed519439bb51078cd519542b9e82b3317a78b489372d5725085de18c6c2?s=96&d=mm&r=g\",\"contentUrl\":\"https:\\\/\\\/secure.gravatar.com\\\/avatar\\\/ef55aed519439bb51078cd519542b9e82b3317a78b489372d5725085de18c6c2?s=96&d=mm&r=g\",\"caption\":\"Manuel Quintana\"},\"url\":\"https:\\\/\\\/clece.es\\\/es\\\/author\\\/manuelq\\\/\"}]}<\/script>\n<!-- \/ Yoast SEO plugin. -->","yoast_head_json":{"title":"Clece lanza nueve canales de empleo - Clece","robots":{"index":"index","follow":"follow","max-snippet":"max-snippet:-1","max-image-preview":"max-image-preview:large","max-video-preview":"max-video-preview:-1"},"canonical":"https:\/\/clece.es\/es\/2021\/03\/01\/clece-lanza-ocho-nuevos-canales-de-empleo\/","og_locale":"es_ES","og_type":"article","og_title":"Clece lanza nueve canales de empleo - Clece","og_description":"En Clece creemos firmemente en el empleo de calidad como uno de los motores de cambio de la sociedad. Fieles a este compromiso, hemos lanzado nueve canales de empleo desde los que publicaremos y gestionaremos las vacantes disponibles en las distintas \u00e1reas de la compa\u00f1\u00eda: Canal de empleo de Clece Canal de empleo de Ndavant [&hellip;]","og_url":"https:\/\/clece.es\/es\/2021\/03\/01\/clece-lanza-ocho-nuevos-canales-de-empleo\/","og_site_name":"Clece","article_publisher":"https:\/\/www.facebook.com\/CleceSociedadAnonima\/","article_published_time":"2021-03-01T07:06:52+00:00","article_modified_time":"2024-10-01T08:14:24+00:00","og_image":[{"url":"https:\/\/clece.es\/wp-content\/uploads\/2024\/10\/CanalEmpleo.jpg","width":1,"height":1,"type":"image\/jpeg"}],"author":"Manuel Quintana","twitter_card":"summary_large_image","twitter_creator":"@Clece_","twitter_site":"@Clece_","twitter_misc":{"Escrito por":"Manuel Quintana","Tiempo de lectura":"2 minutos"},"schema":{"@context":"https:\/\/schema.org","@graph":[{"@type":"Article","@id":"https:\/\/clece.es\/es\/2021\/03\/01\/clece-lanza-ocho-nuevos-canales-de-empleo\/#article","isPartOf":{"@id":"https:\/\/clece.es\/es\/2021\/03\/01\/clece-lanza-ocho-nuevos-canales-de-empleo\/"},"author":{"name":"Manuel Quintana","@id":"https:\/\/clece.es\/es\/#\/schema\/person\/d2e0cbcc4c37c86ab7c1ee12dd9ca013"},"headline":"Clece lanza nueve canales de empleo","datePublished":"2021-03-01T07:06:52+00:00","dateModified":"2024-10-01T08:14:24+00:00","mainEntityOfPage":{"@id":"https:\/\/clece.es\/es\/2021\/03\/01\/clece-lanza-ocho-nuevos-canales-de-empleo\/"},"wordCount":339,"publisher":{"@id":"https:\/\/clece.es\/es\/#organization"},"image":{"@id":"https:\/\/clece.es\/es\/2021\/03\/01\/clece-lanza-ocho-nuevos-canales-de-empleo\/#primaryimage"},"thumbnailUrl":"https:\/\/clece.es\/wp-content\/uploads\/2024\/10\/CanalEmpleo.jpg","articleSection":["Noticias"],"inLanguage":"es"},{"@type":"WebPage","@id":"https:\/\/clece.es\/es\/2021\/03\/01\/clece-lanza-ocho-nuevos-canales-de-empleo\/","url":"https:\/\/clece.es\/es\/2021\/03\/01\/clece-lanza-ocho-nuevos-canales-de-empleo\/","name":"Clece lanza nueve canales de empleo - Clece","isPartOf":{"@id":"https:\/\/clece.es\/es\/#website"},"primaryImageOfPage":{"@id":"https:\/\/clece.es\/es\/2021\/03\/01\/clece-lanza-ocho-nuevos-canales-de-empleo\/#primaryimage"},"image":{"@id":"https:\/\/clece.es\/es\/2021\/03\/01\/clece-lanza-ocho-nuevos-canales-de-empleo\/#primaryimage"},"thumbnailUrl":"https:\/\/clece.es\/wp-content\/uploads\/2024\/10\/CanalEmpleo.jpg","datePublished":"2021-03-01T07:06:52+00:00","dateModified":"2024-10-01T08:14:24+00:00","breadcrumb":{"@id":"https:\/\/clece.es\/es\/2021\/03\/01\/clece-lanza-ocho-nuevos-canales-de-empleo\/#breadcrumb"},"inLanguage":"es","potentialAction":[{"@type":"ReadAction","target":["https:\/\/clece.es\/es\/2021\/03\/01\/clece-lanza-ocho-nuevos-canales-de-empleo\/"]}]},{"@type":"ImageObject","inLanguage":"es","@id":"https:\/\/clece.es\/es\/2021\/03\/01\/clece-lanza-ocho-nuevos-canales-de-empleo\/#primaryimage","url":"https:\/\/clece.es\/wp-content\/uploads\/2024\/10\/CanalEmpleo.jpg","contentUrl":"https:\/\/clece.es\/wp-content\/uploads\/2024\/10\/CanalEmpleo.jpg"},{"@type":"BreadcrumbList","@id":"https:\/\/clece.es\/es\/2021\/03\/01\/clece-lanza-ocho-nuevos-canales-de-empleo\/#breadcrumb","itemListElement":[{"@type":"ListItem","position":1,"name":"Portada","item":"https:\/\/clece.es\/es\/"},{"@type":"ListItem","position":2,"name":"Clece lanza nueve canales de empleo"}]},{"@type":"WebSite","@id":"https:\/\/clece.es\/es\/#website","url":"https:\/\/clece.es\/es\/","name":"Clece","description":"","publisher":{"@id":"https:\/\/clece.es\/es\/#organization"},"potentialAction":[{"@type":"SearchAction","target":{"@type":"EntryPoint","urlTemplate":"https:\/\/clece.es\/es\/?s={search_term_string}"},"query-input":{"@type":"PropertyValueSpecification","valueRequired":true,"valueName":"search_term_string"}}],"inLanguage":"es"},{"@type":"Organization","@id":"https:\/\/clece.es\/es\/#organization","name":"Grupo Clece","url":"https:\/\/clece.es\/es\/","logo":{"@type":"ImageObject","inLanguage":"es","@id":"https:\/\/clece.es\/es\/#\/schema\/logo\/image\/","url":"https:\/\/sitio2.utopiasl.eu\/wp-content\/uploads\/2024\/10\/Logotipos_filiales_Clece_logotipo.png","contentUrl":"https:\/\/sitio2.utopiasl.eu\/wp-content\/uploads\/2024\/10\/Logotipos_filiales_Clece_logotipo.png","width":5000,"height":5000,"caption":"Grupo Clece"},"image":{"@id":"https:\/\/clece.es\/es\/#\/schema\/logo\/image\/"},"sameAs":["https:\/\/www.facebook.com\/CleceSociedadAnonima\/","https:\/\/x.com\/Clece_","https:\/\/www.linkedin.com\/company\/clece-sa\/"]},{"@type":"Person","@id":"https:\/\/clece.es\/es\/#\/schema\/person\/d2e0cbcc4c37c86ab7c1ee12dd9ca013","name":"Manuel Quintana","image":{"@type":"ImageObject","inLanguage":"es","@id":"https:\/\/secure.gravatar.com\/avatar\/ef55aed519439bb51078cd519542b9e82b3317a78b489372d5725085de18c6c2?s=96&d=mm&r=g","url":"https:\/\/secure.gravatar.com\/avatar\/ef55aed519439bb51078cd519542b9e82b3317a78b489372d5725085de18c6c2?s=96&d=mm&r=g","contentUrl":"https:\/\/secure.gravatar.com\/avatar\/ef55aed519439bb51078cd519542b9e82b3317a78b489372d5725085de18c6c2?s=96&d=mm&r=g","caption":"Manuel Quintana"},"url":"https:\/\/clece.es\/es\/author\/manuelq\/"}]}},"_links":{"self":[{"href":"https:\/\/clece.es\/es\/wp-json\/wp\/v2\/posts\/2704","targetHints":{"allow":["GET"]}}],"collection":[{"href":"https:\/\/clece.es\/es\/wp-json\/wp\/v2\/posts"}],"about":[{"href":"https:\/\/clece.es\/es\/wp-json\/wp\/v2\/types\/post"}],"author":[{"embeddable":true,"href":"https:\/\/clece.es\/es\/wp-json\/wp\/v2\/users\/2"}],"replies":[{"embeddable":true,"href":"https:\/\/clece.es\/es\/wp-json\/wp\/v2\/comments?post=2704"}],"version-history":[{"count":1,"href":"https:\/\/clece.es\/es\/wp-json\/wp\/v2\/posts\/2704\/revisions"}],"predecessor-version":[{"id":2711,"href":"https:\/\/clece.es\/es\/wp-json\/wp\/v2\/posts\/2704\/revisions\/2711"}],"wp:featuredmedia":[{"embeddable":true,"href":"https:\/\/clece.es\/es\/wp-json\/wp\/v2\/media\/2705"}],"wp:attachment":[{"href":"https:\/\/clece.es\/es\/wp-json\/wp\/v2\/media?parent=2704"}],"wp:term":[{"taxonomy":"category","embeddable":true,"href":"https:\/\/clece.es\/es\/wp-json\/wp\/v2\/categories?post=2704"},{"taxonomy":"post_tag","embeddable":true,"href":"https:\/\/clece.es\/es\/wp-json\/wp\/v2\/tags?post=2704"}],"curies":[{"name":"wp","href":"https:\/\/api.w.org\/{rel}","templated":true}]}}