{"id":3102,"date":"2021-07-01T06:20:59","date_gmt":"2021-07-01T06:20:59","guid":{"rendered":"https:\/\/sitio2.utopiasl.eu\/2021\/07\/01\/personas-que-deciden-entrar-en-una-residencia-por-voluntad-propia\/"},"modified":"2024-10-01T08:14:32","modified_gmt":"2024-10-01T08:14:32","slug":"personas-que-deciden-entrar-en-una-residencia-por-voluntad-propia","status":"publish","type":"post","link":"https:\/\/clece.es\/es\/2021\/07\/01\/personas-que-deciden-entrar-en-una-residencia-por-voluntad-propia\/","title":{"rendered":"Personas que deciden entrar en una residencia por voluntad propia"},"content":{"rendered":"<p>\u00bfSab\u00edas que hay personas que se van voluntariamente a vivir a una residencia? S\u00ed, por su propio pie. Todos tenemos en el imaginario que la mayor\u00eda de los residentes son gente mayor o incapacitada que ya no puede valerse por s\u00ed misma. Sin embargo, hay personas, como algunas usuarias de centros gestionados por Clece, que est\u00e1n viviendo en una residencia porque en su d\u00eda tomaron esa decisi\u00f3n en posesi\u00f3n de plenas facultades ps\u00edquicas y f\u00edsicas. Y la siguen manteniendo con alegr\u00eda y convicci\u00f3n.<\/p>\n<p style=\"text-align: center;\">Leer el art\u00edculo completo en <a href=\"https:\/\/www.eldiario.es\/edcreativo\/personas-deciden-entrar-residencia-voluntad-propia_1_8086988.html\">elDiario.es\u00a0<\/a><\/p>\n","protected":false},"excerpt":{"rendered":"<p>\u00bfSab\u00edas que hay personas que se van voluntariamente a vivir a una residencia? S\u00ed, por su propio pie. Todos tenemos en el imaginario que la mayor\u00eda de los residentes son gente mayor o incapacitada que ya no puede valerse por s\u00ed misma. Sin embargo, hay personas, como algunas usuarias de centros gestionados por Clece, que [&hellip;]<\/p>\n","protected":false},"author":2,"featured_media":3103,"comment_status":"closed","ping_status":"closed","sticky":false,"template":"","format":"standard","meta":{"_acf_changed":false,"footnotes":""},"categories":[33],"tags":[],"class_list":["post-3102","post","type-post","status-publish","format-standard","has-post-thumbnail","hentry","category-noticias"],"acf":[],"yoast_head":"<!-- This site is optimized with the Yoast SEO plugin v27.4 - https:\/\/yoast.com\/product\/yoast-seo-wordpress\/ -->\n<title>Personas que deciden entrar en una residencia por voluntad propia - Clece<\/title>\n<meta name=\"robots\" content=\"index, follow, max-snippet:-1, max-image-preview:large, max-video-preview:-1\" \/>\n<link rel=\"canonical\" href=\"https:\/\/clece.es\/es\/2021\/07\/01\/personas-que-deciden-entrar-en-una-residencia-por-voluntad-propia\/\" \/>\n<meta property=\"og:locale\" content=\"es_ES\" \/>\n<meta property=\"og:type\" content=\"article\" \/>\n<meta property=\"og:title\" content=\"Personas que deciden entrar en una residencia por voluntad propia - Clece\" \/>\n<meta property=\"og:description\" content=\"\u00bfSab\u00edas que hay personas que se van voluntariamente a vivir a una residencia? S\u00ed, por su propio pie. Todos tenemos en el imaginario que la mayor\u00eda de los residentes son gente mayor o incapacitada que ya no puede valerse por s\u00ed misma. Sin embargo, hay personas, como algunas usuarias de centros gestionados por Clece, que [&hellip;]\" \/>\n<meta property=\"og:url\" content=\"https:\/\/clece.es\/es\/2021\/07\/01\/personas-que-deciden-entrar-en-una-residencia-por-voluntad-propia\/\" \/>\n<meta property=\"og:site_name\" content=\"Clece\" \/>\n<meta property=\"article:publisher\" content=\"https:\/\/www.facebook.com\/CleceSociedadAnonima\/\" \/>\n<meta property=\"article:published_time\" content=\"2021-07-01T06:20:59+00:00\" \/>\n<meta property=\"article:modified_time\" content=\"2024-10-01T08:14:32+00:00\" \/>\n<meta property=\"og:image\" content=\"https:\/\/clece.es\/wp-content\/uploads\/2024\/10\/resi_pardobazan.jpg\" \/>\n\t<meta property=\"og:image:width\" content=\"1\" \/>\n\t<meta property=\"og:image:height\" content=\"1\" \/>\n\t<meta property=\"og:image:type\" content=\"image\/jpeg\" \/>\n<meta name=\"author\" content=\"Manuel Quintana\" \/>\n<meta name=\"twitter:card\" content=\"summary_large_image\" \/>\n<meta name=\"twitter:creator\" content=\"@Clece_\" \/>\n<meta name=\"twitter:site\" content=\"@Clece_\" \/>\n<meta name=\"twitter:label1\" content=\"Escrito por\" \/>\n\t<meta name=\"twitter:data1\" content=\"Manuel Quintana\" \/>\n\t<meta name=\"twitter:label2\" content=\"Tiempo de lectura\" \/>\n\t<meta name=\"twitter:data2\" content=\"1 minuto\" \/>\n<script type=\"application\/ld+json\" class=\"yoast-schema-graph\">{\"@context\":\"https:\\\/\\\/schema.org\",\"@graph\":[{\"@type\":\"Article\",\"@id\":\"https:\\\/\\\/clece.es\\\/es\\\/2021\\\/07\\\/01\\\/personas-que-deciden-entrar-en-una-residencia-por-voluntad-propia\\\/#article\",\"isPartOf\":{\"@id\":\"https:\\\/\\\/clece.es\\\/es\\\/2021\\\/07\\\/01\\\/personas-que-deciden-entrar-en-una-residencia-por-voluntad-propia\\\/\"},\"author\":{\"name\":\"Manuel Quintana\",\"@id\":\"https:\\\/\\\/clece.es\\\/es\\\/#\\\/schema\\\/person\\\/d2e0cbcc4c37c86ab7c1ee12dd9ca013\"},\"headline\":\"Personas que deciden entrar en una residencia por voluntad propia\",\"datePublished\":\"2021-07-01T06:20:59+00:00\",\"dateModified\":\"2024-10-01T08:14:32+00:00\",\"mainEntityOfPage\":{\"@id\":\"https:\\\/\\\/clece.es\\\/es\\\/2021\\\/07\\\/01\\\/personas-que-deciden-entrar-en-una-residencia-por-voluntad-propia\\\/\"},\"wordCount\":111,\"publisher\":{\"@id\":\"https:\\\/\\\/clece.es\\\/es\\\/#organization\"},\"image\":{\"@id\":\"https:\\\/\\\/clece.es\\\/es\\\/2021\\\/07\\\/01\\\/personas-que-deciden-entrar-en-una-residencia-por-voluntad-propia\\\/#primaryimage\"},\"thumbnailUrl\":\"https:\\\/\\\/clece.es\\\/wp-content\\\/uploads\\\/2024\\\/10\\\/resi_pardobazan.jpg\",\"articleSection\":[\"Noticias\"],\"inLanguage\":\"es\"},{\"@type\":\"WebPage\",\"@id\":\"https:\\\/\\\/clece.es\\\/es\\\/2021\\\/07\\\/01\\\/personas-que-deciden-entrar-en-una-residencia-por-voluntad-propia\\\/\",\"url\":\"https:\\\/\\\/clece.es\\\/es\\\/2021\\\/07\\\/01\\\/personas-que-deciden-entrar-en-una-residencia-por-voluntad-propia\\\/\",\"name\":\"Personas que deciden entrar en una residencia por voluntad propia - Clece\",\"isPartOf\":{\"@id\":\"https:\\\/\\\/clece.es\\\/es\\\/#website\"},\"primaryImageOfPage\":{\"@id\":\"https:\\\/\\\/clece.es\\\/es\\\/2021\\\/07\\\/01\\\/personas-que-deciden-entrar-en-una-residencia-por-voluntad-propia\\\/#primaryimage\"},\"image\":{\"@id\":\"https:\\\/\\\/clece.es\\\/es\\\/2021\\\/07\\\/01\\\/personas-que-deciden-entrar-en-una-residencia-por-voluntad-propia\\\/#primaryimage\"},\"thumbnailUrl\":\"https:\\\/\\\/clece.es\\\/wp-content\\\/uploads\\\/2024\\\/10\\\/resi_pardobazan.jpg\",\"datePublished\":\"2021-07-01T06:20:59+00:00\",\"dateModified\":\"2024-10-01T08:14:32+00:00\",\"breadcrumb\":{\"@id\":\"https:\\\/\\\/clece.es\\\/es\\\/2021\\\/07\\\/01\\\/personas-que-deciden-entrar-en-una-residencia-por-voluntad-propia\\\/#breadcrumb\"},\"inLanguage\":\"es\",\"potentialAction\":[{\"@type\":\"ReadAction\",\"target\":[\"https:\\\/\\\/clece.es\\\/es\\\/2021\\\/07\\\/01\\\/personas-que-deciden-entrar-en-una-residencia-por-voluntad-propia\\\/\"]}]},{\"@type\":\"ImageObject\",\"inLanguage\":\"es\",\"@id\":\"https:\\\/\\\/clece.es\\\/es\\\/2021\\\/07\\\/01\\\/personas-que-deciden-entrar-en-una-residencia-por-voluntad-propia\\\/#primaryimage\",\"url\":\"https:\\\/\\\/clece.es\\\/wp-content\\\/uploads\\\/2024\\\/10\\\/resi_pardobazan.jpg\",\"contentUrl\":\"https:\\\/\\\/clece.es\\\/wp-content\\\/uploads\\\/2024\\\/10\\\/resi_pardobazan.jpg\"},{\"@type\":\"BreadcrumbList\",\"@id\":\"https:\\\/\\\/clece.es\\\/es\\\/2021\\\/07\\\/01\\\/personas-que-deciden-entrar-en-una-residencia-por-voluntad-propia\\\/#breadcrumb\",\"itemListElement\":[{\"@type\":\"ListItem\",\"position\":1,\"name\":\"Portada\",\"item\":\"https:\\\/\\\/clece.es\\\/es\\\/\"},{\"@type\":\"ListItem\",\"position\":2,\"name\":\"Personas que deciden entrar en una residencia por voluntad propia\"}]},{\"@type\":\"WebSite\",\"@id\":\"https:\\\/\\\/clece.es\\\/es\\\/#website\",\"url\":\"https:\\\/\\\/clece.es\\\/es\\\/\",\"name\":\"Clece\",\"description\":\"\",\"publisher\":{\"@id\":\"https:\\\/\\\/clece.es\\\/es\\\/#organization\"},\"potentialAction\":[{\"@type\":\"SearchAction\",\"target\":{\"@type\":\"EntryPoint\",\"urlTemplate\":\"https:\\\/\\\/clece.es\\\/es\\\/?s={search_term_string}\"},\"query-input\":{\"@type\":\"PropertyValueSpecification\",\"valueRequired\":true,\"valueName\":\"search_term_string\"}}],\"inLanguage\":\"es\"},{\"@type\":\"Organization\",\"@id\":\"https:\\\/\\\/clece.es\\\/es\\\/#organization\",\"name\":\"Grupo Clece\",\"url\":\"https:\\\/\\\/clece.es\\\/es\\\/\",\"logo\":{\"@type\":\"ImageObject\",\"inLanguage\":\"es\",\"@id\":\"https:\\\/\\\/clece.es\\\/es\\\/#\\\/schema\\\/logo\\\/image\\\/\",\"url\":\"https:\\\/\\\/sitio2.utopiasl.eu\\\/wp-content\\\/uploads\\\/2024\\\/10\\\/Logotipos_filiales_Clece_logotipo.png\",\"contentUrl\":\"https:\\\/\\\/sitio2.utopiasl.eu\\\/wp-content\\\/uploads\\\/2024\\\/10\\\/Logotipos_filiales_Clece_logotipo.png\",\"width\":5000,\"height\":5000,\"caption\":\"Grupo Clece\"},\"image\":{\"@id\":\"https:\\\/\\\/clece.es\\\/es\\\/#\\\/schema\\\/logo\\\/image\\\/\"},\"sameAs\":[\"https:\\\/\\\/www.facebook.com\\\/CleceSociedadAnonima\\\/\",\"https:\\\/\\\/x.com\\\/Clece_\",\"https:\\\/\\\/www.linkedin.com\\\/company\\\/clece-sa\\\/\"]},{\"@type\":\"Person\",\"@id\":\"https:\\\/\\\/clece.es\\\/es\\\/#\\\/schema\\\/person\\\/d2e0cbcc4c37c86ab7c1ee12dd9ca013\",\"name\":\"Manuel Quintana\",\"image\":{\"@type\":\"ImageObject\",\"inLanguage\":\"es\",\"@id\":\"https:\\\/\\\/secure.gravatar.com\\\/avatar\\\/ef55aed519439bb51078cd519542b9e82b3317a78b489372d5725085de18c6c2?s=96&d=mm&r=g\",\"url\":\"https:\\\/\\\/secure.gravatar.com\\\/avatar\\\/ef55aed519439bb51078cd519542b9e82b3317a78b489372d5725085de18c6c2?s=96&d=mm&r=g\",\"contentUrl\":\"https:\\\/\\\/secure.gravatar.com\\\/avatar\\\/ef55aed519439bb51078cd519542b9e82b3317a78b489372d5725085de18c6c2?s=96&d=mm&r=g\",\"caption\":\"Manuel Quintana\"},\"url\":\"https:\\\/\\\/clece.es\\\/es\\\/author\\\/manuelq\\\/\"}]}<\/script>\n<!-- \/ Yoast SEO plugin. -->","yoast_head_json":{"title":"Personas que deciden entrar en una residencia por voluntad propia - Clece","robots":{"index":"index","follow":"follow","max-snippet":"max-snippet:-1","max-image-preview":"max-image-preview:large","max-video-preview":"max-video-preview:-1"},"canonical":"https:\/\/clece.es\/es\/2021\/07\/01\/personas-que-deciden-entrar-en-una-residencia-por-voluntad-propia\/","og_locale":"es_ES","og_type":"article","og_title":"Personas que deciden entrar en una residencia por voluntad propia - Clece","og_description":"\u00bfSab\u00edas que hay personas que se van voluntariamente a vivir a una residencia? S\u00ed, por su propio pie. Todos tenemos en el imaginario que la mayor\u00eda de los residentes son gente mayor o incapacitada que ya no puede valerse por s\u00ed misma. Sin embargo, hay personas, como algunas usuarias de centros gestionados por Clece, que [&hellip;]","og_url":"https:\/\/clece.es\/es\/2021\/07\/01\/personas-que-deciden-entrar-en-una-residencia-por-voluntad-propia\/","og_site_name":"Clece","article_publisher":"https:\/\/www.facebook.com\/CleceSociedadAnonima\/","article_published_time":"2021-07-01T06:20:59+00:00","article_modified_time":"2024-10-01T08:14:32+00:00","og_image":[{"url":"https:\/\/clece.es\/wp-content\/uploads\/2024\/10\/resi_pardobazan.jpg","width":1,"height":1,"type":"image\/jpeg"}],"author":"Manuel Quintana","twitter_card":"summary_large_image","twitter_creator":"@Clece_","twitter_site":"@Clece_","twitter_misc":{"Escrito por":"Manuel Quintana","Tiempo de lectura":"1 minuto"},"schema":{"@context":"https:\/\/schema.org","@graph":[{"@type":"Article","@id":"https:\/\/clece.es\/es\/2021\/07\/01\/personas-que-deciden-entrar-en-una-residencia-por-voluntad-propia\/#article","isPartOf":{"@id":"https:\/\/clece.es\/es\/2021\/07\/01\/personas-que-deciden-entrar-en-una-residencia-por-voluntad-propia\/"},"author":{"name":"Manuel Quintana","@id":"https:\/\/clece.es\/es\/#\/schema\/person\/d2e0cbcc4c37c86ab7c1ee12dd9ca013"},"headline":"Personas que deciden entrar en una residencia por voluntad propia","datePublished":"2021-07-01T06:20:59+00:00","dateModified":"2024-10-01T08:14:32+00:00","mainEntityOfPage":{"@id":"https:\/\/clece.es\/es\/2021\/07\/01\/personas-que-deciden-entrar-en-una-residencia-por-voluntad-propia\/"},"wordCount":111,"publisher":{"@id":"https:\/\/clece.es\/es\/#organization"},"image":{"@id":"https:\/\/clece.es\/es\/2021\/07\/01\/personas-que-deciden-entrar-en-una-residencia-por-voluntad-propia\/#primaryimage"},"thumbnailUrl":"https:\/\/clece.es\/wp-content\/uploads\/2024\/10\/resi_pardobazan.jpg","articleSection":["Noticias"],"inLanguage":"es"},{"@type":"WebPage","@id":"https:\/\/clece.es\/es\/2021\/07\/01\/personas-que-deciden-entrar-en-una-residencia-por-voluntad-propia\/","url":"https:\/\/clece.es\/es\/2021\/07\/01\/personas-que-deciden-entrar-en-una-residencia-por-voluntad-propia\/","name":"Personas que deciden entrar en una residencia por voluntad propia - Clece","isPartOf":{"@id":"https:\/\/clece.es\/es\/#website"},"primaryImageOfPage":{"@id":"https:\/\/clece.es\/es\/2021\/07\/01\/personas-que-deciden-entrar-en-una-residencia-por-voluntad-propia\/#primaryimage"},"image":{"@id":"https:\/\/clece.es\/es\/2021\/07\/01\/personas-que-deciden-entrar-en-una-residencia-por-voluntad-propia\/#primaryimage"},"thumbnailUrl":"https:\/\/clece.es\/wp-content\/uploads\/2024\/10\/resi_pardobazan.jpg","datePublished":"2021-07-01T06:20:59+00:00","dateModified":"2024-10-01T08:14:32+00:00","breadcrumb":{"@id":"https:\/\/clece.es\/es\/2021\/07\/01\/personas-que-deciden-entrar-en-una-residencia-por-voluntad-propia\/#breadcrumb"},"inLanguage":"es","potentialAction":[{"@type":"ReadAction","target":["https:\/\/clece.es\/es\/2021\/07\/01\/personas-que-deciden-entrar-en-una-residencia-por-voluntad-propia\/"]}]},{"@type":"ImageObject","inLanguage":"es","@id":"https:\/\/clece.es\/es\/2021\/07\/01\/personas-que-deciden-entrar-en-una-residencia-por-voluntad-propia\/#primaryimage","url":"https:\/\/clece.es\/wp-content\/uploads\/2024\/10\/resi_pardobazan.jpg","contentUrl":"https:\/\/clece.es\/wp-content\/uploads\/2024\/10\/resi_pardobazan.jpg"},{"@type":"BreadcrumbList","@id":"https:\/\/clece.es\/es\/2021\/07\/01\/personas-que-deciden-entrar-en-una-residencia-por-voluntad-propia\/#breadcrumb","itemListElement":[{"@type":"ListItem","position":1,"name":"Portada","item":"https:\/\/clece.es\/es\/"},{"@type":"ListItem","position":2,"name":"Personas que deciden entrar en una residencia por voluntad propia"}]},{"@type":"WebSite","@id":"https:\/\/clece.es\/es\/#website","url":"https:\/\/clece.es\/es\/","name":"Clece","description":"","publisher":{"@id":"https:\/\/clece.es\/es\/#organization"},"potentialAction":[{"@type":"SearchAction","target":{"@type":"EntryPoint","urlTemplate":"https:\/\/clece.es\/es\/?s={search_term_string}"},"query-input":{"@type":"PropertyValueSpecification","valueRequired":true,"valueName":"search_term_string"}}],"inLanguage":"es"},{"@type":"Organization","@id":"https:\/\/clece.es\/es\/#organization","name":"Grupo Clece","url":"https:\/\/clece.es\/es\/","logo":{"@type":"ImageObject","inLanguage":"es","@id":"https:\/\/clece.es\/es\/#\/schema\/logo\/image\/","url":"https:\/\/sitio2.utopiasl.eu\/wp-content\/uploads\/2024\/10\/Logotipos_filiales_Clece_logotipo.png","contentUrl":"https:\/\/sitio2.utopiasl.eu\/wp-content\/uploads\/2024\/10\/Logotipos_filiales_Clece_logotipo.png","width":5000,"height":5000,"caption":"Grupo Clece"},"image":{"@id":"https:\/\/clece.es\/es\/#\/schema\/logo\/image\/"},"sameAs":["https:\/\/www.facebook.com\/CleceSociedadAnonima\/","https:\/\/x.com\/Clece_","https:\/\/www.linkedin.com\/company\/clece-sa\/"]},{"@type":"Person","@id":"https:\/\/clece.es\/es\/#\/schema\/person\/d2e0cbcc4c37c86ab7c1ee12dd9ca013","name":"Manuel Quintana","image":{"@type":"ImageObject","inLanguage":"es","@id":"https:\/\/secure.gravatar.com\/avatar\/ef55aed519439bb51078cd519542b9e82b3317a78b489372d5725085de18c6c2?s=96&d=mm&r=g","url":"https:\/\/secure.gravatar.com\/avatar\/ef55aed519439bb51078cd519542b9e82b3317a78b489372d5725085de18c6c2?s=96&d=mm&r=g","contentUrl":"https:\/\/secure.gravatar.com\/avatar\/ef55aed519439bb51078cd519542b9e82b3317a78b489372d5725085de18c6c2?s=96&d=mm&r=g","caption":"Manuel Quintana"},"url":"https:\/\/clece.es\/es\/author\/manuelq\/"}]}},"_links":{"self":[{"href":"https:\/\/clece.es\/es\/wp-json\/wp\/v2\/posts\/3102","targetHints":{"allow":["GET"]}}],"collection":[{"href":"https:\/\/clece.es\/es\/wp-json\/wp\/v2\/posts"}],"about":[{"href":"https:\/\/clece.es\/es\/wp-json\/wp\/v2\/types\/post"}],"author":[{"embeddable":true,"href":"https:\/\/clece.es\/es\/wp-json\/wp\/v2\/users\/2"}],"replies":[{"embeddable":true,"href":"https:\/\/clece.es\/es\/wp-json\/wp\/v2\/comments?post=3102"}],"version-history":[{"count":1,"href":"https:\/\/clece.es\/es\/wp-json\/wp\/v2\/posts\/3102\/revisions"}],"predecessor-version":[{"id":3109,"href":"https:\/\/clece.es\/es\/wp-json\/wp\/v2\/posts\/3102\/revisions\/3109"}],"wp:featuredmedia":[{"embeddable":true,"href":"https:\/\/clece.es\/es\/wp-json\/wp\/v2\/media\/3103"}],"wp:attachment":[{"href":"https:\/\/clece.es\/es\/wp-json\/wp\/v2\/media?parent=3102"}],"wp:term":[{"taxonomy":"category","embeddable":true,"href":"https:\/\/clece.es\/es\/wp-json\/wp\/v2\/categories?post=3102"},{"taxonomy":"post_tag","embeddable":true,"href":"https:\/\/clece.es\/es\/wp-json\/wp\/v2\/tags?post=3102"}],"curies":[{"name":"wp","href":"https:\/\/api.w.org\/{rel}","templated":true}]}}