{"id":4160,"date":"2023-05-26T12:19:39","date_gmt":"2023-05-26T12:19:39","guid":{"rendered":"https:\/\/sitio2.utopiasl.eu\/2023\/05\/26\/la-ruta-del-empleo-en-barcelona-un-nuevo-exito-de-clece\/"},"modified":"2024-10-01T08:14:52","modified_gmt":"2024-10-01T08:14:52","slug":"la-ruta-del-empleo-en-barcelona-un-nuevo-exito-de-clece","status":"publish","type":"post","link":"https:\/\/clece.es\/es\/2023\/05\/26\/la-ruta-del-empleo-en-barcelona-un-nuevo-exito-de-clece\/","title":{"rendered":"La ruta del empleo en Barcelona, un nuevo \u00e9xito de Clece"},"content":{"rendered":"<p>Barcelona Emplea ha puesto punto final a su recorrido en el marco de las rutas del empleo de Clece, cuyo autob\u00fas, en una nueva edici\u00f3n, hace parada en diferentes zonas de la geograf\u00eda espa\u00f1ola para ofrecer cientos de puestos de trabajo. Es as\u00ed como la compa\u00f1\u00eda, especializada en la prestaci\u00f3n de servicios esenciales, se convierte en una oficina de empleo itinerante, en la que varias personas de su equipo de Selecci\u00f3n viajan para realizar, dentro del propio veh\u00edculo, entrevistas a los candidatos que se presenten en cada provincia. El objetivo es acercar oportunidades laborales a municipios y peque\u00f1as localidades cuyos habitantes encuentran dificultades para conseguir un puesto de trabajo, y facilitar as\u00ed su inclusi\u00f3n sociolaboral.<\/p>\n<p style=\"text-align: center;\">Leer art\u00edculo completo en <a href=\"https:\/\/www.eldebate.com\/ed-branded\/20230526\/ruta-empleo-barcelona-nuevo-exito-clece_117109.html\" target=\"_blank\" rel=\"noopener\">El Debate<\/a>.<\/p>\n","protected":false},"excerpt":{"rendered":"<p>Barcelona Emplea ha puesto punto final a su recorrido en el marco de las rutas del empleo de Clece, cuyo autob\u00fas, en una nueva edici\u00f3n, hace parada en diferentes zonas de la geograf\u00eda espa\u00f1ola para ofrecer cientos de puestos de trabajo. Es as\u00ed como la compa\u00f1\u00eda, especializada en la prestaci\u00f3n de servicios esenciales, se convierte [&hellip;]<\/p>\n","protected":false},"author":2,"featured_media":4161,"comment_status":"closed","ping_status":"closed","sticky":false,"template":"","format":"standard","meta":{"_acf_changed":false,"footnotes":""},"categories":[33],"tags":[],"class_list":["post-4160","post","type-post","status-publish","format-standard","has-post-thumbnail","hentry","category-noticias"],"acf":[],"yoast_head":"<!-- This site is optimized with the Yoast SEO plugin v27.4 - https:\/\/yoast.com\/product\/yoast-seo-wordpress\/ -->\n<title>La ruta del empleo en Barcelona, un nuevo \u00e9xito de Clece - Clece<\/title>\n<meta name=\"robots\" content=\"index, follow, max-snippet:-1, max-image-preview:large, max-video-preview:-1\" \/>\n<link rel=\"canonical\" href=\"https:\/\/clece.es\/es\/2023\/05\/26\/la-ruta-del-empleo-en-barcelona-un-nuevo-exito-de-clece\/\" \/>\n<meta property=\"og:locale\" content=\"es_ES\" \/>\n<meta property=\"og:type\" content=\"article\" \/>\n<meta property=\"og:title\" content=\"La ruta del empleo en Barcelona, un nuevo \u00e9xito de Clece - Clece\" \/>\n<meta property=\"og:description\" content=\"Barcelona Emplea ha puesto punto final a su recorrido en el marco de las rutas del empleo de Clece, cuyo autob\u00fas, en una nueva edici\u00f3n, hace parada en diferentes zonas de la geograf\u00eda espa\u00f1ola para ofrecer cientos de puestos de trabajo. Es as\u00ed como la compa\u00f1\u00eda, especializada en la prestaci\u00f3n de servicios esenciales, se convierte [&hellip;]\" \/>\n<meta property=\"og:url\" content=\"https:\/\/clece.es\/es\/2023\/05\/26\/la-ruta-del-empleo-en-barcelona-un-nuevo-exito-de-clece\/\" \/>\n<meta property=\"og:site_name\" content=\"Clece\" \/>\n<meta property=\"article:publisher\" content=\"https:\/\/www.facebook.com\/CleceSociedadAnonima\/\" \/>\n<meta property=\"article:published_time\" content=\"2023-05-26T12:19:39+00:00\" \/>\n<meta property=\"article:modified_time\" content=\"2024-10-01T08:14:52+00:00\" \/>\n<meta property=\"og:image\" content=\"https:\/\/clece.es\/wp-content\/uploads\/2024\/10\/Barcelona-Emplea_web.jpg\" \/>\n\t<meta property=\"og:image:width\" content=\"1\" \/>\n\t<meta property=\"og:image:height\" content=\"1\" \/>\n\t<meta property=\"og:image:type\" content=\"image\/jpeg\" \/>\n<meta name=\"author\" content=\"Manuel Quintana\" \/>\n<meta name=\"twitter:card\" content=\"summary_large_image\" \/>\n<meta name=\"twitter:creator\" content=\"@Clece_\" \/>\n<meta name=\"twitter:site\" content=\"@Clece_\" \/>\n<meta name=\"twitter:label1\" content=\"Escrito por\" \/>\n\t<meta name=\"twitter:data1\" content=\"Manuel Quintana\" \/>\n\t<meta name=\"twitter:label2\" content=\"Tiempo de lectura\" \/>\n\t<meta name=\"twitter:data2\" content=\"1 minuto\" \/>\n<script type=\"application\/ld+json\" class=\"yoast-schema-graph\">{\"@context\":\"https:\\\/\\\/schema.org\",\"@graph\":[{\"@type\":\"Article\",\"@id\":\"https:\\\/\\\/clece.es\\\/es\\\/2023\\\/05\\\/26\\\/la-ruta-del-empleo-en-barcelona-un-nuevo-exito-de-clece\\\/#article\",\"isPartOf\":{\"@id\":\"https:\\\/\\\/clece.es\\\/es\\\/2023\\\/05\\\/26\\\/la-ruta-del-empleo-en-barcelona-un-nuevo-exito-de-clece\\\/\"},\"author\":{\"name\":\"Manuel Quintana\",\"@id\":\"https:\\\/\\\/clece.es\\\/es\\\/#\\\/schema\\\/person\\\/d2e0cbcc4c37c86ab7c1ee12dd9ca013\"},\"headline\":\"La ruta del empleo en Barcelona, un nuevo \u00e9xito de Clece\",\"datePublished\":\"2023-05-26T12:19:39+00:00\",\"dateModified\":\"2024-10-01T08:14:52+00:00\",\"mainEntityOfPage\":{\"@id\":\"https:\\\/\\\/clece.es\\\/es\\\/2023\\\/05\\\/26\\\/la-ruta-del-empleo-en-barcelona-un-nuevo-exito-de-clece\\\/\"},\"wordCount\":143,\"publisher\":{\"@id\":\"https:\\\/\\\/clece.es\\\/es\\\/#organization\"},\"image\":{\"@id\":\"https:\\\/\\\/clece.es\\\/es\\\/2023\\\/05\\\/26\\\/la-ruta-del-empleo-en-barcelona-un-nuevo-exito-de-clece\\\/#primaryimage\"},\"thumbnailUrl\":\"https:\\\/\\\/clece.es\\\/wp-content\\\/uploads\\\/2024\\\/10\\\/Barcelona-Emplea_web.jpg\",\"articleSection\":[\"Noticias\"],\"inLanguage\":\"es\"},{\"@type\":\"WebPage\",\"@id\":\"https:\\\/\\\/clece.es\\\/es\\\/2023\\\/05\\\/26\\\/la-ruta-del-empleo-en-barcelona-un-nuevo-exito-de-clece\\\/\",\"url\":\"https:\\\/\\\/clece.es\\\/es\\\/2023\\\/05\\\/26\\\/la-ruta-del-empleo-en-barcelona-un-nuevo-exito-de-clece\\\/\",\"name\":\"La ruta del empleo en Barcelona, un nuevo \u00e9xito de Clece - Clece\",\"isPartOf\":{\"@id\":\"https:\\\/\\\/clece.es\\\/es\\\/#website\"},\"primaryImageOfPage\":{\"@id\":\"https:\\\/\\\/clece.es\\\/es\\\/2023\\\/05\\\/26\\\/la-ruta-del-empleo-en-barcelona-un-nuevo-exito-de-clece\\\/#primaryimage\"},\"image\":{\"@id\":\"https:\\\/\\\/clece.es\\\/es\\\/2023\\\/05\\\/26\\\/la-ruta-del-empleo-en-barcelona-un-nuevo-exito-de-clece\\\/#primaryimage\"},\"thumbnailUrl\":\"https:\\\/\\\/clece.es\\\/wp-content\\\/uploads\\\/2024\\\/10\\\/Barcelona-Emplea_web.jpg\",\"datePublished\":\"2023-05-26T12:19:39+00:00\",\"dateModified\":\"2024-10-01T08:14:52+00:00\",\"breadcrumb\":{\"@id\":\"https:\\\/\\\/clece.es\\\/es\\\/2023\\\/05\\\/26\\\/la-ruta-del-empleo-en-barcelona-un-nuevo-exito-de-clece\\\/#breadcrumb\"},\"inLanguage\":\"es\",\"potentialAction\":[{\"@type\":\"ReadAction\",\"target\":[\"https:\\\/\\\/clece.es\\\/es\\\/2023\\\/05\\\/26\\\/la-ruta-del-empleo-en-barcelona-un-nuevo-exito-de-clece\\\/\"]}]},{\"@type\":\"ImageObject\",\"inLanguage\":\"es\",\"@id\":\"https:\\\/\\\/clece.es\\\/es\\\/2023\\\/05\\\/26\\\/la-ruta-del-empleo-en-barcelona-un-nuevo-exito-de-clece\\\/#primaryimage\",\"url\":\"https:\\\/\\\/clece.es\\\/wp-content\\\/uploads\\\/2024\\\/10\\\/Barcelona-Emplea_web.jpg\",\"contentUrl\":\"https:\\\/\\\/clece.es\\\/wp-content\\\/uploads\\\/2024\\\/10\\\/Barcelona-Emplea_web.jpg\"},{\"@type\":\"BreadcrumbList\",\"@id\":\"https:\\\/\\\/clece.es\\\/es\\\/2023\\\/05\\\/26\\\/la-ruta-del-empleo-en-barcelona-un-nuevo-exito-de-clece\\\/#breadcrumb\",\"itemListElement\":[{\"@type\":\"ListItem\",\"position\":1,\"name\":\"Portada\",\"item\":\"https:\\\/\\\/clece.es\\\/es\\\/\"},{\"@type\":\"ListItem\",\"position\":2,\"name\":\"La ruta del empleo en Barcelona, un nuevo \u00e9xito de Clece\"}]},{\"@type\":\"WebSite\",\"@id\":\"https:\\\/\\\/clece.es\\\/es\\\/#website\",\"url\":\"https:\\\/\\\/clece.es\\\/es\\\/\",\"name\":\"Clece\",\"description\":\"\",\"publisher\":{\"@id\":\"https:\\\/\\\/clece.es\\\/es\\\/#organization\"},\"potentialAction\":[{\"@type\":\"SearchAction\",\"target\":{\"@type\":\"EntryPoint\",\"urlTemplate\":\"https:\\\/\\\/clece.es\\\/es\\\/?s={search_term_string}\"},\"query-input\":{\"@type\":\"PropertyValueSpecification\",\"valueRequired\":true,\"valueName\":\"search_term_string\"}}],\"inLanguage\":\"es\"},{\"@type\":\"Organization\",\"@id\":\"https:\\\/\\\/clece.es\\\/es\\\/#organization\",\"name\":\"Grupo Clece\",\"url\":\"https:\\\/\\\/clece.es\\\/es\\\/\",\"logo\":{\"@type\":\"ImageObject\",\"inLanguage\":\"es\",\"@id\":\"https:\\\/\\\/clece.es\\\/es\\\/#\\\/schema\\\/logo\\\/image\\\/\",\"url\":\"https:\\\/\\\/sitio2.utopiasl.eu\\\/wp-content\\\/uploads\\\/2024\\\/10\\\/Logotipos_filiales_Clece_logotipo.png\",\"contentUrl\":\"https:\\\/\\\/sitio2.utopiasl.eu\\\/wp-content\\\/uploads\\\/2024\\\/10\\\/Logotipos_filiales_Clece_logotipo.png\",\"width\":5000,\"height\":5000,\"caption\":\"Grupo Clece\"},\"image\":{\"@id\":\"https:\\\/\\\/clece.es\\\/es\\\/#\\\/schema\\\/logo\\\/image\\\/\"},\"sameAs\":[\"https:\\\/\\\/www.facebook.com\\\/CleceSociedadAnonima\\\/\",\"https:\\\/\\\/x.com\\\/Clece_\",\"https:\\\/\\\/www.linkedin.com\\\/company\\\/clece-sa\\\/\"]},{\"@type\":\"Person\",\"@id\":\"https:\\\/\\\/clece.es\\\/es\\\/#\\\/schema\\\/person\\\/d2e0cbcc4c37c86ab7c1ee12dd9ca013\",\"name\":\"Manuel Quintana\",\"image\":{\"@type\":\"ImageObject\",\"inLanguage\":\"es\",\"@id\":\"https:\\\/\\\/secure.gravatar.com\\\/avatar\\\/ef55aed519439bb51078cd519542b9e82b3317a78b489372d5725085de18c6c2?s=96&d=mm&r=g\",\"url\":\"https:\\\/\\\/secure.gravatar.com\\\/avatar\\\/ef55aed519439bb51078cd519542b9e82b3317a78b489372d5725085de18c6c2?s=96&d=mm&r=g\",\"contentUrl\":\"https:\\\/\\\/secure.gravatar.com\\\/avatar\\\/ef55aed519439bb51078cd519542b9e82b3317a78b489372d5725085de18c6c2?s=96&d=mm&r=g\",\"caption\":\"Manuel Quintana\"},\"url\":\"https:\\\/\\\/clece.es\\\/es\\\/author\\\/manuelq\\\/\"}]}<\/script>\n<!-- \/ Yoast SEO plugin. -->","yoast_head_json":{"title":"La ruta del empleo en Barcelona, un nuevo \u00e9xito de Clece - Clece","robots":{"index":"index","follow":"follow","max-snippet":"max-snippet:-1","max-image-preview":"max-image-preview:large","max-video-preview":"max-video-preview:-1"},"canonical":"https:\/\/clece.es\/es\/2023\/05\/26\/la-ruta-del-empleo-en-barcelona-un-nuevo-exito-de-clece\/","og_locale":"es_ES","og_type":"article","og_title":"La ruta del empleo en Barcelona, un nuevo \u00e9xito de Clece - Clece","og_description":"Barcelona Emplea ha puesto punto final a su recorrido en el marco de las rutas del empleo de Clece, cuyo autob\u00fas, en una nueva edici\u00f3n, hace parada en diferentes zonas de la geograf\u00eda espa\u00f1ola para ofrecer cientos de puestos de trabajo. Es as\u00ed como la compa\u00f1\u00eda, especializada en la prestaci\u00f3n de servicios esenciales, se convierte [&hellip;]","og_url":"https:\/\/clece.es\/es\/2023\/05\/26\/la-ruta-del-empleo-en-barcelona-un-nuevo-exito-de-clece\/","og_site_name":"Clece","article_publisher":"https:\/\/www.facebook.com\/CleceSociedadAnonima\/","article_published_time":"2023-05-26T12:19:39+00:00","article_modified_time":"2024-10-01T08:14:52+00:00","og_image":[{"url":"https:\/\/clece.es\/wp-content\/uploads\/2024\/10\/Barcelona-Emplea_web.jpg","width":1,"height":1,"type":"image\/jpeg"}],"author":"Manuel Quintana","twitter_card":"summary_large_image","twitter_creator":"@Clece_","twitter_site":"@Clece_","twitter_misc":{"Escrito por":"Manuel Quintana","Tiempo de lectura":"1 minuto"},"schema":{"@context":"https:\/\/schema.org","@graph":[{"@type":"Article","@id":"https:\/\/clece.es\/es\/2023\/05\/26\/la-ruta-del-empleo-en-barcelona-un-nuevo-exito-de-clece\/#article","isPartOf":{"@id":"https:\/\/clece.es\/es\/2023\/05\/26\/la-ruta-del-empleo-en-barcelona-un-nuevo-exito-de-clece\/"},"author":{"name":"Manuel Quintana","@id":"https:\/\/clece.es\/es\/#\/schema\/person\/d2e0cbcc4c37c86ab7c1ee12dd9ca013"},"headline":"La ruta del empleo en Barcelona, un nuevo \u00e9xito de Clece","datePublished":"2023-05-26T12:19:39+00:00","dateModified":"2024-10-01T08:14:52+00:00","mainEntityOfPage":{"@id":"https:\/\/clece.es\/es\/2023\/05\/26\/la-ruta-del-empleo-en-barcelona-un-nuevo-exito-de-clece\/"},"wordCount":143,"publisher":{"@id":"https:\/\/clece.es\/es\/#organization"},"image":{"@id":"https:\/\/clece.es\/es\/2023\/05\/26\/la-ruta-del-empleo-en-barcelona-un-nuevo-exito-de-clece\/#primaryimage"},"thumbnailUrl":"https:\/\/clece.es\/wp-content\/uploads\/2024\/10\/Barcelona-Emplea_web.jpg","articleSection":["Noticias"],"inLanguage":"es"},{"@type":"WebPage","@id":"https:\/\/clece.es\/es\/2023\/05\/26\/la-ruta-del-empleo-en-barcelona-un-nuevo-exito-de-clece\/","url":"https:\/\/clece.es\/es\/2023\/05\/26\/la-ruta-del-empleo-en-barcelona-un-nuevo-exito-de-clece\/","name":"La ruta del empleo en Barcelona, un nuevo \u00e9xito de Clece - Clece","isPartOf":{"@id":"https:\/\/clece.es\/es\/#website"},"primaryImageOfPage":{"@id":"https:\/\/clece.es\/es\/2023\/05\/26\/la-ruta-del-empleo-en-barcelona-un-nuevo-exito-de-clece\/#primaryimage"},"image":{"@id":"https:\/\/clece.es\/es\/2023\/05\/26\/la-ruta-del-empleo-en-barcelona-un-nuevo-exito-de-clece\/#primaryimage"},"thumbnailUrl":"https:\/\/clece.es\/wp-content\/uploads\/2024\/10\/Barcelona-Emplea_web.jpg","datePublished":"2023-05-26T12:19:39+00:00","dateModified":"2024-10-01T08:14:52+00:00","breadcrumb":{"@id":"https:\/\/clece.es\/es\/2023\/05\/26\/la-ruta-del-empleo-en-barcelona-un-nuevo-exito-de-clece\/#breadcrumb"},"inLanguage":"es","potentialAction":[{"@type":"ReadAction","target":["https:\/\/clece.es\/es\/2023\/05\/26\/la-ruta-del-empleo-en-barcelona-un-nuevo-exito-de-clece\/"]}]},{"@type":"ImageObject","inLanguage":"es","@id":"https:\/\/clece.es\/es\/2023\/05\/26\/la-ruta-del-empleo-en-barcelona-un-nuevo-exito-de-clece\/#primaryimage","url":"https:\/\/clece.es\/wp-content\/uploads\/2024\/10\/Barcelona-Emplea_web.jpg","contentUrl":"https:\/\/clece.es\/wp-content\/uploads\/2024\/10\/Barcelona-Emplea_web.jpg"},{"@type":"BreadcrumbList","@id":"https:\/\/clece.es\/es\/2023\/05\/26\/la-ruta-del-empleo-en-barcelona-un-nuevo-exito-de-clece\/#breadcrumb","itemListElement":[{"@type":"ListItem","position":1,"name":"Portada","item":"https:\/\/clece.es\/es\/"},{"@type":"ListItem","position":2,"name":"La ruta del empleo en Barcelona, un nuevo \u00e9xito de Clece"}]},{"@type":"WebSite","@id":"https:\/\/clece.es\/es\/#website","url":"https:\/\/clece.es\/es\/","name":"Clece","description":"","publisher":{"@id":"https:\/\/clece.es\/es\/#organization"},"potentialAction":[{"@type":"SearchAction","target":{"@type":"EntryPoint","urlTemplate":"https:\/\/clece.es\/es\/?s={search_term_string}"},"query-input":{"@type":"PropertyValueSpecification","valueRequired":true,"valueName":"search_term_string"}}],"inLanguage":"es"},{"@type":"Organization","@id":"https:\/\/clece.es\/es\/#organization","name":"Grupo Clece","url":"https:\/\/clece.es\/es\/","logo":{"@type":"ImageObject","inLanguage":"es","@id":"https:\/\/clece.es\/es\/#\/schema\/logo\/image\/","url":"https:\/\/sitio2.utopiasl.eu\/wp-content\/uploads\/2024\/10\/Logotipos_filiales_Clece_logotipo.png","contentUrl":"https:\/\/sitio2.utopiasl.eu\/wp-content\/uploads\/2024\/10\/Logotipos_filiales_Clece_logotipo.png","width":5000,"height":5000,"caption":"Grupo Clece"},"image":{"@id":"https:\/\/clece.es\/es\/#\/schema\/logo\/image\/"},"sameAs":["https:\/\/www.facebook.com\/CleceSociedadAnonima\/","https:\/\/x.com\/Clece_","https:\/\/www.linkedin.com\/company\/clece-sa\/"]},{"@type":"Person","@id":"https:\/\/clece.es\/es\/#\/schema\/person\/d2e0cbcc4c37c86ab7c1ee12dd9ca013","name":"Manuel Quintana","image":{"@type":"ImageObject","inLanguage":"es","@id":"https:\/\/secure.gravatar.com\/avatar\/ef55aed519439bb51078cd519542b9e82b3317a78b489372d5725085de18c6c2?s=96&d=mm&r=g","url":"https:\/\/secure.gravatar.com\/avatar\/ef55aed519439bb51078cd519542b9e82b3317a78b489372d5725085de18c6c2?s=96&d=mm&r=g","contentUrl":"https:\/\/secure.gravatar.com\/avatar\/ef55aed519439bb51078cd519542b9e82b3317a78b489372d5725085de18c6c2?s=96&d=mm&r=g","caption":"Manuel Quintana"},"url":"https:\/\/clece.es\/es\/author\/manuelq\/"}]}},"_links":{"self":[{"href":"https:\/\/clece.es\/es\/wp-json\/wp\/v2\/posts\/4160","targetHints":{"allow":["GET"]}}],"collection":[{"href":"https:\/\/clece.es\/es\/wp-json\/wp\/v2\/posts"}],"about":[{"href":"https:\/\/clece.es\/es\/wp-json\/wp\/v2\/types\/post"}],"author":[{"embeddable":true,"href":"https:\/\/clece.es\/es\/wp-json\/wp\/v2\/users\/2"}],"replies":[{"embeddable":true,"href":"https:\/\/clece.es\/es\/wp-json\/wp\/v2\/comments?post=4160"}],"version-history":[{"count":1,"href":"https:\/\/clece.es\/es\/wp-json\/wp\/v2\/posts\/4160\/revisions"}],"predecessor-version":[{"id":4167,"href":"https:\/\/clece.es\/es\/wp-json\/wp\/v2\/posts\/4160\/revisions\/4167"}],"wp:featuredmedia":[{"embeddable":true,"href":"https:\/\/clece.es\/es\/wp-json\/wp\/v2\/media\/4161"}],"wp:attachment":[{"href":"https:\/\/clece.es\/es\/wp-json\/wp\/v2\/media?parent=4160"}],"wp:term":[{"taxonomy":"category","embeddable":true,"href":"https:\/\/clece.es\/es\/wp-json\/wp\/v2\/categories?post=4160"},{"taxonomy":"post_tag","embeddable":true,"href":"https:\/\/clece.es\/es\/wp-json\/wp\/v2\/tags?post=4160"}],"curies":[{"name":"wp","href":"https:\/\/api.w.org\/{rel}","templated":true}]}}