{"id":5266,"date":"2017-03-07T15:04:31","date_gmt":"2017-03-07T15:04:31","guid":{"rendered":"https:\/\/sitio2.utopiasl.eu\/2017\/03\/07\/escuela-infantil-aldizkariaren-ii-sariek-clece-ren-heziketa-proiektua-saritu-dute\/"},"modified":"2024-10-01T08:19:03","modified_gmt":"2024-10-01T08:19:03","slug":"escuela-infantil-aldizkariaren-ii-sariek-clece-ren-heziketa-proiektua-saritu-dute","status":"publish","type":"post","link":"https:\/\/clece.es\/eu\/2017\/03\/07\/escuela-infantil-aldizkariaren-ii-sariek-clece-ren-heziketa-proiektua-saritu-dute\/","title":{"rendered":"ESCUELA INFANTIL ALDIZKARIAREN II. SARIEK CLECE-REN HEZIKETA-PROIEKTUA SARITU DUTE"},"content":{"rendered":"<ul>\n<li><strong>Clece-k lau sari eta aipamen berezi bat jaso ditu hezkuntza alorreko agerkariak emandako 20 golardoetatik.<\/strong><\/li>\n<li><strong>Bost kategorietatik lautan jaso ditu sariak: hiru, 0-3 urte bitarteko azpikategorian; eta bat, Heziketa Beharrizan Bereziak azpikategorian<\/strong><\/li>\n<\/ul>\n<p>Siena talde editorialeko Escuela Infantil aldizkari profesionalak Clece-k Haur Eskolen alorrean daukan heziketa-proiektua saritu du, lau golardo eta aipamen berezi bat emanez, Escuela Infantil Sariaren bigarren edizioan.<\/p>\n<p>Clece-k kudeatutako Haur Eskolek 19 proiektu finalista eta bost irabazle lortu dituzte, lau kategoriatan. Guztira, bost kategoria tematiko egon dira: Irakurmen-idazmena, Elikadura osasuntsua, Psikomotrizitatea, Eskolaz kanpo eta Ingurumena. Kategoriok azpiatal hauetan banatu dira: 0-3 (Haur Hezkuntzako lehen zikloa), 3-6 (bigarren zikloa) eta Heziketa Beharrizan Bereziak. Zehazki, saiak heziketa-talde hauei egokitu zaizkie:<\/p>\n<p><strong>. \u201cLos Palitos\u201d Haur Eskola (San Juan del Puerto, Huelva)<\/strong>. Saridunak: Roc\u00edo Mazo, Mercedes de la Cinta Rodr\u00edguez, Joana Rodr\u00edguez eta Carmen Toscano, \u201cIrakurmen-idazmena\u201d kategorian, 0-3 urteko ikasgelan, \u201cMenudos Poetas\u201d proiektuagatik.<\/p>\n<p><strong>. \u201cLos Duendecillos\u201d Haur Eskola (Pulp\u00ed, Almeria)<\/strong>. Sariduna: Mercedes Losilla Garc\u00eda, \u201cElikadura osasuntsua\u201d kategorian, 0-3 urteko ikasgelan, \u201cNos divertimos desayunando sano\u201d lanagatik.<\/p>\n<p><strong>. Cavall de Cartr\u00f3-ren \u201cMon Petit\u201d Haur Eskola<\/strong> <strong>(Abrera, Bartzelona)<\/strong>. Saridunak: Paula Morales eta Victoria S\u00e1nchez, \u201cEskolaz kanpo\u201d kategorian, 0-3 urteko ikasgelan, \u201cCampanitas\u201d proiektuagatik.<\/p>\n<p><strong>. Cavall de Cartr\u00f3-ren \u201cSagrada Familia\u201d Udal Eskola (Caldes d\u2019Estrac, Bartzelona)<\/strong>. Saridunak: Remei Monge eta Montse Humanes, \u201cHeziketa Beharrizan Bereziak\u201d kategorian, \u201cConociendo los gusanos de seda\u201d proposamenagatik.<\/p>\n<p><strong>. \u201cSanipeques\u201d Haur Eskola (Granadilla de Abona, Tenerife)<\/strong>. Aipamen berezia talde osoarentzat, haurraren garapen psikomotorrean sakontzeagatik, motrizitateaz, koordinazioaz eta oinarrizko trebetasunez harago joanda hizkuntza, emozio, sormen eta pertzepzioaren beste eremu batzuk sendotzeko, \u201cSanipeques Pirata\u201d proiektuarekin.<\/p>\n<p>Sarien banaketa otsailaren 23an izan da, San Pablo CEU Unibertsitate Fundazioak Madrilen duen Helduentzako Unibertsitatearen egoitzan. Guztira, 20 izan dira saritutako heziketa-taldeak, Espainiako hainbat lekutako eskola eta zentroen ordezkari gisa etorriak, eta bost aipamen berezi banatu dira.<\/p>\n<p>Esperientzia finalista guztiak Escuela Infantil aldizkarian argitaratuko dira. Kategoria bakoitzeko irabazleek, diploma ez ezik, opari-txekeak ere jaso dituzte, kategoria bakoitzaren babesleek emanak, eta urtebeteko harpidetza izango dute aldizkarian.<\/p>\n<p>[URIS id=26709]<\/p>\n","protected":false},"excerpt":{"rendered":"<p>Clece-k lau sari eta aipamen berezi bat jaso ditu hezkuntza alorreko agerkariak emandako 20 golardoetatik. Bost kategorietatik lautan jaso ditu sariak: hiru, 0-3 urte bitarteko azpikategorian; eta bat, Heziketa Beharrizan Bereziak azpikategorian Siena talde editorialeko Escuela Infantil aldizkari profesionalak Clece-k Haur Eskolen alorrean daukan heziketa-proiektua saritu du, lau golardo eta aipamen berezi bat emanez, Escuela [&hellip;]<\/p>\n","protected":false},"author":2,"featured_media":0,"comment_status":"closed","ping_status":"closed","sticky":false,"template":"","format":"standard","meta":{"_acf_changed":false,"footnotes":""},"categories":[262],"tags":[],"class_list":["post-5266","post","type-post","status-publish","format-standard","hentry","category-albisteak-comunicacion-komunikazioa"],"acf":[],"yoast_head":"<!-- This site is optimized with the Yoast SEO plugin v27.4 - https:\/\/yoast.com\/product\/yoast-seo-wordpress\/ -->\n<title>ESCUELA INFANTIL ALDIZKARIAREN II. SARIEK CLECE-REN HEZIKETA-PROIEKTUA SARITU DUTE - Clece<\/title>\n<meta name=\"robots\" content=\"index, follow, max-snippet:-1, max-image-preview:large, max-video-preview:-1\" \/>\n<link rel=\"canonical\" href=\"https:\/\/clece.es\/eu\/2017\/03\/07\/escuela-infantil-aldizkariaren-ii-sariek-clece-ren-heziketa-proiektua-saritu-dute\/\" \/>\n<meta property=\"og:locale\" content=\"eu_ES\" \/>\n<meta property=\"og:type\" content=\"article\" \/>\n<meta property=\"og:title\" content=\"ESCUELA INFANTIL ALDIZKARIAREN II. SARIEK CLECE-REN HEZIKETA-PROIEKTUA SARITU DUTE - Clece\" \/>\n<meta property=\"og:description\" content=\"Clece-k lau sari eta aipamen berezi bat jaso ditu hezkuntza alorreko agerkariak emandako 20 golardoetatik. Bost kategorietatik lautan jaso ditu sariak: hiru, 0-3 urte bitarteko azpikategorian; eta bat, Heziketa Beharrizan Bereziak azpikategorian Siena talde editorialeko Escuela Infantil aldizkari profesionalak Clece-k Haur Eskolen alorrean daukan heziketa-proiektua saritu du, lau golardo eta aipamen berezi bat emanez, Escuela [&hellip;]\" \/>\n<meta property=\"og:url\" content=\"https:\/\/clece.es\/eu\/2017\/03\/07\/escuela-infantil-aldizkariaren-ii-sariek-clece-ren-heziketa-proiektua-saritu-dute\/\" \/>\n<meta property=\"og:site_name\" content=\"Clece\" \/>\n<meta property=\"article:publisher\" content=\"https:\/\/www.facebook.com\/CleceSociedadAnonima\/\" \/>\n<meta property=\"article:published_time\" content=\"2017-03-07T15:04:31+00:00\" \/>\n<meta property=\"article:modified_time\" content=\"2024-10-01T08:19:03+00:00\" \/>\n<meta name=\"author\" content=\"Manuel Quintana\" \/>\n<meta name=\"twitter:card\" content=\"summary_large_image\" \/>\n<meta name=\"twitter:creator\" content=\"@Clece_\" \/>\n<meta name=\"twitter:site\" content=\"@Clece_\" \/>\n<meta name=\"twitter:label1\" content=\"Written by\" \/>\n\t<meta name=\"twitter:data1\" content=\"Manuel Quintana\" \/>\n\t<meta name=\"twitter:label2\" content=\"Est. reading time\" \/>\n\t<meta name=\"twitter:data2\" content=\"2 minutes\" \/>\n<script type=\"application\/ld+json\" class=\"yoast-schema-graph\">{\"@context\":\"https:\\\/\\\/schema.org\",\"@graph\":[{\"@type\":\"Article\",\"@id\":\"https:\\\/\\\/clece.es\\\/eu\\\/2017\\\/03\\\/07\\\/escuela-infantil-aldizkariaren-ii-sariek-clece-ren-heziketa-proiektua-saritu-dute\\\/#article\",\"isPartOf\":{\"@id\":\"https:\\\/\\\/clece.es\\\/eu\\\/2017\\\/03\\\/07\\\/escuela-infantil-aldizkariaren-ii-sariek-clece-ren-heziketa-proiektua-saritu-dute\\\/\"},\"author\":{\"name\":\"Manuel Quintana\",\"@id\":\"https:\\\/\\\/clece.es\\\/es\\\/#\\\/schema\\\/person\\\/d2e0cbcc4c37c86ab7c1ee12dd9ca013\"},\"headline\":\"ESCUELA INFANTIL ALDIZKARIAREN II. SARIEK CLECE-REN HEZIKETA-PROIEKTUA SARITU DUTE\",\"datePublished\":\"2017-03-07T15:04:31+00:00\",\"dateModified\":\"2024-10-01T08:19:03+00:00\",\"mainEntityOfPage\":{\"@id\":\"https:\\\/\\\/clece.es\\\/eu\\\/2017\\\/03\\\/07\\\/escuela-infantil-aldizkariaren-ii-sariek-clece-ren-heziketa-proiektua-saritu-dute\\\/\"},\"wordCount\":325,\"publisher\":{\"@id\":\"https:\\\/\\\/clece.es\\\/es\\\/#organization\"},\"articleSection\":[\"Albisteak\"],\"inLanguage\":\"eu-ES\"},{\"@type\":\"WebPage\",\"@id\":\"https:\\\/\\\/clece.es\\\/eu\\\/2017\\\/03\\\/07\\\/escuela-infantil-aldizkariaren-ii-sariek-clece-ren-heziketa-proiektua-saritu-dute\\\/\",\"url\":\"https:\\\/\\\/clece.es\\\/eu\\\/2017\\\/03\\\/07\\\/escuela-infantil-aldizkariaren-ii-sariek-clece-ren-heziketa-proiektua-saritu-dute\\\/\",\"name\":\"ESCUELA INFANTIL ALDIZKARIAREN II. SARIEK CLECE-REN HEZIKETA-PROIEKTUA SARITU DUTE - Clece\",\"isPartOf\":{\"@id\":\"https:\\\/\\\/clece.es\\\/es\\\/#website\"},\"datePublished\":\"2017-03-07T15:04:31+00:00\",\"dateModified\":\"2024-10-01T08:19:03+00:00\",\"breadcrumb\":{\"@id\":\"https:\\\/\\\/clece.es\\\/eu\\\/2017\\\/03\\\/07\\\/escuela-infantil-aldizkariaren-ii-sariek-clece-ren-heziketa-proiektua-saritu-dute\\\/#breadcrumb\"},\"inLanguage\":\"eu-ES\",\"potentialAction\":[{\"@type\":\"ReadAction\",\"target\":[\"https:\\\/\\\/clece.es\\\/eu\\\/2017\\\/03\\\/07\\\/escuela-infantil-aldizkariaren-ii-sariek-clece-ren-heziketa-proiektua-saritu-dute\\\/\"]}]},{\"@type\":\"BreadcrumbList\",\"@id\":\"https:\\\/\\\/clece.es\\\/eu\\\/2017\\\/03\\\/07\\\/escuela-infantil-aldizkariaren-ii-sariek-clece-ren-heziketa-proiektua-saritu-dute\\\/#breadcrumb\",\"itemListElement\":[{\"@type\":\"ListItem\",\"position\":1,\"name\":\"Portada\",\"item\":\"https:\\\/\\\/clece.es\\\/es\\\/\"},{\"@type\":\"ListItem\",\"position\":2,\"name\":\"ESCUELA INFANTIL ALDIZKARIAREN II. SARIEK CLECE-REN HEZIKETA-PROIEKTUA SARITU DUTE\"}]},{\"@type\":\"WebSite\",\"@id\":\"https:\\\/\\\/clece.es\\\/es\\\/#website\",\"url\":\"https:\\\/\\\/clece.es\\\/es\\\/\",\"name\":\"Clece\",\"description\":\"\",\"publisher\":{\"@id\":\"https:\\\/\\\/clece.es\\\/es\\\/#organization\"},\"potentialAction\":[{\"@type\":\"SearchAction\",\"target\":{\"@type\":\"EntryPoint\",\"urlTemplate\":\"https:\\\/\\\/clece.es\\\/es\\\/?s={search_term_string}\"},\"query-input\":{\"@type\":\"PropertyValueSpecification\",\"valueRequired\":true,\"valueName\":\"search_term_string\"}}],\"inLanguage\":\"eu-ES\"},{\"@type\":\"Organization\",\"@id\":\"https:\\\/\\\/clece.es\\\/es\\\/#organization\",\"name\":\"Grupo Clece\",\"url\":\"https:\\\/\\\/clece.es\\\/es\\\/\",\"logo\":{\"@type\":\"ImageObject\",\"inLanguage\":\"eu-ES\",\"@id\":\"https:\\\/\\\/clece.es\\\/es\\\/#\\\/schema\\\/logo\\\/image\\\/\",\"url\":\"https:\\\/\\\/sitio2.utopiasl.eu\\\/wp-content\\\/uploads\\\/2024\\\/10\\\/Logotipos_filiales_Clece_logotipo.png\",\"contentUrl\":\"https:\\\/\\\/sitio2.utopiasl.eu\\\/wp-content\\\/uploads\\\/2024\\\/10\\\/Logotipos_filiales_Clece_logotipo.png\",\"width\":5000,\"height\":5000,\"caption\":\"Grupo Clece\"},\"image\":{\"@id\":\"https:\\\/\\\/clece.es\\\/es\\\/#\\\/schema\\\/logo\\\/image\\\/\"},\"sameAs\":[\"https:\\\/\\\/www.facebook.com\\\/CleceSociedadAnonima\\\/\",\"https:\\\/\\\/x.com\\\/Clece_\",\"https:\\\/\\\/www.linkedin.com\\\/company\\\/clece-sa\\\/\"]},{\"@type\":\"Person\",\"@id\":\"https:\\\/\\\/clece.es\\\/es\\\/#\\\/schema\\\/person\\\/d2e0cbcc4c37c86ab7c1ee12dd9ca013\",\"name\":\"Manuel Quintana\",\"image\":{\"@type\":\"ImageObject\",\"inLanguage\":\"eu-ES\",\"@id\":\"https:\\\/\\\/secure.gravatar.com\\\/avatar\\\/ef55aed519439bb51078cd519542b9e82b3317a78b489372d5725085de18c6c2?s=96&d=mm&r=g\",\"url\":\"https:\\\/\\\/secure.gravatar.com\\\/avatar\\\/ef55aed519439bb51078cd519542b9e82b3317a78b489372d5725085de18c6c2?s=96&d=mm&r=g\",\"contentUrl\":\"https:\\\/\\\/secure.gravatar.com\\\/avatar\\\/ef55aed519439bb51078cd519542b9e82b3317a78b489372d5725085de18c6c2?s=96&d=mm&r=g\",\"caption\":\"Manuel Quintana\"},\"url\":\"https:\\\/\\\/clece.es\\\/eu\\\/author\\\/manuelq\\\/\"}]}<\/script>\n<!-- \/ Yoast SEO plugin. -->","yoast_head_json":{"title":"ESCUELA INFANTIL ALDIZKARIAREN II. SARIEK CLECE-REN HEZIKETA-PROIEKTUA SARITU DUTE - Clece","robots":{"index":"index","follow":"follow","max-snippet":"max-snippet:-1","max-image-preview":"max-image-preview:large","max-video-preview":"max-video-preview:-1"},"canonical":"https:\/\/clece.es\/eu\/2017\/03\/07\/escuela-infantil-aldizkariaren-ii-sariek-clece-ren-heziketa-proiektua-saritu-dute\/","og_locale":"eu_ES","og_type":"article","og_title":"ESCUELA INFANTIL ALDIZKARIAREN II. SARIEK CLECE-REN HEZIKETA-PROIEKTUA SARITU DUTE - Clece","og_description":"Clece-k lau sari eta aipamen berezi bat jaso ditu hezkuntza alorreko agerkariak emandako 20 golardoetatik. Bost kategorietatik lautan jaso ditu sariak: hiru, 0-3 urte bitarteko azpikategorian; eta bat, Heziketa Beharrizan Bereziak azpikategorian Siena talde editorialeko Escuela Infantil aldizkari profesionalak Clece-k Haur Eskolen alorrean daukan heziketa-proiektua saritu du, lau golardo eta aipamen berezi bat emanez, Escuela [&hellip;]","og_url":"https:\/\/clece.es\/eu\/2017\/03\/07\/escuela-infantil-aldizkariaren-ii-sariek-clece-ren-heziketa-proiektua-saritu-dute\/","og_site_name":"Clece","article_publisher":"https:\/\/www.facebook.com\/CleceSociedadAnonima\/","article_published_time":"2017-03-07T15:04:31+00:00","article_modified_time":"2024-10-01T08:19:03+00:00","author":"Manuel Quintana","twitter_card":"summary_large_image","twitter_creator":"@Clece_","twitter_site":"@Clece_","twitter_misc":{"Written by":"Manuel Quintana","Est. reading time":"2 minutes"},"schema":{"@context":"https:\/\/schema.org","@graph":[{"@type":"Article","@id":"https:\/\/clece.es\/eu\/2017\/03\/07\/escuela-infantil-aldizkariaren-ii-sariek-clece-ren-heziketa-proiektua-saritu-dute\/#article","isPartOf":{"@id":"https:\/\/clece.es\/eu\/2017\/03\/07\/escuela-infantil-aldizkariaren-ii-sariek-clece-ren-heziketa-proiektua-saritu-dute\/"},"author":{"name":"Manuel Quintana","@id":"https:\/\/clece.es\/es\/#\/schema\/person\/d2e0cbcc4c37c86ab7c1ee12dd9ca013"},"headline":"ESCUELA INFANTIL ALDIZKARIAREN II. SARIEK CLECE-REN HEZIKETA-PROIEKTUA SARITU DUTE","datePublished":"2017-03-07T15:04:31+00:00","dateModified":"2024-10-01T08:19:03+00:00","mainEntityOfPage":{"@id":"https:\/\/clece.es\/eu\/2017\/03\/07\/escuela-infantil-aldizkariaren-ii-sariek-clece-ren-heziketa-proiektua-saritu-dute\/"},"wordCount":325,"publisher":{"@id":"https:\/\/clece.es\/es\/#organization"},"articleSection":["Albisteak"],"inLanguage":"eu-ES"},{"@type":"WebPage","@id":"https:\/\/clece.es\/eu\/2017\/03\/07\/escuela-infantil-aldizkariaren-ii-sariek-clece-ren-heziketa-proiektua-saritu-dute\/","url":"https:\/\/clece.es\/eu\/2017\/03\/07\/escuela-infantil-aldizkariaren-ii-sariek-clece-ren-heziketa-proiektua-saritu-dute\/","name":"ESCUELA INFANTIL ALDIZKARIAREN II. SARIEK CLECE-REN HEZIKETA-PROIEKTUA SARITU DUTE - Clece","isPartOf":{"@id":"https:\/\/clece.es\/es\/#website"},"datePublished":"2017-03-07T15:04:31+00:00","dateModified":"2024-10-01T08:19:03+00:00","breadcrumb":{"@id":"https:\/\/clece.es\/eu\/2017\/03\/07\/escuela-infantil-aldizkariaren-ii-sariek-clece-ren-heziketa-proiektua-saritu-dute\/#breadcrumb"},"inLanguage":"eu-ES","potentialAction":[{"@type":"ReadAction","target":["https:\/\/clece.es\/eu\/2017\/03\/07\/escuela-infantil-aldizkariaren-ii-sariek-clece-ren-heziketa-proiektua-saritu-dute\/"]}]},{"@type":"BreadcrumbList","@id":"https:\/\/clece.es\/eu\/2017\/03\/07\/escuela-infantil-aldizkariaren-ii-sariek-clece-ren-heziketa-proiektua-saritu-dute\/#breadcrumb","itemListElement":[{"@type":"ListItem","position":1,"name":"Portada","item":"https:\/\/clece.es\/es\/"},{"@type":"ListItem","position":2,"name":"ESCUELA INFANTIL ALDIZKARIAREN II. SARIEK CLECE-REN HEZIKETA-PROIEKTUA SARITU DUTE"}]},{"@type":"WebSite","@id":"https:\/\/clece.es\/es\/#website","url":"https:\/\/clece.es\/es\/","name":"Clece","description":"","publisher":{"@id":"https:\/\/clece.es\/es\/#organization"},"potentialAction":[{"@type":"SearchAction","target":{"@type":"EntryPoint","urlTemplate":"https:\/\/clece.es\/es\/?s={search_term_string}"},"query-input":{"@type":"PropertyValueSpecification","valueRequired":true,"valueName":"search_term_string"}}],"inLanguage":"eu-ES"},{"@type":"Organization","@id":"https:\/\/clece.es\/es\/#organization","name":"Grupo Clece","url":"https:\/\/clece.es\/es\/","logo":{"@type":"ImageObject","inLanguage":"eu-ES","@id":"https:\/\/clece.es\/es\/#\/schema\/logo\/image\/","url":"https:\/\/sitio2.utopiasl.eu\/wp-content\/uploads\/2024\/10\/Logotipos_filiales_Clece_logotipo.png","contentUrl":"https:\/\/sitio2.utopiasl.eu\/wp-content\/uploads\/2024\/10\/Logotipos_filiales_Clece_logotipo.png","width":5000,"height":5000,"caption":"Grupo Clece"},"image":{"@id":"https:\/\/clece.es\/es\/#\/schema\/logo\/image\/"},"sameAs":["https:\/\/www.facebook.com\/CleceSociedadAnonima\/","https:\/\/x.com\/Clece_","https:\/\/www.linkedin.com\/company\/clece-sa\/"]},{"@type":"Person","@id":"https:\/\/clece.es\/es\/#\/schema\/person\/d2e0cbcc4c37c86ab7c1ee12dd9ca013","name":"Manuel Quintana","image":{"@type":"ImageObject","inLanguage":"eu-ES","@id":"https:\/\/secure.gravatar.com\/avatar\/ef55aed519439bb51078cd519542b9e82b3317a78b489372d5725085de18c6c2?s=96&d=mm&r=g","url":"https:\/\/secure.gravatar.com\/avatar\/ef55aed519439bb51078cd519542b9e82b3317a78b489372d5725085de18c6c2?s=96&d=mm&r=g","contentUrl":"https:\/\/secure.gravatar.com\/avatar\/ef55aed519439bb51078cd519542b9e82b3317a78b489372d5725085de18c6c2?s=96&d=mm&r=g","caption":"Manuel Quintana"},"url":"https:\/\/clece.es\/eu\/author\/manuelq\/"}]}},"_links":{"self":[{"href":"https:\/\/clece.es\/eu\/wp-json\/wp\/v2\/posts\/5266","targetHints":{"allow":["GET"]}}],"collection":[{"href":"https:\/\/clece.es\/eu\/wp-json\/wp\/v2\/posts"}],"about":[{"href":"https:\/\/clece.es\/eu\/wp-json\/wp\/v2\/types\/post"}],"author":[{"embeddable":true,"href":"https:\/\/clece.es\/eu\/wp-json\/wp\/v2\/users\/2"}],"replies":[{"embeddable":true,"href":"https:\/\/clece.es\/eu\/wp-json\/wp\/v2\/comments?post=5266"}],"version-history":[{"count":1,"href":"https:\/\/clece.es\/eu\/wp-json\/wp\/v2\/posts\/5266\/revisions"}],"predecessor-version":[{"id":5267,"href":"https:\/\/clece.es\/eu\/wp-json\/wp\/v2\/posts\/5266\/revisions\/5267"}],"wp:attachment":[{"href":"https:\/\/clece.es\/eu\/wp-json\/wp\/v2\/media?parent=5266"}],"wp:term":[{"taxonomy":"category","embeddable":true,"href":"https:\/\/clece.es\/eu\/wp-json\/wp\/v2\/categories?post=5266"},{"taxonomy":"post_tag","embeddable":true,"href":"https:\/\/clece.es\/eu\/wp-json\/wp\/v2\/tags?post=5266"}],"curies":[{"name":"wp","href":"https:\/\/api.w.org\/{rel}","templated":true}]}}