{"id":5296,"date":"2017-12-28T12:18:45","date_gmt":"2017-12-28T12:18:45","guid":{"rendered":"https:\/\/sitio2.utopiasl.eu\/2017\/12\/28\/reina-sofia-fundazioaren-alzheimer-zentroari-ezagutza-joint-commission-international-erakundearen-ziurtagiri-prestigiotsuarekin\/"},"modified":"2024-10-01T08:19:05","modified_gmt":"2024-10-01T08:19:05","slug":"reina-sofia-fundazioaren-alzheimer-zentroari-ezagutza-joint-commission-international-erakundearen-ziurtagiri-prestigiotsuarekin","status":"publish","type":"post","link":"https:\/\/clece.es\/eu\/2017\/12\/28\/reina-sofia-fundazioaren-alzheimer-zentroari-ezagutza-joint-commission-international-erakundearen-ziurtagiri-prestigiotsuarekin\/","title":{"rendered":"Reina Sof\u00eda Fundazioaren Alzheimer Zentroari ezagutza, \u201cJoint Commission International\u201d erakundearen ziurtagiri prestigiotsuarekin"},"content":{"rendered":"<ul>\n<li><strong>Espainian Alzheimer eritasunean zentratuta dauden egonaldi luzeko Arreta Zentroen artean, aurrena izan da ohoragarri hori eskuratzen, zeina arreta globalaren urrezko estandartzat jotzen baita<\/strong><\/li>\n<li><strong>Estatuko beste 33 zentrok baizik ez dute nazioarteko ziurtagiri hori, barne hartuta ospitaleak, lehen arretako zentroak eta anbulatorioak<\/strong><\/li>\n<\/ul>\n<p>&nbsp;<\/p>\n<p><strong>Reina Sof\u00eda Fundazioaren Alzheimer Zentroari<\/strong> ezagutza egin diote \u201cJoint Comission International\u201d erakundearen ziurtagiri prestigiotsuarekin, haren kudeaketaren kalitate eta segurtasunagatik eta erabiltzaileei ematen dizkien arreta-zerbitzuengatik, <strong>estandarren %\u00a097 beteta<\/strong>.<\/p>\n<p>Madrilgo Erkidegoko erresidentzia publiko horrek, zeina Clece Gizarte Zerbitzuek kudeatzen baitute, Espainian epe luzeko arreta ematen duten hiru egoitza asistentzialetako bat da, eta, Alzheimer eritasunean espezializatutako zentroen artean, aurrena izan da ohoragarri hori eskuratzen, zeina arreta globalaren urrezko estandartzat jotzen baita. Estatuko beste 33 zentrok baizik ez dute nazioarteko ziurtagiri hori, barne hartuta ospitaleak, lehen arretako zentroak eta zentro anbulatorioak. Horietatik, 5 organizazio Madrilgo Erkidegoan daude, ospitaleak eta arreta anbulatorioko zentroak barne, bai halaber Reina Sof\u00eda Fundazioaren Alzheimer Zentroa, horien artean kudeaketa publikokoa den bakarra baita.<\/p>\n<p>Joint Commission International erakundeak bere ardurapean hartzen du mundu-mailako jardunbide onenak neurtzea, identifikatzea eta partekatzea kalitate asistentzialari eta pazienteen segurtasunari dagokienez. Haren adituek, presente baitaude 90 herrialdetan, lan egiten dute mundu osoko ospitaleekin eta bestelako erakunde sanitario eta asistentzialekin, den atarramenturik onena ateratze aldera pazienteei emandako arretan eta asistentzian.<\/p>\n<p>\u00ab<em>Oso harro gaude ezagutza egin digutelako ziurtagiri honekin, zeinak jendaurrean ematen baitu aditzera zentroak betebehar zorrotzenak betetzen dituela kalitatearen arloan eta agerian jartzen baitu prozesu osoan zehar egunean-egunean egiten dugun lana, pertsonarengan zentratutako zerbitzu asistentzial bat eskaintze aldera, erakundera iristen denetik baja ematen den arte<\/em>\u00bb, adierazi du Cristina Rodr\u00edguez Fern\u00e1ndezek, Reina Sof\u00eda Fundazioaren Alzheimer Zentroko zuzendariak.<\/p>\n<p>Ziurtagiri horrek kudeaketaren alderdi guztiak ebaluatzen ditu, eta efizientzia eta jardunbide onenak lortzera bideratzen ditu fase guztiak, segurtasun-kultura sustatuz erabiltzaileagan, prozesu kliniko eta asistentzialetako arriskuak gutxitzeko. 239 estandar eta 914 neurketa-elementu ebaluatzen ditu, zeinak banatuta baitaude egoiliarragan eta erakunde sanitarioan zentratutako estandarren artean. Gainera, hobekuntzarako proiektu komuna da zuzendaritza-kideentzat zein profesionalentzat, eta erabiltzaileagan zentratutako ikuspegi asistentziala du.<\/p>\n<p><strong>Erreferentziazko zentroa Alzheimerrerako<\/strong><\/p>\n<p>Reina Sof\u00eda Fundazioaren Alzheimer Zentroak, zeinak hamar urte bete baititu aurten, erreferentziazko konplexu asistentziala da Alzheimerrerako, eta 650 eri baino gehiago igaro dira bertatik, hala erresidentziatik nola eguneko zentrotik, 2007ko martxoaren 8an inauguratu zenetik. Bertan, aldi berean hiru angelu osagarritatik heltzen zaio eritasunari: ikerkuntza, prestakuntza eta erientzako zerbitzu asistentziala.<\/p>\n<p>Aipatzekoa da ezen, Reina Sof\u00eda Fundazioaren Alzheimer Zentroan, leku berean daudela bateratuta Alzheimer eritasunean funtsezkoak diren hiru lan-eremu: Ikerketa Unitate bat, CIEN fundazioa (Eritasun Neurologikoen Ikerketa Zentroa), Carlos III. Ekonomia eta Lehiakortasun Ministerioa osasun-institutuak kudeatua; dementzietan espezializatutako Prestakuntza Zentro bat; eta Zentro Asistentzial bat egonaldi iraunkorreko erresidentzia batez (156 pertsona) eta eguneko zentro batez (40 pertsona eta familia-asalkadirako 20 plaza) osatua, eta Gizarte Politika eta Familia Kontseilaritzak kudeatua, Clece Gizarte Zerbitzuak enpresaren bitartez.<\/p>\n","protected":false},"excerpt":{"rendered":"<p>Espainian Alzheimer eritasunean zentratuta dauden egonaldi luzeko Arreta Zentroen artean, aurrena izan da ohoragarri hori eskuratzen, zeina arreta globalaren urrezko estandartzat jotzen baita Estatuko beste 33 zentrok baizik ez dute nazioarteko ziurtagiri hori, barne hartuta ospitaleak, lehen arretako zentroak eta anbulatorioak &nbsp; Reina Sof\u00eda Fundazioaren Alzheimer Zentroari ezagutza egin diote \u201cJoint Comission International\u201d erakundearen ziurtagiri [&hellip;]<\/p>\n","protected":false},"author":2,"featured_media":0,"comment_status":"closed","ping_status":"closed","sticky":false,"template":"","format":"standard","meta":{"_acf_changed":false,"footnotes":""},"categories":[262],"tags":[],"class_list":["post-5296","post","type-post","status-publish","format-standard","hentry","category-albisteak-comunicacion-komunikazioa"],"acf":[],"yoast_head":"<!-- This site is optimized with the Yoast SEO plugin v27.4 - https:\/\/yoast.com\/product\/yoast-seo-wordpress\/ -->\n<title>Reina Sof\u00eda Fundazioaren Alzheimer Zentroari ezagutza, \u201cJoint Commission International\u201d erakundearen ziurtagiri prestigiotsuarekin - Clece<\/title>\n<meta name=\"robots\" content=\"index, follow, max-snippet:-1, max-image-preview:large, max-video-preview:-1\" \/>\n<link rel=\"canonical\" href=\"https:\/\/clece.es\/eu\/2017\/12\/28\/reina-sofia-fundazioaren-alzheimer-zentroari-ezagutza-joint-commission-international-erakundearen-ziurtagiri-prestigiotsuarekin\/\" \/>\n<meta property=\"og:locale\" content=\"eu_ES\" \/>\n<meta property=\"og:type\" content=\"article\" \/>\n<meta property=\"og:title\" content=\"Reina Sof\u00eda Fundazioaren Alzheimer Zentroari ezagutza, \u201cJoint Commission International\u201d erakundearen ziurtagiri prestigiotsuarekin - Clece\" \/>\n<meta property=\"og:description\" content=\"Espainian Alzheimer eritasunean zentratuta dauden egonaldi luzeko Arreta Zentroen artean, aurrena izan da ohoragarri hori eskuratzen, zeina arreta globalaren urrezko estandartzat jotzen baita Estatuko beste 33 zentrok baizik ez dute nazioarteko ziurtagiri hori, barne hartuta ospitaleak, lehen arretako zentroak eta anbulatorioak &nbsp; Reina Sof\u00eda Fundazioaren Alzheimer Zentroari ezagutza egin diote \u201cJoint Comission International\u201d erakundearen ziurtagiri [&hellip;]\" \/>\n<meta property=\"og:url\" content=\"https:\/\/clece.es\/eu\/2017\/12\/28\/reina-sofia-fundazioaren-alzheimer-zentroari-ezagutza-joint-commission-international-erakundearen-ziurtagiri-prestigiotsuarekin\/\" \/>\n<meta property=\"og:site_name\" content=\"Clece\" \/>\n<meta property=\"article:publisher\" content=\"https:\/\/www.facebook.com\/CleceSociedadAnonima\/\" \/>\n<meta property=\"article:published_time\" content=\"2017-12-28T12:18:45+00:00\" \/>\n<meta property=\"article:modified_time\" content=\"2024-10-01T08:19:05+00:00\" \/>\n<meta name=\"author\" content=\"Manuel Quintana\" \/>\n<meta name=\"twitter:card\" content=\"summary_large_image\" \/>\n<meta name=\"twitter:creator\" content=\"@Clece_\" \/>\n<meta name=\"twitter:site\" content=\"@Clece_\" \/>\n<meta name=\"twitter:label1\" content=\"Written by\" \/>\n\t<meta name=\"twitter:data1\" content=\"Manuel Quintana\" \/>\n\t<meta name=\"twitter:label2\" content=\"Est. reading time\" \/>\n\t<meta name=\"twitter:data2\" content=\"2 minutes\" \/>\n<script type=\"application\/ld+json\" class=\"yoast-schema-graph\">{\"@context\":\"https:\\\/\\\/schema.org\",\"@graph\":[{\"@type\":\"Article\",\"@id\":\"https:\\\/\\\/clece.es\\\/eu\\\/2017\\\/12\\\/28\\\/reina-sofia-fundazioaren-alzheimer-zentroari-ezagutza-joint-commission-international-erakundearen-ziurtagiri-prestigiotsuarekin\\\/#article\",\"isPartOf\":{\"@id\":\"https:\\\/\\\/clece.es\\\/eu\\\/2017\\\/12\\\/28\\\/reina-sofia-fundazioaren-alzheimer-zentroari-ezagutza-joint-commission-international-erakundearen-ziurtagiri-prestigiotsuarekin\\\/\"},\"author\":{\"name\":\"Manuel Quintana\",\"@id\":\"https:\\\/\\\/clece.es\\\/es\\\/#\\\/schema\\\/person\\\/d2e0cbcc4c37c86ab7c1ee12dd9ca013\"},\"headline\":\"Reina Sof\u00eda Fundazioaren Alzheimer Zentroari ezagutza, \u201cJoint Commission International\u201d erakundearen ziurtagiri prestigiotsuarekin\",\"datePublished\":\"2017-12-28T12:18:45+00:00\",\"dateModified\":\"2024-10-01T08:19:05+00:00\",\"mainEntityOfPage\":{\"@id\":\"https:\\\/\\\/clece.es\\\/eu\\\/2017\\\/12\\\/28\\\/reina-sofia-fundazioaren-alzheimer-zentroari-ezagutza-joint-commission-international-erakundearen-ziurtagiri-prestigiotsuarekin\\\/\"},\"wordCount\":451,\"publisher\":{\"@id\":\"https:\\\/\\\/clece.es\\\/es\\\/#organization\"},\"articleSection\":[\"Albisteak\"],\"inLanguage\":\"eu-ES\"},{\"@type\":\"WebPage\",\"@id\":\"https:\\\/\\\/clece.es\\\/eu\\\/2017\\\/12\\\/28\\\/reina-sofia-fundazioaren-alzheimer-zentroari-ezagutza-joint-commission-international-erakundearen-ziurtagiri-prestigiotsuarekin\\\/\",\"url\":\"https:\\\/\\\/clece.es\\\/eu\\\/2017\\\/12\\\/28\\\/reina-sofia-fundazioaren-alzheimer-zentroari-ezagutza-joint-commission-international-erakundearen-ziurtagiri-prestigiotsuarekin\\\/\",\"name\":\"Reina Sof\u00eda Fundazioaren Alzheimer Zentroari ezagutza, \u201cJoint Commission International\u201d erakundearen ziurtagiri prestigiotsuarekin - Clece\",\"isPartOf\":{\"@id\":\"https:\\\/\\\/clece.es\\\/es\\\/#website\"},\"datePublished\":\"2017-12-28T12:18:45+00:00\",\"dateModified\":\"2024-10-01T08:19:05+00:00\",\"breadcrumb\":{\"@id\":\"https:\\\/\\\/clece.es\\\/eu\\\/2017\\\/12\\\/28\\\/reina-sofia-fundazioaren-alzheimer-zentroari-ezagutza-joint-commission-international-erakundearen-ziurtagiri-prestigiotsuarekin\\\/#breadcrumb\"},\"inLanguage\":\"eu-ES\",\"potentialAction\":[{\"@type\":\"ReadAction\",\"target\":[\"https:\\\/\\\/clece.es\\\/eu\\\/2017\\\/12\\\/28\\\/reina-sofia-fundazioaren-alzheimer-zentroari-ezagutza-joint-commission-international-erakundearen-ziurtagiri-prestigiotsuarekin\\\/\"]}]},{\"@type\":\"BreadcrumbList\",\"@id\":\"https:\\\/\\\/clece.es\\\/eu\\\/2017\\\/12\\\/28\\\/reina-sofia-fundazioaren-alzheimer-zentroari-ezagutza-joint-commission-international-erakundearen-ziurtagiri-prestigiotsuarekin\\\/#breadcrumb\",\"itemListElement\":[{\"@type\":\"ListItem\",\"position\":1,\"name\":\"Portada\",\"item\":\"https:\\\/\\\/clece.es\\\/es\\\/\"},{\"@type\":\"ListItem\",\"position\":2,\"name\":\"Reina Sof\u00eda Fundazioaren Alzheimer Zentroari ezagutza, \u201cJoint Commission International\u201d erakundearen ziurtagiri prestigiotsuarekin\"}]},{\"@type\":\"WebSite\",\"@id\":\"https:\\\/\\\/clece.es\\\/es\\\/#website\",\"url\":\"https:\\\/\\\/clece.es\\\/es\\\/\",\"name\":\"Clece\",\"description\":\"\",\"publisher\":{\"@id\":\"https:\\\/\\\/clece.es\\\/es\\\/#organization\"},\"potentialAction\":[{\"@type\":\"SearchAction\",\"target\":{\"@type\":\"EntryPoint\",\"urlTemplate\":\"https:\\\/\\\/clece.es\\\/es\\\/?s={search_term_string}\"},\"query-input\":{\"@type\":\"PropertyValueSpecification\",\"valueRequired\":true,\"valueName\":\"search_term_string\"}}],\"inLanguage\":\"eu-ES\"},{\"@type\":\"Organization\",\"@id\":\"https:\\\/\\\/clece.es\\\/es\\\/#organization\",\"name\":\"Grupo Clece\",\"url\":\"https:\\\/\\\/clece.es\\\/es\\\/\",\"logo\":{\"@type\":\"ImageObject\",\"inLanguage\":\"eu-ES\",\"@id\":\"https:\\\/\\\/clece.es\\\/es\\\/#\\\/schema\\\/logo\\\/image\\\/\",\"url\":\"https:\\\/\\\/sitio2.utopiasl.eu\\\/wp-content\\\/uploads\\\/2024\\\/10\\\/Logotipos_filiales_Clece_logotipo.png\",\"contentUrl\":\"https:\\\/\\\/sitio2.utopiasl.eu\\\/wp-content\\\/uploads\\\/2024\\\/10\\\/Logotipos_filiales_Clece_logotipo.png\",\"width\":5000,\"height\":5000,\"caption\":\"Grupo Clece\"},\"image\":{\"@id\":\"https:\\\/\\\/clece.es\\\/es\\\/#\\\/schema\\\/logo\\\/image\\\/\"},\"sameAs\":[\"https:\\\/\\\/www.facebook.com\\\/CleceSociedadAnonima\\\/\",\"https:\\\/\\\/x.com\\\/Clece_\",\"https:\\\/\\\/www.linkedin.com\\\/company\\\/clece-sa\\\/\"]},{\"@type\":\"Person\",\"@id\":\"https:\\\/\\\/clece.es\\\/es\\\/#\\\/schema\\\/person\\\/d2e0cbcc4c37c86ab7c1ee12dd9ca013\",\"name\":\"Manuel Quintana\",\"image\":{\"@type\":\"ImageObject\",\"inLanguage\":\"eu-ES\",\"@id\":\"https:\\\/\\\/secure.gravatar.com\\\/avatar\\\/ef55aed519439bb51078cd519542b9e82b3317a78b489372d5725085de18c6c2?s=96&d=mm&r=g\",\"url\":\"https:\\\/\\\/secure.gravatar.com\\\/avatar\\\/ef55aed519439bb51078cd519542b9e82b3317a78b489372d5725085de18c6c2?s=96&d=mm&r=g\",\"contentUrl\":\"https:\\\/\\\/secure.gravatar.com\\\/avatar\\\/ef55aed519439bb51078cd519542b9e82b3317a78b489372d5725085de18c6c2?s=96&d=mm&r=g\",\"caption\":\"Manuel Quintana\"},\"url\":\"https:\\\/\\\/clece.es\\\/eu\\\/author\\\/manuelq\\\/\"}]}<\/script>\n<!-- \/ Yoast SEO plugin. -->","yoast_head_json":{"title":"Reina Sof\u00eda Fundazioaren Alzheimer Zentroari ezagutza, \u201cJoint Commission International\u201d erakundearen ziurtagiri prestigiotsuarekin - Clece","robots":{"index":"index","follow":"follow","max-snippet":"max-snippet:-1","max-image-preview":"max-image-preview:large","max-video-preview":"max-video-preview:-1"},"canonical":"https:\/\/clece.es\/eu\/2017\/12\/28\/reina-sofia-fundazioaren-alzheimer-zentroari-ezagutza-joint-commission-international-erakundearen-ziurtagiri-prestigiotsuarekin\/","og_locale":"eu_ES","og_type":"article","og_title":"Reina Sof\u00eda Fundazioaren Alzheimer Zentroari ezagutza, \u201cJoint Commission International\u201d erakundearen ziurtagiri prestigiotsuarekin - Clece","og_description":"Espainian Alzheimer eritasunean zentratuta dauden egonaldi luzeko Arreta Zentroen artean, aurrena izan da ohoragarri hori eskuratzen, zeina arreta globalaren urrezko estandartzat jotzen baita Estatuko beste 33 zentrok baizik ez dute nazioarteko ziurtagiri hori, barne hartuta ospitaleak, lehen arretako zentroak eta anbulatorioak &nbsp; Reina Sof\u00eda Fundazioaren Alzheimer Zentroari ezagutza egin diote \u201cJoint Comission International\u201d erakundearen ziurtagiri [&hellip;]","og_url":"https:\/\/clece.es\/eu\/2017\/12\/28\/reina-sofia-fundazioaren-alzheimer-zentroari-ezagutza-joint-commission-international-erakundearen-ziurtagiri-prestigiotsuarekin\/","og_site_name":"Clece","article_publisher":"https:\/\/www.facebook.com\/CleceSociedadAnonima\/","article_published_time":"2017-12-28T12:18:45+00:00","article_modified_time":"2024-10-01T08:19:05+00:00","author":"Manuel Quintana","twitter_card":"summary_large_image","twitter_creator":"@Clece_","twitter_site":"@Clece_","twitter_misc":{"Written by":"Manuel Quintana","Est. reading time":"2 minutes"},"schema":{"@context":"https:\/\/schema.org","@graph":[{"@type":"Article","@id":"https:\/\/clece.es\/eu\/2017\/12\/28\/reina-sofia-fundazioaren-alzheimer-zentroari-ezagutza-joint-commission-international-erakundearen-ziurtagiri-prestigiotsuarekin\/#article","isPartOf":{"@id":"https:\/\/clece.es\/eu\/2017\/12\/28\/reina-sofia-fundazioaren-alzheimer-zentroari-ezagutza-joint-commission-international-erakundearen-ziurtagiri-prestigiotsuarekin\/"},"author":{"name":"Manuel Quintana","@id":"https:\/\/clece.es\/es\/#\/schema\/person\/d2e0cbcc4c37c86ab7c1ee12dd9ca013"},"headline":"Reina Sof\u00eda Fundazioaren Alzheimer Zentroari ezagutza, \u201cJoint Commission International\u201d erakundearen ziurtagiri prestigiotsuarekin","datePublished":"2017-12-28T12:18:45+00:00","dateModified":"2024-10-01T08:19:05+00:00","mainEntityOfPage":{"@id":"https:\/\/clece.es\/eu\/2017\/12\/28\/reina-sofia-fundazioaren-alzheimer-zentroari-ezagutza-joint-commission-international-erakundearen-ziurtagiri-prestigiotsuarekin\/"},"wordCount":451,"publisher":{"@id":"https:\/\/clece.es\/es\/#organization"},"articleSection":["Albisteak"],"inLanguage":"eu-ES"},{"@type":"WebPage","@id":"https:\/\/clece.es\/eu\/2017\/12\/28\/reina-sofia-fundazioaren-alzheimer-zentroari-ezagutza-joint-commission-international-erakundearen-ziurtagiri-prestigiotsuarekin\/","url":"https:\/\/clece.es\/eu\/2017\/12\/28\/reina-sofia-fundazioaren-alzheimer-zentroari-ezagutza-joint-commission-international-erakundearen-ziurtagiri-prestigiotsuarekin\/","name":"Reina Sof\u00eda Fundazioaren Alzheimer Zentroari ezagutza, \u201cJoint Commission International\u201d erakundearen ziurtagiri prestigiotsuarekin - Clece","isPartOf":{"@id":"https:\/\/clece.es\/es\/#website"},"datePublished":"2017-12-28T12:18:45+00:00","dateModified":"2024-10-01T08:19:05+00:00","breadcrumb":{"@id":"https:\/\/clece.es\/eu\/2017\/12\/28\/reina-sofia-fundazioaren-alzheimer-zentroari-ezagutza-joint-commission-international-erakundearen-ziurtagiri-prestigiotsuarekin\/#breadcrumb"},"inLanguage":"eu-ES","potentialAction":[{"@type":"ReadAction","target":["https:\/\/clece.es\/eu\/2017\/12\/28\/reina-sofia-fundazioaren-alzheimer-zentroari-ezagutza-joint-commission-international-erakundearen-ziurtagiri-prestigiotsuarekin\/"]}]},{"@type":"BreadcrumbList","@id":"https:\/\/clece.es\/eu\/2017\/12\/28\/reina-sofia-fundazioaren-alzheimer-zentroari-ezagutza-joint-commission-international-erakundearen-ziurtagiri-prestigiotsuarekin\/#breadcrumb","itemListElement":[{"@type":"ListItem","position":1,"name":"Portada","item":"https:\/\/clece.es\/es\/"},{"@type":"ListItem","position":2,"name":"Reina Sof\u00eda Fundazioaren Alzheimer Zentroari ezagutza, \u201cJoint Commission International\u201d erakundearen ziurtagiri prestigiotsuarekin"}]},{"@type":"WebSite","@id":"https:\/\/clece.es\/es\/#website","url":"https:\/\/clece.es\/es\/","name":"Clece","description":"","publisher":{"@id":"https:\/\/clece.es\/es\/#organization"},"potentialAction":[{"@type":"SearchAction","target":{"@type":"EntryPoint","urlTemplate":"https:\/\/clece.es\/es\/?s={search_term_string}"},"query-input":{"@type":"PropertyValueSpecification","valueRequired":true,"valueName":"search_term_string"}}],"inLanguage":"eu-ES"},{"@type":"Organization","@id":"https:\/\/clece.es\/es\/#organization","name":"Grupo Clece","url":"https:\/\/clece.es\/es\/","logo":{"@type":"ImageObject","inLanguage":"eu-ES","@id":"https:\/\/clece.es\/es\/#\/schema\/logo\/image\/","url":"https:\/\/sitio2.utopiasl.eu\/wp-content\/uploads\/2024\/10\/Logotipos_filiales_Clece_logotipo.png","contentUrl":"https:\/\/sitio2.utopiasl.eu\/wp-content\/uploads\/2024\/10\/Logotipos_filiales_Clece_logotipo.png","width":5000,"height":5000,"caption":"Grupo Clece"},"image":{"@id":"https:\/\/clece.es\/es\/#\/schema\/logo\/image\/"},"sameAs":["https:\/\/www.facebook.com\/CleceSociedadAnonima\/","https:\/\/x.com\/Clece_","https:\/\/www.linkedin.com\/company\/clece-sa\/"]},{"@type":"Person","@id":"https:\/\/clece.es\/es\/#\/schema\/person\/d2e0cbcc4c37c86ab7c1ee12dd9ca013","name":"Manuel Quintana","image":{"@type":"ImageObject","inLanguage":"eu-ES","@id":"https:\/\/secure.gravatar.com\/avatar\/ef55aed519439bb51078cd519542b9e82b3317a78b489372d5725085de18c6c2?s=96&d=mm&r=g","url":"https:\/\/secure.gravatar.com\/avatar\/ef55aed519439bb51078cd519542b9e82b3317a78b489372d5725085de18c6c2?s=96&d=mm&r=g","contentUrl":"https:\/\/secure.gravatar.com\/avatar\/ef55aed519439bb51078cd519542b9e82b3317a78b489372d5725085de18c6c2?s=96&d=mm&r=g","caption":"Manuel Quintana"},"url":"https:\/\/clece.es\/eu\/author\/manuelq\/"}]}},"_links":{"self":[{"href":"https:\/\/clece.es\/eu\/wp-json\/wp\/v2\/posts\/5296","targetHints":{"allow":["GET"]}}],"collection":[{"href":"https:\/\/clece.es\/eu\/wp-json\/wp\/v2\/posts"}],"about":[{"href":"https:\/\/clece.es\/eu\/wp-json\/wp\/v2\/types\/post"}],"author":[{"embeddable":true,"href":"https:\/\/clece.es\/eu\/wp-json\/wp\/v2\/users\/2"}],"replies":[{"embeddable":true,"href":"https:\/\/clece.es\/eu\/wp-json\/wp\/v2\/comments?post=5296"}],"version-history":[{"count":1,"href":"https:\/\/clece.es\/eu\/wp-json\/wp\/v2\/posts\/5296\/revisions"}],"predecessor-version":[{"id":5297,"href":"https:\/\/clece.es\/eu\/wp-json\/wp\/v2\/posts\/5296\/revisions\/5297"}],"wp:attachment":[{"href":"https:\/\/clece.es\/eu\/wp-json\/wp\/v2\/media?parent=5296"}],"wp:term":[{"taxonomy":"category","embeddable":true,"href":"https:\/\/clece.es\/eu\/wp-json\/wp\/v2\/categories?post=5296"},{"taxonomy":"post_tag","embeddable":true,"href":"https:\/\/clece.es\/eu\/wp-json\/wp\/v2\/tags?post=5296"}],"curies":[{"name":"wp","href":"https:\/\/api.w.org\/{rel}","templated":true}]}}