{"id":5318,"date":"2018-11-30T11:10:51","date_gmt":"2018-11-30T11:10:51","guid":{"rendered":"https:\/\/sitio2.utopiasl.eu\/2018\/11\/30\/clece-k-entitateak-eta-hedabideak-saritu-ditu-genero-indarkeriaren-kontra-hartutako-konpromisoagatik\/"},"modified":"2024-10-01T08:19:06","modified_gmt":"2024-10-01T08:19:06","slug":"clece-k-entitateak-eta-hedabideak-saritu-ditu-genero-indarkeriaren-kontra-hartutako-konpromisoagatik","status":"publish","type":"post","link":"https:\/\/clece.es\/eu\/2018\/11\/30\/clece-k-entitateak-eta-hedabideak-saritu-ditu-genero-indarkeriaren-kontra-hartutako-konpromisoagatik\/","title":{"rendered":"Clece-k entitateak eta hedabideak saritu ditu, genero-indarkeriaren kontra hartutako konpromisoagatik"},"content":{"rendered":"<p>Clece-ren proiektu soziala den <a href=\"https:\/\/www.clecesocial.es\/\" target=\"_blank\" rel=\"noopener\">Clece Social<\/a>-ek <strong>Konpromiso Sariak<\/strong> banatzeko ekitaldia egin du azaroaren 20an. <a href=\"\u00a0https:\/\/www.clece.es\/eu\/proiektu-soziala\/konpromiso-sariak\/iv-edizioa\/\">Laugarren edizio<\/a> horretan, ezagutza egin zaie hainbat entitateri, hedabideri eta pertsona ezaguni, <strong>genero-indarkeriaren kontrako borrokan<\/strong> hartutako konpromisoagatik.<\/p>\n<p>Genero-indarkeriaren biktima diren emakumeekin lotuta, irabazi-asmorik gabeko zenbait entitatek euren proiektuak aurkeztu zituzten Proiektu Sozial Onenaren kategorian. Horietatik, sari bana eraman dute Santa Mar\u00eda La Real fundazioak, Asociaci\u00f3n de X\u00f3venes Emprendedores de Lugo elkarteak eta Don Bosco fundazioak. Bakoitzak 10.000 euro jasoko ditu. Kazetaritza Lan Onenaren kategorian, Marisa Kohan P\u00fablico egunkariko kazetariak irabazi du 7.000 euroko saria.<\/p>\n<p>Genero-indarkeriaren alorrean gehien nabarmendutako Sentsibilizazio Ekimenaren Saria, berriz, kanpaina honek irabazi du: \u201cTolerancia Cero. Contra el maltrato, la fuerza de todos\u201d, Antena3 Noticias-ek eta Fundaci\u00f3n Mutua Madrile\u00f1ak antolatua. Clece-rekin lankidetza estuena izan dutenei dagokienez, Candelita elkarteak eta ARED fundazioak lortu dute garaisaria. Halaber, epaimahaiak sari berezi bat eman dio Guardia Zibileko Mar\u00eda Jos\u00e9 Garrido Ant\u00f3n kapitainari.<\/p>\n<p><strong>Bihotz-bihotzeko omenaldia<\/strong><\/p>\n<p>Aurtengo galan, gogoan izan dute denek epaimahaiburu Luis Lorente, zeina egun batzuk lehenago hil zen. \u00abGizon bikain batek utzi gaitu, buru pribilegiatu baten eta sekulako gizatasunaren jabe zen gizonak. Ohorea izan da guretzat bera epaimahaian izatea eta, inondik ere, ezin ezabatuzko aztarna utzi du sari hauetan. Berak bere egin zituen hasiera-hasieratik, eta esker onekoak izango gatzaizkio beti\u00bb, adierazi du Jos\u00e9 Andr\u00e9s Elizagak, Clece-ren Komunikazioko eta Harreman Instituzionalen zuzendariak.<\/p>\n<p><strong>Lehiaketaren kategoriak<\/strong><\/p>\n<p>Lehiaketaren edizio honetako kategorien barruan, epaimahaiak <strong>Proiektu Sozial Onenaren Saria<\/strong> eman die zazpi elkarte finalistetarik hiruri:<\/p>\n<ul>\n<li><strong>Santa Mar\u00eda La Real fundazioa<\/strong>, Aguilar de Campoo (Palentzia). Proiektua: \u201cEmpleo Mujer de Castilla y Le\u00f3n\u201d. Helburua: Gaztela eta Leonen gizarte-egoera bereziki ahulean dauden emakumeak gizarteratzeko eta laneratzeko bideak sustatzea eta haien enplegagarritasuna hobetzea. Gaur arte, 513 emakumek hartu dute parte programan, zeinetatik 234 izan diren genero-indarkeriaren biktima.<\/li>\n<li><strong>Asociaci\u00f3n de X\u00f3venes Emprendedores (AXEL)<\/strong> de Lugo. Proiektua: \u201cBl\u00edster, p\u00edldoras del conocimiento\u201d. Helburua: emakumeak prestatzea eurenak izan ohi ez diren lan-arloetan \u2013hala nola: elektrizitatea, iturgintza, lorezaintza, eta abar\u2013 eta, hala eginez, genero estereotipoak apurtzea. Genero-indarkeriaren biktima diren 20-30 emakumeengana iritsi nahi dute Lugoko probintzian.<\/li>\n<li><strong>Don Bosco fundazioa<\/strong>, Kordoba, Las Palmas Kanaria Handikoa eta Badajoz. Proiektua: Genero-indarkeriaren biktimekiko \u201cItinerarios integrados de Inserci\u00f3n Sociolaboral\u201d. Helburua: genero-indarkeriaren biktimen enplegagarritasuna hobetzea. 800 enpresak baino gehiagok elkarlanean dihardute proiektuarekin, haren Enplegu Agentzian izena emanda<\/li>\n<\/ul>\n<p>Sariketaren beste kategorian, <strong>Kazetaritza Lan Onenean<\/strong>, lau finalistetatik honako honi eskuetaratu dio golardoa epaimahaiak:<\/p>\n<ul>\n<li><strong>Marisa Kohan<\/strong>, P\u00fablico egunkariko kazetaria, biolentzia matxistaren kontrako borrokan engaiaturik egin duen kazetaritza-lanagatik.<\/li>\n<\/ul>\n<p><strong>Ezagutza bereziak<\/strong><\/p>\n<p><strong>\u201cTolerancia Cero. Contra el maltrato, la fuerza de todos\u201d<\/strong> kanpainak jaso du genero-indarkeriaren alorrean gehien nabarmendutako Sentsibilizazio Ekimenaren saria. 2015etik, komunikazioaren indarraz baliatu da Antena3 Noticias-ek eta Fundaci\u00f3n Mutua Madrile\u00f1ak sustatutako kanpaina hori, genero-indarkeriaren kontrako sentsibilizazioa sortzeko. Saria jasotzera bertaratu dira M\u00f3nica Carrillo, asteburuko albisteen Antena3ko aurkezlea, eta Lorenzo Cooklin, fundazioko zuzendari nagusia.<\/p>\n<p>Edizio honek <strong>ezagutza berezi<\/strong> bat egin die, halaber, aurten <strong>genero-indarkeriaren biktimen lan-integrazioan<\/strong> Clece-rekin lankidetza estuena izandako elkarteei. <strong>Candelita elkartea<\/strong> eta <strong>ARED fundazioa<\/strong> izan dira ezagutza horren hartzaileak, bete-betean inplikatu direlako emakumeak, batez ere kolektibo kalteberetakoak, lan-munduan integratzeko eta berregokitzeko ahaleginean.<\/p>\n<p>Azkenik, <strong>ezagutza berezi bat<\/strong> egin diote <strong>Guardia Zibileko Mar\u00eda Jos\u00e9 Garrido Ant\u00f3n kapitainari<\/strong>, zeina, egun, Delituzko Jokabidearen Analisia sailean dagoen destinatuta, Polizia Judizialaren Unitate Teknikoan (UTPJ). Horrez gain, psikologiako doktorea da, eta eginda dauzka Zientzia Forentsikoen master bat Madrilgo Unibertsitate Autonomoan eta kriminologiako aditu-ikasketak UNEDen. Orobat, \u201cGu\u00eda de Primeros Auxilios Psicol\u00f3gicos en Violencia de G\u00e9nero\u201d idatzi zuen (estreinakoz, 2011n argitaratua). Mugarri horrek, aurrekari bat ezartzeaz gain, biktimak babesteari eskainitako ibilbide profesional oso bat markatzen du. Ezagutza berezi honekin batera, gainera, 30 urte bete dira emakumeak Guardia Zibilean sartu zirela.<\/p>\n<p><strong>Betetako konpromisoak<\/strong><\/p>\n<p>Duela urtebete, III. Konpromiso Sarien galan, Clece-k iragarri zuen asmoa hartu zuela genero-biolentziaren biktima ziren139 emakume kontratatzeko, hurrengo galari begira. Hala, borroka horretan beste urrats bat egitera konprometitu zen.<\/p>\n<p>Ekimenari \u201c139. Proiektua\u201d deitu zioten, zenbaki sinboliko hori bat zetorren-eta genero-indarkeriaren kontrako sariketan Proiektu Sozial Onenaren kategoriara aurkeztu ziren hautagaitzen kopuruarekin. Proiektuaren helburua zen emakumeak erabat suspertzen eta gizarteratzen laguntzea enpleguaren bidez. Konpromiso haren emaitza guztiz arrakastatsua izan da, eta, ekimena iragarri zenetik, genero-indarkeriatik bizirik irtendako 169 pertsona sartu dira konpainian.<\/p>\n<p><a href=\"\u00a0https:\/\/www.clece.es\/eu\/proiektu-soziala\/konpromiso-sariak\/iv-edizioa\/\"><strong>KONPROMISO SARIEN IV. EDIZIOA<\/strong><\/a><\/p>\n","protected":false},"excerpt":{"rendered":"<p>Clece-ren proiektu soziala den Clece Social-ek Konpromiso Sariak banatzeko ekitaldia egin du azaroaren 20an. Laugarren edizio horretan, ezagutza egin zaie hainbat entitateri, hedabideri eta pertsona ezaguni, genero-indarkeriaren kontrako borrokan hartutako konpromisoagatik. Genero-indarkeriaren biktima diren emakumeekin lotuta, irabazi-asmorik gabeko zenbait entitatek euren proiektuak aurkeztu zituzten Proiektu Sozial Onenaren kategorian. Horietatik, sari bana eraman dute Santa Mar\u00eda [&hellip;]<\/p>\n","protected":false},"author":2,"featured_media":0,"comment_status":"closed","ping_status":"closed","sticky":false,"template":"","format":"standard","meta":{"_acf_changed":false,"footnotes":""},"categories":[262],"tags":[],"class_list":["post-5318","post","type-post","status-publish","format-standard","hentry","category-albisteak-comunicacion-komunikazioa"],"acf":[],"yoast_head":"<!-- This site is optimized with the Yoast SEO plugin v27.4 - https:\/\/yoast.com\/product\/yoast-seo-wordpress\/ -->\n<title>Clece-k entitateak eta hedabideak saritu ditu, genero-indarkeriaren kontra hartutako konpromisoagatik - Clece<\/title>\n<meta name=\"robots\" content=\"index, follow, max-snippet:-1, max-image-preview:large, max-video-preview:-1\" \/>\n<link rel=\"canonical\" href=\"https:\/\/clece.es\/eu\/2018\/11\/30\/clece-k-entitateak-eta-hedabideak-saritu-ditu-genero-indarkeriaren-kontra-hartutako-konpromisoagatik\/\" \/>\n<meta property=\"og:locale\" content=\"eu_ES\" \/>\n<meta property=\"og:type\" content=\"article\" \/>\n<meta property=\"og:title\" content=\"Clece-k entitateak eta hedabideak saritu ditu, genero-indarkeriaren kontra hartutako konpromisoagatik - Clece\" \/>\n<meta property=\"og:description\" content=\"Clece-ren proiektu soziala den Clece Social-ek Konpromiso Sariak banatzeko ekitaldia egin du azaroaren 20an. Laugarren edizio horretan, ezagutza egin zaie hainbat entitateri, hedabideri eta pertsona ezaguni, genero-indarkeriaren kontrako borrokan hartutako konpromisoagatik. Genero-indarkeriaren biktima diren emakumeekin lotuta, irabazi-asmorik gabeko zenbait entitatek euren proiektuak aurkeztu zituzten Proiektu Sozial Onenaren kategorian. Horietatik, sari bana eraman dute Santa Mar\u00eda [&hellip;]\" \/>\n<meta property=\"og:url\" content=\"https:\/\/clece.es\/eu\/2018\/11\/30\/clece-k-entitateak-eta-hedabideak-saritu-ditu-genero-indarkeriaren-kontra-hartutako-konpromisoagatik\/\" \/>\n<meta property=\"og:site_name\" content=\"Clece\" \/>\n<meta property=\"article:publisher\" content=\"https:\/\/www.facebook.com\/CleceSociedadAnonima\/\" \/>\n<meta property=\"article:published_time\" content=\"2018-11-30T11:10:51+00:00\" \/>\n<meta property=\"article:modified_time\" content=\"2024-10-01T08:19:06+00:00\" \/>\n<meta name=\"author\" content=\"Manuel Quintana\" \/>\n<meta name=\"twitter:card\" content=\"summary_large_image\" \/>\n<meta name=\"twitter:creator\" content=\"@Clece_\" \/>\n<meta name=\"twitter:site\" content=\"@Clece_\" \/>\n<meta name=\"twitter:label1\" content=\"Written by\" \/>\n\t<meta name=\"twitter:data1\" content=\"Manuel Quintana\" \/>\n\t<meta name=\"twitter:label2\" content=\"Est. reading time\" \/>\n\t<meta name=\"twitter:data2\" content=\"3 minutes\" \/>\n<script type=\"application\/ld+json\" class=\"yoast-schema-graph\">{\"@context\":\"https:\\\/\\\/schema.org\",\"@graph\":[{\"@type\":\"Article\",\"@id\":\"https:\\\/\\\/clece.es\\\/eu\\\/2018\\\/11\\\/30\\\/clece-k-entitateak-eta-hedabideak-saritu-ditu-genero-indarkeriaren-kontra-hartutako-konpromisoagatik\\\/#article\",\"isPartOf\":{\"@id\":\"https:\\\/\\\/clece.es\\\/eu\\\/2018\\\/11\\\/30\\\/clece-k-entitateak-eta-hedabideak-saritu-ditu-genero-indarkeriaren-kontra-hartutako-konpromisoagatik\\\/\"},\"author\":{\"name\":\"Manuel Quintana\",\"@id\":\"https:\\\/\\\/clece.es\\\/es\\\/#\\\/schema\\\/person\\\/d2e0cbcc4c37c86ab7c1ee12dd9ca013\"},\"headline\":\"Clece-k entitateak eta hedabideak saritu ditu, genero-indarkeriaren kontra hartutako konpromisoagatik\",\"datePublished\":\"2018-11-30T11:10:51+00:00\",\"dateModified\":\"2024-10-01T08:19:06+00:00\",\"mainEntityOfPage\":{\"@id\":\"https:\\\/\\\/clece.es\\\/eu\\\/2018\\\/11\\\/30\\\/clece-k-entitateak-eta-hedabideak-saritu-ditu-genero-indarkeriaren-kontra-hartutako-konpromisoagatik\\\/\"},\"wordCount\":684,\"publisher\":{\"@id\":\"https:\\\/\\\/clece.es\\\/es\\\/#organization\"},\"articleSection\":[\"Albisteak\"],\"inLanguage\":\"eu-ES\"},{\"@type\":\"WebPage\",\"@id\":\"https:\\\/\\\/clece.es\\\/eu\\\/2018\\\/11\\\/30\\\/clece-k-entitateak-eta-hedabideak-saritu-ditu-genero-indarkeriaren-kontra-hartutako-konpromisoagatik\\\/\",\"url\":\"https:\\\/\\\/clece.es\\\/eu\\\/2018\\\/11\\\/30\\\/clece-k-entitateak-eta-hedabideak-saritu-ditu-genero-indarkeriaren-kontra-hartutako-konpromisoagatik\\\/\",\"name\":\"Clece-k entitateak eta hedabideak saritu ditu, genero-indarkeriaren kontra hartutako konpromisoagatik - Clece\",\"isPartOf\":{\"@id\":\"https:\\\/\\\/clece.es\\\/es\\\/#website\"},\"datePublished\":\"2018-11-30T11:10:51+00:00\",\"dateModified\":\"2024-10-01T08:19:06+00:00\",\"breadcrumb\":{\"@id\":\"https:\\\/\\\/clece.es\\\/eu\\\/2018\\\/11\\\/30\\\/clece-k-entitateak-eta-hedabideak-saritu-ditu-genero-indarkeriaren-kontra-hartutako-konpromisoagatik\\\/#breadcrumb\"},\"inLanguage\":\"eu-ES\",\"potentialAction\":[{\"@type\":\"ReadAction\",\"target\":[\"https:\\\/\\\/clece.es\\\/eu\\\/2018\\\/11\\\/30\\\/clece-k-entitateak-eta-hedabideak-saritu-ditu-genero-indarkeriaren-kontra-hartutako-konpromisoagatik\\\/\"]}]},{\"@type\":\"BreadcrumbList\",\"@id\":\"https:\\\/\\\/clece.es\\\/eu\\\/2018\\\/11\\\/30\\\/clece-k-entitateak-eta-hedabideak-saritu-ditu-genero-indarkeriaren-kontra-hartutako-konpromisoagatik\\\/#breadcrumb\",\"itemListElement\":[{\"@type\":\"ListItem\",\"position\":1,\"name\":\"Portada\",\"item\":\"https:\\\/\\\/clece.es\\\/es\\\/\"},{\"@type\":\"ListItem\",\"position\":2,\"name\":\"Clece-k entitateak eta hedabideak saritu ditu, genero-indarkeriaren kontra hartutako konpromisoagatik\"}]},{\"@type\":\"WebSite\",\"@id\":\"https:\\\/\\\/clece.es\\\/es\\\/#website\",\"url\":\"https:\\\/\\\/clece.es\\\/es\\\/\",\"name\":\"Clece\",\"description\":\"\",\"publisher\":{\"@id\":\"https:\\\/\\\/clece.es\\\/es\\\/#organization\"},\"potentialAction\":[{\"@type\":\"SearchAction\",\"target\":{\"@type\":\"EntryPoint\",\"urlTemplate\":\"https:\\\/\\\/clece.es\\\/es\\\/?s={search_term_string}\"},\"query-input\":{\"@type\":\"PropertyValueSpecification\",\"valueRequired\":true,\"valueName\":\"search_term_string\"}}],\"inLanguage\":\"eu-ES\"},{\"@type\":\"Organization\",\"@id\":\"https:\\\/\\\/clece.es\\\/es\\\/#organization\",\"name\":\"Grupo Clece\",\"url\":\"https:\\\/\\\/clece.es\\\/es\\\/\",\"logo\":{\"@type\":\"ImageObject\",\"inLanguage\":\"eu-ES\",\"@id\":\"https:\\\/\\\/clece.es\\\/es\\\/#\\\/schema\\\/logo\\\/image\\\/\",\"url\":\"https:\\\/\\\/sitio2.utopiasl.eu\\\/wp-content\\\/uploads\\\/2024\\\/10\\\/Logotipos_filiales_Clece_logotipo.png\",\"contentUrl\":\"https:\\\/\\\/sitio2.utopiasl.eu\\\/wp-content\\\/uploads\\\/2024\\\/10\\\/Logotipos_filiales_Clece_logotipo.png\",\"width\":5000,\"height\":5000,\"caption\":\"Grupo Clece\"},\"image\":{\"@id\":\"https:\\\/\\\/clece.es\\\/es\\\/#\\\/schema\\\/logo\\\/image\\\/\"},\"sameAs\":[\"https:\\\/\\\/www.facebook.com\\\/CleceSociedadAnonima\\\/\",\"https:\\\/\\\/x.com\\\/Clece_\",\"https:\\\/\\\/www.linkedin.com\\\/company\\\/clece-sa\\\/\"]},{\"@type\":\"Person\",\"@id\":\"https:\\\/\\\/clece.es\\\/es\\\/#\\\/schema\\\/person\\\/d2e0cbcc4c37c86ab7c1ee12dd9ca013\",\"name\":\"Manuel Quintana\",\"image\":{\"@type\":\"ImageObject\",\"inLanguage\":\"eu-ES\",\"@id\":\"https:\\\/\\\/secure.gravatar.com\\\/avatar\\\/ef55aed519439bb51078cd519542b9e82b3317a78b489372d5725085de18c6c2?s=96&d=mm&r=g\",\"url\":\"https:\\\/\\\/secure.gravatar.com\\\/avatar\\\/ef55aed519439bb51078cd519542b9e82b3317a78b489372d5725085de18c6c2?s=96&d=mm&r=g\",\"contentUrl\":\"https:\\\/\\\/secure.gravatar.com\\\/avatar\\\/ef55aed519439bb51078cd519542b9e82b3317a78b489372d5725085de18c6c2?s=96&d=mm&r=g\",\"caption\":\"Manuel Quintana\"},\"url\":\"https:\\\/\\\/clece.es\\\/eu\\\/author\\\/manuelq\\\/\"}]}<\/script>\n<!-- \/ Yoast SEO plugin. -->","yoast_head_json":{"title":"Clece-k entitateak eta hedabideak saritu ditu, genero-indarkeriaren kontra hartutako konpromisoagatik - Clece","robots":{"index":"index","follow":"follow","max-snippet":"max-snippet:-1","max-image-preview":"max-image-preview:large","max-video-preview":"max-video-preview:-1"},"canonical":"https:\/\/clece.es\/eu\/2018\/11\/30\/clece-k-entitateak-eta-hedabideak-saritu-ditu-genero-indarkeriaren-kontra-hartutako-konpromisoagatik\/","og_locale":"eu_ES","og_type":"article","og_title":"Clece-k entitateak eta hedabideak saritu ditu, genero-indarkeriaren kontra hartutako konpromisoagatik - Clece","og_description":"Clece-ren proiektu soziala den Clece Social-ek Konpromiso Sariak banatzeko ekitaldia egin du azaroaren 20an. Laugarren edizio horretan, ezagutza egin zaie hainbat entitateri, hedabideri eta pertsona ezaguni, genero-indarkeriaren kontrako borrokan hartutako konpromisoagatik. Genero-indarkeriaren biktima diren emakumeekin lotuta, irabazi-asmorik gabeko zenbait entitatek euren proiektuak aurkeztu zituzten Proiektu Sozial Onenaren kategorian. Horietatik, sari bana eraman dute Santa Mar\u00eda [&hellip;]","og_url":"https:\/\/clece.es\/eu\/2018\/11\/30\/clece-k-entitateak-eta-hedabideak-saritu-ditu-genero-indarkeriaren-kontra-hartutako-konpromisoagatik\/","og_site_name":"Clece","article_publisher":"https:\/\/www.facebook.com\/CleceSociedadAnonima\/","article_published_time":"2018-11-30T11:10:51+00:00","article_modified_time":"2024-10-01T08:19:06+00:00","author":"Manuel Quintana","twitter_card":"summary_large_image","twitter_creator":"@Clece_","twitter_site":"@Clece_","twitter_misc":{"Written by":"Manuel Quintana","Est. reading time":"3 minutes"},"schema":{"@context":"https:\/\/schema.org","@graph":[{"@type":"Article","@id":"https:\/\/clece.es\/eu\/2018\/11\/30\/clece-k-entitateak-eta-hedabideak-saritu-ditu-genero-indarkeriaren-kontra-hartutako-konpromisoagatik\/#article","isPartOf":{"@id":"https:\/\/clece.es\/eu\/2018\/11\/30\/clece-k-entitateak-eta-hedabideak-saritu-ditu-genero-indarkeriaren-kontra-hartutako-konpromisoagatik\/"},"author":{"name":"Manuel Quintana","@id":"https:\/\/clece.es\/es\/#\/schema\/person\/d2e0cbcc4c37c86ab7c1ee12dd9ca013"},"headline":"Clece-k entitateak eta hedabideak saritu ditu, genero-indarkeriaren kontra hartutako konpromisoagatik","datePublished":"2018-11-30T11:10:51+00:00","dateModified":"2024-10-01T08:19:06+00:00","mainEntityOfPage":{"@id":"https:\/\/clece.es\/eu\/2018\/11\/30\/clece-k-entitateak-eta-hedabideak-saritu-ditu-genero-indarkeriaren-kontra-hartutako-konpromisoagatik\/"},"wordCount":684,"publisher":{"@id":"https:\/\/clece.es\/es\/#organization"},"articleSection":["Albisteak"],"inLanguage":"eu-ES"},{"@type":"WebPage","@id":"https:\/\/clece.es\/eu\/2018\/11\/30\/clece-k-entitateak-eta-hedabideak-saritu-ditu-genero-indarkeriaren-kontra-hartutako-konpromisoagatik\/","url":"https:\/\/clece.es\/eu\/2018\/11\/30\/clece-k-entitateak-eta-hedabideak-saritu-ditu-genero-indarkeriaren-kontra-hartutako-konpromisoagatik\/","name":"Clece-k entitateak eta hedabideak saritu ditu, genero-indarkeriaren kontra hartutako konpromisoagatik - Clece","isPartOf":{"@id":"https:\/\/clece.es\/es\/#website"},"datePublished":"2018-11-30T11:10:51+00:00","dateModified":"2024-10-01T08:19:06+00:00","breadcrumb":{"@id":"https:\/\/clece.es\/eu\/2018\/11\/30\/clece-k-entitateak-eta-hedabideak-saritu-ditu-genero-indarkeriaren-kontra-hartutako-konpromisoagatik\/#breadcrumb"},"inLanguage":"eu-ES","potentialAction":[{"@type":"ReadAction","target":["https:\/\/clece.es\/eu\/2018\/11\/30\/clece-k-entitateak-eta-hedabideak-saritu-ditu-genero-indarkeriaren-kontra-hartutako-konpromisoagatik\/"]}]},{"@type":"BreadcrumbList","@id":"https:\/\/clece.es\/eu\/2018\/11\/30\/clece-k-entitateak-eta-hedabideak-saritu-ditu-genero-indarkeriaren-kontra-hartutako-konpromisoagatik\/#breadcrumb","itemListElement":[{"@type":"ListItem","position":1,"name":"Portada","item":"https:\/\/clece.es\/es\/"},{"@type":"ListItem","position":2,"name":"Clece-k entitateak eta hedabideak saritu ditu, genero-indarkeriaren kontra hartutako konpromisoagatik"}]},{"@type":"WebSite","@id":"https:\/\/clece.es\/es\/#website","url":"https:\/\/clece.es\/es\/","name":"Clece","description":"","publisher":{"@id":"https:\/\/clece.es\/es\/#organization"},"potentialAction":[{"@type":"SearchAction","target":{"@type":"EntryPoint","urlTemplate":"https:\/\/clece.es\/es\/?s={search_term_string}"},"query-input":{"@type":"PropertyValueSpecification","valueRequired":true,"valueName":"search_term_string"}}],"inLanguage":"eu-ES"},{"@type":"Organization","@id":"https:\/\/clece.es\/es\/#organization","name":"Grupo Clece","url":"https:\/\/clece.es\/es\/","logo":{"@type":"ImageObject","inLanguage":"eu-ES","@id":"https:\/\/clece.es\/es\/#\/schema\/logo\/image\/","url":"https:\/\/sitio2.utopiasl.eu\/wp-content\/uploads\/2024\/10\/Logotipos_filiales_Clece_logotipo.png","contentUrl":"https:\/\/sitio2.utopiasl.eu\/wp-content\/uploads\/2024\/10\/Logotipos_filiales_Clece_logotipo.png","width":5000,"height":5000,"caption":"Grupo Clece"},"image":{"@id":"https:\/\/clece.es\/es\/#\/schema\/logo\/image\/"},"sameAs":["https:\/\/www.facebook.com\/CleceSociedadAnonima\/","https:\/\/x.com\/Clece_","https:\/\/www.linkedin.com\/company\/clece-sa\/"]},{"@type":"Person","@id":"https:\/\/clece.es\/es\/#\/schema\/person\/d2e0cbcc4c37c86ab7c1ee12dd9ca013","name":"Manuel Quintana","image":{"@type":"ImageObject","inLanguage":"eu-ES","@id":"https:\/\/secure.gravatar.com\/avatar\/ef55aed519439bb51078cd519542b9e82b3317a78b489372d5725085de18c6c2?s=96&d=mm&r=g","url":"https:\/\/secure.gravatar.com\/avatar\/ef55aed519439bb51078cd519542b9e82b3317a78b489372d5725085de18c6c2?s=96&d=mm&r=g","contentUrl":"https:\/\/secure.gravatar.com\/avatar\/ef55aed519439bb51078cd519542b9e82b3317a78b489372d5725085de18c6c2?s=96&d=mm&r=g","caption":"Manuel Quintana"},"url":"https:\/\/clece.es\/eu\/author\/manuelq\/"}]}},"_links":{"self":[{"href":"https:\/\/clece.es\/eu\/wp-json\/wp\/v2\/posts\/5318","targetHints":{"allow":["GET"]}}],"collection":[{"href":"https:\/\/clece.es\/eu\/wp-json\/wp\/v2\/posts"}],"about":[{"href":"https:\/\/clece.es\/eu\/wp-json\/wp\/v2\/types\/post"}],"author":[{"embeddable":true,"href":"https:\/\/clece.es\/eu\/wp-json\/wp\/v2\/users\/2"}],"replies":[{"embeddable":true,"href":"https:\/\/clece.es\/eu\/wp-json\/wp\/v2\/comments?post=5318"}],"version-history":[{"count":1,"href":"https:\/\/clece.es\/eu\/wp-json\/wp\/v2\/posts\/5318\/revisions"}],"predecessor-version":[{"id":5319,"href":"https:\/\/clece.es\/eu\/wp-json\/wp\/v2\/posts\/5318\/revisions\/5319"}],"wp:attachment":[{"href":"https:\/\/clece.es\/eu\/wp-json\/wp\/v2\/media?parent=5318"}],"wp:term":[{"taxonomy":"category","embeddable":true,"href":"https:\/\/clece.es\/eu\/wp-json\/wp\/v2\/categories?post=5318"},{"taxonomy":"post_tag","embeddable":true,"href":"https:\/\/clece.es\/eu\/wp-json\/wp\/v2\/tags?post=5318"}],"curies":[{"name":"wp","href":"https:\/\/api.w.org\/{rel}","templated":true}]}}